{"id":8226,"date":"2013-03-31T08:11:08","date_gmt":"2013-03-31T07:11:08","guid":{"rendered":"http:\/\/alternatifs81.fr\/?p=8226"},"modified":"2013-04-12T12:54:50","modified_gmt":"2013-04-12T11:54:50","slug":"tunis-un-forum-dynamique-et-chaleureux","status":"publish","type":"post","link":"https:\/\/alternatifs81.fr\/?p=8226","title":{"rendered":"Tunis : un Forum dynamique et chaleureux"},"content":{"rendered":"<h3><a href=\"http:\/\/fsm2013.wordpress.com\/\" target=\"_blank\">http:\/\/fsm2013.wordpress.com\/<\/a><\/h3>\n<h2><span style=\"color: #808000; text-decoration: underline;\"><a title=\"Permalien vers Tunis : un Forum dynamique et chaleureux\" href=\"http:\/\/fsm2013.wordpress.com\/2013\/03\/30\/tunis-un-forum-dynamique-et-chaleureux\/\" rel=\"bookmark\"><span style=\"color: #808000; text-decoration: underline;\">Tunis : un Forum dynamique et chaleureux<\/span><\/a><\/span><\/h2>\n<div>\n<h3 style=\"text-align: justify;\"><img loading=\"lazy\" decoding=\"async\" class=\"alignleft  wp-image-8229\" style=\"margin: 14px 12px;\" alt=\"enetefsm\" src=\"http:\/\/alternatifs81.fr\/wp-content\/uploads\/enetefsm.jpg\" width=\"384\" height=\"104\" srcset=\"https:\/\/alternatifs81.fr\/wp-content\/uploads\/enetefsm.jpg 1000w, https:\/\/alternatifs81.fr\/wp-content\/uploads\/enetefsm-300x81.jpg 300w\" sizes=\"auto, (max-width: 384px) 100vw, 384px\" \/>Le Forum Social Mondial de Tunis a \u00e9t\u00e9 marqu\u00e9 par une participation extr\u00eamement nombreuse de militantes et de militants venant des quatre coins du monde. Ce sont plus de 60000 personnes qui se sont crois\u00e9es, ont discut\u00e9 et particip\u00e9 \u00e0 de nombreux d\u00e9bats formels et informels. L\u2019organisation a \u00e9t\u00e9 des plus performantes compte tenu des difficult\u00e9s inh\u00e9rentes \u00e0 ce type de manifestation de masse.<\/h3>\n<h3 style=\"text-align: justify;\">Mais le plus enthousiasmant a \u00e9t\u00e9 sans doute l\u2019atmosph\u00e8re chaleureuse, sympathique et bienveillante qui r\u00e9gnait parmi les participant-e-s. Dans les trav\u00e9es du vaste campus El Manar, \u00e9tait install\u00e9 un grand nombre de stands d\u2019organisations les plus diverses sans compter quelques installations \u00ab clandestines \u00bb. Les espaces de restauration \u00e9taient pris d\u2019assaut et ont permis beaucoup d\u2019\u00e9changes dans la bonne humeur. Les trois jours du Forum ont \u00e9t\u00e9 marqu\u00e9s par de nombreuses animations<!--more--> culturelles et musicales ainsi que par des manifestations. Et le soir, des concerts se d\u00e9roulaient sur le campus comme en plein c\u0153ur de Tunis.<\/h3>\n<h3 style=\"text-align: justify;\">La ville de Tunis \u00e9tait orn\u00e9e de pancartes souhaitant la bienvenue dans toutes les langues aux altermondialistes et le centre ville anim\u00e9 par une ambiance festive. Enfin, la population tunisienne, dans l\u2019ambiance cr\u00e9\u00e9e par la r\u00e9volution, \u00e9tait avide de discussions sur le FSM et l\u2019avenir de la Tunisie.<\/h3>\n<p><span style=\"color: #0000ff;\"><em><strong>Henri Merm\u00e9 et Arthur Leduc<\/strong><\/em><\/span><\/p>\n<h2 style=\"text-align: justify;\"><span style=\"color: #808000;\"><strong>LIBYE : UNE SITUATION EN COURS D\u2019AM\u00c9LIORATION<\/strong><\/span><\/h2>\n<h3 style=\"text-align: justify;\">Pour la premi\u00e8re fois, une d\u00e9l\u00e9gation associative libyenne participait \u00e0 un FSM. Compos\u00e9e de 10 femmes et 8 hommes, elle a organis\u00e9 plusieurs ateliers. Dans les deux ateliers auxquels j\u2019ai particip\u00e9, la volont\u00e9 d\u2019ouverture \u00e0 l\u2019autre s\u2019est manifest\u00e9e de mani\u00e8re tr\u00e8s claire : apr\u00e8s 42 ann\u00e9es de dictature et une guerre civile, les Libyens ont envie de contacts et d\u2019informer sur la situation dans leur pays.<\/h3>\n<h3 style=\"text-align: justify;\">Le processus r\u00e9volutionnaire libyen n\u2019est pas termin\u00e9 : une assembl\u00e9e (le Congr\u00e8s g\u00e9n\u00e9ral libyen) a bien \u00e9t\u00e9 \u00e9lue en 2012. La question de la constitution reste pendante ; elle doit \u00eatre r\u00e9dig\u00e9e par une commission particuli\u00e8re qui, \u00e0 l\u2019origine, devait comprendre 60 membres (repr\u00e9sentant \u00e0 parit\u00e9 chacune des trois provinces libyennes : Tripolitaine, Cyr\u00e9na\u00efque et Fezzan), mais les d\u00e9bats pour sa composition restent vifs, ainsi qu\u2019en t\u00e9moignent le fait qu\u2019elle ne soit toujours pas form\u00e9e et que le nombre de ses membres devrait \u00eatre port\u00e9 \u00e0 80. La p\u00e9riode de transition risque donc de devoir durer de nombreux mois.<\/h3>\n<h3 style=\"text-align: justify;\">La question s\u00e9curitaire, 1 an \u00bd apr\u00e8s le lynchage de Mohamed Kadhafi, est loin d\u2019\u00eatre r\u00e9gl\u00e9e : si certaines milices ont \u00e9t\u00e9 int\u00e9gr\u00e9es \u00e0 l\u2019arm\u00e9e ou \u00e0 la police et si certains miliciens ont accept\u00e9 d\u2019\u00eatre d\u00e9sarm\u00e9s pour pouvoir int\u00e9grer la fonction publique, d\u2019autres continuent leur activit\u00e9 sans tenir compte du pouvoir central, voire le d\u00e9fient. Les fractures de la soci\u00e9t\u00e9 libyenne restent importantes ainsi qu\u2019en t\u00e9moigne le cas de Tawargha , petite ville au sud de Misratah, dont les habitants ont \u00e9t\u00e9 chass\u00e9s par les milices de Misratah pour avoir collabor\u00e9 avec Mouamar Kadhafi et ne peuvent pas rentrer dans leur ville pour la reconstruire. Or, il y va de la responsabilit\u00e9 du gouvernement libyen de permettre ce retour de la population de Tawargha de rentrer dans sa ville.<\/h3>\n<h3 style=\"text-align: justify;\">La justice est d\u00e9faillante. Le syst\u00e8me judiciaire kadhafien n\u2019existe plus et, pour l\u2019instant, aucune justice transitionnelle n\u2019a \u00e9t\u00e9 mise en place. Les arrestations arbitraires ont \u00e9t\u00e9 particuli\u00e8rement nombreuses depuis la chute de Kadhafi, souvent suivies de tortures et parfois d\u2019ex\u00e9cutions sommaires. De nombreuses milices disposaient, et disposent parfois encore, de centres d\u2019interrogatoires et d\u2019emprisonnement o\u00f9 le respect des droits de l\u2019homme n\u2019est qu\u2019une question tr\u00e8s secondaire. Aujourd\u2019hui, une partie de ces centres est sous le contr\u00f4le \u2013 direct ou indirect \u2013 du gouvernement, ce qui a entrain\u00e9 une baisse des exactions, mais la possibilit\u00e9 de sanctionner les miliciens responsables \u2013 qui bien souvent ne sont pas identifi\u00e9s \u2013 reste aujourd\u2019hui tout \u00e0 fait th\u00e9orique. Le gouvernement libyen s\u2019est engag\u00e9 \u00e0 respecter les droits de l\u2019homme, mais la culture des droits de l\u2019homme n\u2019existe pas en Libye et le pouvoir du gouvernement central reste limit\u00e9 : on peut craindre que cette d\u00e9claration ne reste qu\u2019un v\u0153u pieux tant que le gouvernement libyen ne contr\u00f4lera pas mieux son immense territoire et n\u2019aura pas r\u00e9gl\u00e9 la question des milices.<\/h3>\n<h3 style=\"text-align: justify;\">La place des femmes dans la soci\u00e9t\u00e9 libyenne est en question. Certes, elles ont 33 \u00e9lues au congr\u00e8s, mais elles ont \u00e9t\u00e9 \u00e9lues parmi les 80 d\u00e9put\u00e9s au scrutin de liste o\u00f9 la parit\u00e9 \u00e9tait obligatoire ; certes, elles ont eu quelques pr\u00e9sidences de commission au congr\u00e8s, mais certains d\u00e9put\u00e9s contestent leur pr\u00e9sence, voire s\u2019absentent quand elles prennent la parole\u2026 Cette attitude a men\u00e9 \u00e0 des protestations dans la rue. Au plan \u00e9conomique, il y a des femmes d\u2019affaires, des ing\u00e9nieures, des avocates, des architectes, des commer\u00e7antes\u2026 mais elles sont peu nombreuses et parfois mal accept\u00e9es : c\u2019est ainsi que dans le domaine des affaires, il existe un \u00ab conseil des hommes d\u2019affaires \u00bb o\u00f9 ces messieurs tol\u00e8rent la pr\u00e9sence de quelques femmes. L\u2019espoir pour les femmes libyennes semble \u00eatre la soci\u00e9t\u00e9 civile o\u00f9 elles sont actives dans de nombreuses associations. Mais les femmes libyennes pr\u00e9sentes au FSM ont soulign\u00e9 la mentalit\u00e9 r\u00e9trograde de l\u2019homme libyen, mentalit\u00e9 qui ne serait pas li\u00e9e \u00e0 la religion. Ainsi, le chemin de l\u2019\u00e9mancipation pour les femmes libyennes semble encore long.<\/h3>\n<p><span style=\"color: #0000ff;\"><strong><em>Jacques Fontaine<\/em><\/strong><\/span><\/p>\n<div id=\"jp-post-flair\"><\/div>\n<\/div>\n<article id=\"post-95\">\n<header>\n<h2><span style=\"color: #808000;\"><a title=\"Permalien vers Assembl\u00e9e des mouvements sociaux\" href=\"http:\/\/fsm2013.wordpress.com\/2013\/03\/30\/assemblee-des-mouvements-sociaux\/\" rel=\"bookmark\"><span style=\"color: #808000;\">Assembl\u00e9e des mouvements sociaux<\/span><\/a><\/span><\/h2>\n<\/header>\n<p style=\"text-align: justify;\"><!-- .entry-header --><\/p>\n<div>\n<h3 style=\"text-align: justify;\">De nombreuses organisations \u00e9taient repr\u00e9sent\u00e9es \u00e0 l\u2019Assembl\u00e9e des mouvements sociaux dans une chaude ambiance militante et festive.<\/h3>\n<h3 style=\"text-align: justify;\">Fathi Chamkhi est intervenu au nom des mouvements tunisiens pour indiquer qu\u2019apr\u00e8s deux ans de r\u00e9volution, la Tunisie r\u00e9sistait toujours et qu\u2019elle avait ouvert une br\u00e8che dans le capitalisme mondial<\/h3>\n<h3 style=\"text-align: justify;\">La pr\u00e9sidente du mouvement de l\u2019Association tunisienne des femmes d\u00e9mocrates, Ahlem Beladj, a d\u00e9clar\u00e9 qu\u2019il n\u2019y avait pas de r\u00e9volution sans f\u00e9minisme. Josie Riffaud de Via Campesina a \u00e9galement soulign\u00e9 que le monde rural et les femmes \u00e9taient les premi\u00e8res victimes du capitalisme. La camarade tunisienne qui animait l\u2019assembl\u00e9e et repr\u00e9sentait la marche mondiale des femmes est all\u00e9e dans le m\u00eame sens.<\/h3>\n<h3 style=\"text-align: justify;\">La jeunesse tunisienne et altermondialiste \u00e9tait fortement repr\u00e9sent\u00e9e. L\u2019assembl\u00e9e s\u2019est termin\u00e9e dans un joyeux concert de chants et slogans anti-imp\u00e9rialistes.<\/h3>\n<p><span style=\"color: #0000ff;\"><em><strong>Philippe Gasser et Bernard Macret<\/strong><\/em><\/span><\/p>\n<\/div>\n<\/article>\n<gcse:search><\/gcse:search>","protected":false},"excerpt":{"rendered":"<p>http:\/\/fsm2013.wordpress.com\/ Tunis : un Forum dynamique et chaleureux Le Forum Social Mondial de Tunis a \u00e9t\u00e9 marqu\u00e9 par une participation extr\u00eamement nombreuse de militantes et de militants venant des quatre coins du monde. Ce sont plus de 60000 personnes qui se sont crois\u00e9es, ont discut\u00e9 et particip\u00e9 \u00e0 de nombreux d\u00e9bats formels et informels. L\u2019organisation [&hellip;]<\/p>\n","protected":false},"author":1,"featured_media":0,"comment_status":"open","ping_status":"closed","sticky":false,"template":"","format":"standard","meta":{"footnotes":""},"categories":[147,21,217],"tags":[34,103,301,58],"class_list":["post-8226","post","type-post","status-publish","format-standard","hentry","category-international","category-les-alters-dans-les-luttes","category-libertes","tag-alternatifs","tag-demarche-citoyenne","tag-forum-social-mondial","tag-tunisie"],"_links":{"self":[{"href":"https:\/\/alternatifs81.fr\/index.php?rest_route=\/wp\/v2\/posts\/8226","targetHints":{"allow":["GET"]}}],"collection":[{"href":"https:\/\/alternatifs81.fr\/index.php?rest_route=\/wp\/v2\/posts"}],"about":[{"href":"https:\/\/alternatifs81.fr\/index.php?rest_route=\/wp\/v2\/types\/post"}],"author":[{"embeddable":true,"href":"https:\/\/alternatifs81.fr\/index.php?rest_route=\/wp\/v2\/users\/1"}],"replies":[{"embeddable":true,"href":"https:\/\/alternatifs81.fr\/index.php?rest_route=%2Fwp%2Fv2%2Fcomments&post=8226"}],"version-history":[{"count":0,"href":"https:\/\/alternatifs81.fr\/index.php?rest_route=\/wp\/v2\/posts\/8226\/revisions"}],"wp:attachment":[{"href":"https:\/\/alternatifs81.fr\/index.php?rest_route=%2Fwp%2Fv2%2Fmedia&parent=8226"}],"wp:term":[{"taxonomy":"category","embeddable":true,"href":"https:\/\/alternatifs81.fr\/index.php?rest_route=%2Fwp%2Fv2%2Fcategories&post=8226"},{"taxonomy":"post_tag","embeddable":true,"href":"https:\/\/alternatifs81.fr\/index.php?rest_route=%2Fwp%2Fv2%2Ftags&post=8226"}],"curies":[{"name":"wp","href":"https:\/\/api.w.org\/{rel}","templated":true}]}}