{"id":8201,"date":"2013-03-29T10:50:20","date_gmt":"2013-03-29T09:50:20","guid":{"rendered":"http:\/\/alternatifs81.fr\/?p=8201"},"modified":"2013-04-12T12:56:54","modified_gmt":"2013-04-12T11:56:54","slug":"fsm-billets-du-28-mars","status":"publish","type":"post","link":"https:\/\/alternatifs81.fr\/?p=8201","title":{"rendered":"FSM : Billets du 28 mars"},"content":{"rendered":"<h3><b><a href=\"http:\/\/fsm2013.wordpress.com\/\">http:\/\/fsm2013.wordpress.com\/<\/a><\/b><\/h3>\n<h2><span style=\"color: #808000;\"><strong>Le proc\u00e8s du doyen Kazdaghli \u00e0 nouveau report\u00e9<\/strong><\/span><\/h2>\n<div>\n<h3 style=\"text-align: justify;\"><img loading=\"lazy\" decoding=\"async\" class=\"alignleft  wp-image-8204\" style=\"margin: 12px;\" alt=\"libertesuniversitaires\" src=\"http:\/\/alternatifs81.fr\/wp-content\/uploads\/libertesuniversitaires.jpg\" width=\"240\" height=\"180\" \/>A l\u2019automne 2011, des salafistes tunisois ont occup\u00e9 pendant un mois la facult\u00e9 de la Manouba pour demander un lieu de pri\u00e8re interne \u00e0 la facult\u00e9 et l\u2019autorisation de porter le niqab pour les \u00e9tudiantes pendant les cours et les examens. Ces deux propositions, conform\u00e9ment \u00e0 la loi tunisienne, ont \u00e9t\u00e9 rejet\u00e9es par le conseil scientifique de la Manouba, comme elles ont \u00e9t\u00e9 refus\u00e9es par les autres universit\u00e9s. En mars 2012, les salafistes ont remis la pression en brulant un drapeau tunisien dans la facult\u00e9 et en le rempla\u00e7ant par leur drapeau noir. Quelques jours plus tard, deux \u00e9tudiantes en niqab sont entr\u00e9es dans le bureau du doyen Kazdaghli et ont commenc\u00e9 \u00e0 le mettre \u00e0 sac tandis que leurs complices jetaient des cailloux, brisant les vitres du bureau. Le doyen a port\u00e9 plainte contre les deux \u00e9tudiantes qui, \u00e0 leur tour, ont port\u00e9 plainte<!--more--> pour une pr\u00e9tendue gifle et ont produit un faux certificat m\u00e9dical.<\/h3>\n<h3 style=\"text-align: justify;\">Lors d\u2019une premi\u00e8re audience, la plainte des \u00e9tudiantes -pour laquelle Habib Kazdaghli ne risquait qu\u2019une peine l\u00e9g\u00e8re- a \u00e9t\u00e9 requalifi\u00e9e \u00e0 la demande du parquet (sur ordre du minist\u00e8re et du pouvoir nahdiste) ; d\u00e9sormais Habib Kazdaghli risque 5 ans de prison pour une gifle qu\u2019il n\u2019a pas donn\u00e9e. Le proc\u00e8s a \u00e9t\u00e9 repouss\u00e9 plusieurs fois. Habib Kazdaghli a particip\u00e9 \u00e0 l\u2019universit\u00e9 d\u2019\u00e9t\u00e9 des Alternatifs \u00e0 M\u00e9audre en ao\u00fbt dernier. Les enjeux de ce proc\u00e8s sont centraux dans la situation politique de la Tunisie actuelle, aussi bien pour l\u2019universit\u00e9 que la justice :<\/h3>\n<ul style=\"text-align: justify;\">\n<li>\n<h3>La libert\u00e9 d\u2019enseigner sans pression politique, id\u00e9ologique ou religieuse : il n\u2019est pas acceptable qu\u2019un courant politique, r\u00e9trograde et antiscientifique de plus, impose son id\u00e9ologie aux universit\u00e9s,<\/h3>\n<\/li>\n<li>\n<h3>La libert\u00e9 de la justice : le cordon soumettant les magistrats \u00e0 la hi\u00e9rarchie gouvernementale h\u00e9rit\u00e9 de Ben Ali doit \u00eatre d\u00e9finitivement coup\u00e9.<\/h3>\n<\/li>\n<\/ul>\n<h3 style=\"text-align: justify;\">Hier, 27 mars, une conf\u00e9rence de presse a \u00e9t\u00e9 donn\u00e9e dans le cadre du FSM. Les Alternatifs y ont apport\u00e9 leur soutien au doyen. Aujourd\u2019hui, 28 mars, une d\u00e9l\u00e9gation \u00e9tait pr\u00e9sente \u00e0 la manifestation devant le tribunal de la Manouba et nous avons appris que, suite \u00e0 la gr\u00e8ve des magistrats qui demandent la fin de la tutelle du pouvoir sur la justice, le proc\u00e8s a \u00e9t\u00e9 report\u00e9 au 4 avril.<\/h3>\n<h3 style=\"text-align: justify;\"><span style=\"color: #0000ff;\">Jacques Fontaine<\/span><\/h3>\n<p><strong><span style=\"color: #808000;\">Les Grands travaux inutiles, impos\u00e9s et nuisibles au Magreb.<\/span> <\/strong><\/p>\n<h3><strong>NON au TGV Tanger Rabat Casablanca<\/strong><\/h3>\n<h3 style=\"text-align: justify;\">Le Maroc consacre aujourd\u2019hui une part importante de ses ressources financi\u00e8res \u00e0 une entreprise dont le b\u00e9n\u00e9fice est pour le moins discutable pour les populations. Le co\u00fbt total du projet annonc\u00e9 repr\u00e9sente 25 milliards de Dirhams (un peu moins de 5 milliards d\u2019Euros) et ceci sans compter les d\u00e9ficits pr\u00e9visibles d\u2019exploitation et les \u00e9ventuels surco\u00fbts des travaux une fois le projet arriv\u00e9 \u00e0 son terme.<\/h3>\n<h3 style=\"text-align: justify;\">Pour se donner une id\u00e9e, cela repr\u00e9sente \u00e0 ce jour l\u2019\u00e9quivalent de la construction de 25 000 \u00e9coles en zone rurale ou 3 000 lyc\u00e9es en zone urbaine ou 25 grands centres universitaires hospitaliers totalement \u00e9quip\u00e9s d\u2019une capacit\u00e9 globale de 22 000 lits ou 16 000 kilom\u00e8tres de routes rurales.<\/h3>\n<h3 style=\"text-align: justify;\">Ces quelques exemples montrent la monstruosit\u00e9 de ce projet qui va entrainer l\u2019expulsion de plusieurs milliers de petits paysans exploitants des terres fertiles qui n\u2019auront pour seule solution que de partir ou vivre dans la mis\u00e8re dans les faubourgs des grandes villes.<\/h3>\n<h3 style=\"text-align: justify;\">Bien entendu, un tel projet est pris sans concertation ni d\u00e9bats publics avec les habitants. Il ne prend par ailleurs aucunement en compte ses cons\u00e9quences sur l\u2019environnement et les \u00e9cosyst\u00e8mes.<\/h3>\n<h3 style=\"text-align: justify;\">Ce projet est d\u2019autant plus aberrant qu\u2019il existe une voie ferr\u00e9e Tanger Rabat Casablanca qui pourrait \u00eatre modernis\u00e9e pour un co\u00fbt financier et environnemental bien moindre.<\/h3>\n<h3 style=\"text-align: justify;\">Une question se pose : \u00e0 qui profite le crime sinon aux gros investisseurs du BTP, au syst\u00e8me bancaire (y compris les banques fran\u00e7aises) et aux dirigeants du pouvoir marocain.<\/h3>\n<h3 style=\"text-align: justify;\">De multiples associations (Attac, Transparency, \u2026.) et des citoyens marocains se mobilisent depuis des mois contre ce projet n\u00e9faste et nuisible.<\/h3>\n<h3 style=\"text-align: justify;\"><span style=\"color: #0000ff;\">Roland M\u00e9rieux<\/span><\/h3>\n<p><strong><span style=\"color: #808000;\">Le Tribunal Russel pour la Palestine a rendu ses conclusions et les pr\u00e9sente au FSM de Tunis<\/span><\/strong><\/p>\n<h3 style=\"text-align: justify;\">Reprenant une initiative prise lors de la guerre du Vietnam pour \u00ab juger \u00bb \u2013 certes de fa\u00e7on symbolique mais en se basant sur les r\u00e8gles du droit international \u2013 les crimes commis par les Etats-Unis, un certain nombre de personnalit\u00e9s ont constitu\u00e9 un Tribunal Russel pour la Palestine (TPR). Ce TPR a tenu 4 sessions pr\u00e9alables (Barcelone mars 2010, Londres novembre 2010, Cap Town novembre 2011, New York novembre 2012) et a pr\u00e9sent\u00e9 ses conclusions et recommandations lors d\u2019une session finale qui s\u2019est tenue en mars 2013 \u00e0 Bruxelles. Le TPR va pr\u00e9senter le plus largement possible ses conclusions. Il a d\u00e9cid\u00e9 de mettre en avant les \u00e9l\u00e9ments suivants :<\/h3>\n<ul style=\"text-align: justify;\">\n<li>\n<h3>les violations particuli\u00e8res du droit international commises par Isra\u00ebl<\/h3>\n<\/li>\n<li>\n<h3>les principales caract\u00e9ristiques du r\u00e9gime isra\u00e9lien : apartheid et sociocide<\/h3>\n<\/li>\n<li>\n<h3>les responsabilit\u00e9s des \u00e9tats en particulier des USA qui assistent Isra\u00ebl dans ses violations du droit international<\/h3>\n<\/li>\n<li>\n<h3>la m\u00eame responsabilit\u00e9 des organisations internationales (ONU et UE)<\/h3>\n<\/li>\n<li>\n<h3>la responsabilit\u00e9 des entreprises priv\u00e9es qui assistent Isra\u00ebl dans ses violations du droit international<\/h3>\n<\/li>\n<\/ul>\n<h3 style=\"text-align: justify;\">Enfin le TPR propose un certain nombre d\u2019actions \u00e0 mettre en \u0153uvre tant en terme de soutien militant que sur le plan institutionnel et en particulier celles-ci :<\/h3>\n<ul>\n<li style=\"text-align: justify;\">\n<h3>il encourage le plus de personnes possible \u00e0 se rendre en Palestine pour voir de leurs propres yeux le quotidien des Palestiniens.<\/h3>\n<\/li>\n<li>\n<h3>il lance un appel international urgent \u00e0 tous les acteurs politiques et \u00e0 la soci\u00e9t\u00e9 civile pour qu\u2019ils fassent pression sur Isra\u00ebl afin que celui-ci mette un terme \u00e0 ses violations du droit international et pour qu\u2019ils fassent pression sur le secr\u00e9taire g\u00e9n\u00e9ral de l\u2019ONU afin que celui-ci utilise tous les moyens dont il dispose pour forcer Isra\u00ebl \u00e0 d\u00e9manteler son syst\u00e8me d\u2019apartheid qui s\u2019applique actuellement \u00e0 l\u2019ensemble du peuple palestinien.<\/h3>\n<\/li>\n<li>\n<h3>la Palestine est \u00e0 pr\u00e9sent en mesure de signer et de ratifier le statut de la cour p\u00e9nal internationale et doit donc devenir un membre \u00e0 part enti\u00e8re de celle-ci.<\/h3>\n<\/li>\n<li>\n<h3>en tout \u00e9tat de cause le TPR demande au procureur de la CPI de se d\u00e9clarer comp\u00e9tent pour la Palestine.<\/h3>\n<\/li>\n<li>\n<h3>de fa\u00e7on similaire le TPR appui les appels lanc\u00e9s par la soci\u00e9t\u00e9 civile palestinienne pour que la Palestine ratifie les autres conventions internationales.<\/h3>\n<\/li>\n<li>\n<h3>l\u2019Assembl\u00e9e g\u00e9n\u00e9rale de l\u2019ONU devrait r\u00e9instaurer le comit\u00e9 sp\u00e9cial contre l\u2019apartheid de l\u2019ONU et devrait convoquer une session extraordinaire pour examiner la question de l\u2019apartheid \u00e0 l\u2019encontre du peuple palestinien.<\/h3>\n<\/li>\n<li>\n<h3>il demande aux organes concern\u00e9s de l\u2019UE de mettre en \u0153uvre la r\u00e9solution du parlement europ\u00e9en exigeant la suspension de l\u2019accord d\u2019association UE-Isra\u00ebl.<\/h3>\n<\/li>\n<li>\n<h3>il est demand\u00e9 \u00e0 l\u2019UE d\u2019interdire tout commerce avec les colonies de peuplement.<\/h3>\n<\/li>\n<li>\n<h3>les USA doivent mettre fin \u00e0 leur soutien accord\u00e9 \u00e0 Isra\u00ebl qui les rend directement complice d\u2019une tr\u00e8s vaste gamme de violations du droit international commises par Isra\u00ebl.<\/h3>\n<\/li>\n<li>\n<h3>le TPR se joint \u00e0 l\u2019appel lanc\u00e9 par le mouvement BDS pour le boycott d\u2019un certain nombre d\u2019entreprises.<\/h3>\n<\/li>\n<li>\n<h3>enfin le TPR demande de traiter la question des prisonniers palestiniens de toute urgence.<\/h3>\n<\/li>\n<\/ul>\n<h3><span style=\"color: #0000ff;\">Henri Merm\u00e9<\/span><\/h3>\n<\/div>\n<gcse:search><\/gcse:search>","protected":false},"excerpt":{"rendered":"<p>http:\/\/fsm2013.wordpress.com\/ Le proc\u00e8s du doyen Kazdaghli \u00e0 nouveau report\u00e9 A l\u2019automne 2011, des salafistes tunisois ont occup\u00e9 pendant un mois la facult\u00e9 de la Manouba pour demander un lieu de pri\u00e8re interne \u00e0 la facult\u00e9 et l\u2019autorisation de porter le niqab pour les \u00e9tudiantes pendant les cours et les examens. Ces deux propositions, conform\u00e9ment \u00e0 [&hellip;]<\/p>\n","protected":false},"author":1,"featured_media":0,"comment_status":"open","ping_status":"closed","sticky":false,"template":"","format":"standard","meta":{"footnotes":""},"categories":[124,149,126,147,1,246],"tags":[34,103,169,301,319,98,58],"class_list":["post-8201","post","type-post","status-publish","format-standard","hentry","category-education-2","category-feminisme","category-gauche-de-combat","category-international","category-non-classe","category-transition-energetique-2","tag-alternatifs","tag-demarche-citoyenne","tag-ecologie-2","tag-forum-social-mondial","tag-grands-travaux-inutiles","tag-palestine","tag-tunisie"],"_links":{"self":[{"href":"https:\/\/alternatifs81.fr\/index.php?rest_route=\/wp\/v2\/posts\/8201","targetHints":{"allow":["GET"]}}],"collection":[{"href":"https:\/\/alternatifs81.fr\/index.php?rest_route=\/wp\/v2\/posts"}],"about":[{"href":"https:\/\/alternatifs81.fr\/index.php?rest_route=\/wp\/v2\/types\/post"}],"author":[{"embeddable":true,"href":"https:\/\/alternatifs81.fr\/index.php?rest_route=\/wp\/v2\/users\/1"}],"replies":[{"embeddable":true,"href":"https:\/\/alternatifs81.fr\/index.php?rest_route=%2Fwp%2Fv2%2Fcomments&post=8201"}],"version-history":[{"count":0,"href":"https:\/\/alternatifs81.fr\/index.php?rest_route=\/wp\/v2\/posts\/8201\/revisions"}],"wp:attachment":[{"href":"https:\/\/alternatifs81.fr\/index.php?rest_route=%2Fwp%2Fv2%2Fmedia&parent=8201"}],"wp:term":[{"taxonomy":"category","embeddable":true,"href":"https:\/\/alternatifs81.fr\/index.php?rest_route=%2Fwp%2Fv2%2Fcategories&post=8201"},{"taxonomy":"post_tag","embeddable":true,"href":"https:\/\/alternatifs81.fr\/index.php?rest_route=%2Fwp%2Fv2%2Ftags&post=8201"}],"curies":[{"name":"wp","href":"https:\/\/api.w.org\/{rel}","templated":true}]}}