{"id":8089,"date":"2013-03-09T17:01:23","date_gmt":"2013-03-09T16:01:23","guid":{"rendered":"http:\/\/alternatifs81.fr\/?p=8089"},"modified":"2013-03-11T01:04:34","modified_gmt":"2013-03-11T00:04:34","slug":"nucleaire-en-sortir-tout-de-suite","status":"publish","type":"post","link":"https:\/\/alternatifs81.fr\/?p=8089","title":{"rendered":"NUCLEAIRE: EN SORTIR TOUT DE SUITE !"},"content":{"rendered":"<p><b>\u00a0<span style=\"color: #0000ff;\"><em>(Tract distribu\u00e9 le 9 mars, \u00ab\u00a0Chaine Humaine\u00a0\u00bb \u00e0 PARIS) <\/em><\/span><\/b><\/p>\n<h3 style=\"text-align: justify;\"><img loading=\"lazy\" decoding=\"async\" class=\"alignleft  wp-image-8063\" alt=\"Autocollant-antinucleaire\" src=\"http:\/\/alternatifs81.fr\/wp-content\/uploads\/Autocollant-antinucleaire.jpg\" width=\"248\" height=\"349\" srcset=\"https:\/\/alternatifs81.fr\/wp-content\/uploads\/Autocollant-antinucleaire.jpg 354w, https:\/\/alternatifs81.fr\/wp-content\/uploads\/Autocollant-antinucleaire-213x300.jpg 213w\" sizes=\"auto, (max-width: 248px) 100vw, 248px\" \/>Malgr\u00e9 Fukushima et Tchernobyl, aucune le\u00e7on n&rsquo;a \u00e9t\u00e9 tir\u00e9e par nos gouvernants sur l&rsquo;impasse mortelle que repr\u00e9sente le nucl\u00e9aire. Malgr\u00e9 de vagues promesses de campagne, Hollande et son gouvernement poursuivent la fuite en avant; comme si la boulimie d&rsquo;\u00e9nergie, de profits et de croissance illimit\u00e9e de quelques multinationales valait qu&rsquo;on sacrifie l&rsquo;avenir de peuples entiers!<\/h3>\n<p><span style=\"color: #008000;\"><b>LE NUCL\u00c9AIRE, UN CHOIX \u00c9COLOGIQUEMENT INSOUTENABLE<\/b><\/span><\/p>\n<h3 style=\"text-align: justify;\">Pr\u00e8s de 40 ans apr\u00e8s le premier programme \u00e9lectro-nucl\u00e9aire, les m\u00eames questions se posent: Dangerosit\u00e9 destechnologies employ\u00e9es, risques de diss\u00e9mination de mati\u00e8res radio-actives et hautement toxiques (plutonium), usage criminel qui peut en \u00eatre fait, font du nucl\u00e9aire un domaine o\u00f9 r\u00e8gnent centralisme et culte du secret. La fili\u00e8re nucl\u00e9aire est porteuse d\u2019un risque de d\u00e9rive polici\u00e8re qui menace toute la Soci\u00e9t\u00e9. <span style=\"color: #808000;\">Il n\u2019y a pas de nucl\u00e9aire d\u00e9mocratique<\/span>. L\u2019opacit\u00e9 reste la r\u00e8gle; les d\u00e9cisions sont prises sans r\u00e9el d\u00e9bat public, sans consultation de la population et sous l\u2019influence de la technocratie et des lobbies industriels capitalistes.<!--more--><\/h3>\n<p><span style=\"color: #008000;\"><b>LA LANCINANTE QUESTION DES DECHETS<\/b><\/span><\/p>\n<h3>Par centaines de milliers de tonnes, ils s\u2019accumulent et on ne sait toujours pas les rendre inoffensifs. Le pr\u00e9tendu \u201cretraitement\u201d est une escroquerie qui ne r\u00e9duit en rien ni le volume, ni la dangerosit\u00e9 des d\u00e9chets. Quant \u00e0 l\u2019enfouissement, c\u2019est \u201ccacher la poussi\u00e8re sous le tapis\u201d, l\u00e9guer un cadeau empoisonn\u00e9 et mortel aux g\u00e9n\u00e9rations futures. Parce qu\u2019il est irresponsable de tabler sur ce que pourrait faire la science dans un avenir incertain, <span style=\"color: #808000;\"><b>la <\/b><b>meilleure fa\u00e7on de g\u00e9rer les d\u00e9chets nucl\u00e9aires, c\u2019est de ne pas en produire!<\/b><\/span><\/h3>\n<p><span style=\"color: #008000;\"><b>UN CHOIX \u00c9CONOMIQUEMENT ET SOCIALEMENT INACCEPTABLE<\/b><\/span><\/p>\n<h3 style=\"text-align: justify;\">La fili\u00e8re nucl\u00e9aire absorbe des sommes colossales qui seraient mieux employ\u00e9es pour une v\u00e9ritable politique d\u2019\u00e9conomies d\u2019\u00e9nergie, de diversification des sources de production et de d\u00e9veloppement des \u00e9nergies renouvelables; une politique \u00e9nerg\u00e9tique qui privil\u00e9gie la d\u00e9concentration de la production, l\u2019\u00e9quilibre des territoires et l\u2019emploi local.<\/h3>\n<p><span style=\"color: #008000;\"><b>UN RISQUE ACCRU DE PROLIFERATION<\/b><\/span><\/p>\n<h3 style=\"text-align: justify;\">Aujourd&rsquo;hui comme hier, AREVA continue \u00e0 jouer les petits commissionnaires pour placer ses centrales partout dans le monde avec la b\u00e9n\u00e9diction du Gouvernement socialiste. S&rsquo;ent\u00eater dans l&rsquo;\u00e9nergie \u00e9lectro-nucl\u00e9aire, continuer la modernisation de la force de frappe (en violation du trait\u00e9 de non prolif\u00e9ration sign\u00e9 par la France) ou vendre ses centrales \u00e0 l\u2019\u00e9tranger, c\u2019est perdre toute cr\u00e9dibilit\u00e9 dans la lutte contre la prolif\u00e9ration de l\u2019arme atomique. C\u2019est encourager d\u2019autres Etats \u00e0 se doter de cette arme, car il n\u2019y a pas de fronti\u00e8re infranchissable entre nucl\u00e9aire civil et nucl\u00e9aire militaire.<\/h3>\n<h2><span style=\"color: #808000;\"><b>UNE DECISION IMMEDIATE DE SORTIE DU NUCLEAIRE S&rsquo;IMPOSE<\/b><\/span><\/h2>\n<p><span style=\"color: #008000;\"><b>Il y a urgence <\/b>:<\/span><\/p>\n<h3 style=\"text-align: justify;\">\ue00c \u00e0 impulser un d\u00e9bat d\u00e9mocratique sur la politique \u00e9nerg\u00e9tique avec comme objectif une sortie rapide du nucl\u00e9aire, civil ou militaire<\/h3>\n<h3 style=\"text-align: justify;\">\ue00c \u00e0 promouvoir un v\u00e9ritable programme d&rsquo;efficacit\u00e9 et de sobri\u00e9t\u00e9 \u00e9nerg\u00e9tique<\/h3>\n<h3 style=\"text-align: justify;\">\ue00c \u00e0 engager une reconversion \u00e9nerg\u00e9tique globale reposant sur les \u00e9conomies d&rsquo;\u00e9nergie, les recoursaux \u00e9nergies renouvelables, la relocalisation des productions<\/h3>\n<p><span style=\"color: #008000;\"><b>Il y a une extr\u00eame urgence \u00e0 arr\u00eater d\u00e9finitivement les 21 r\u00e9acteurs qui ont d\u00e9pass\u00e9 30 ans d&rsquo;\u00e2ge.<\/b><\/span><\/p>\n<h3>C&rsquo;est un objectif r\u00e9aliste pouvant rapidement \u00eatre mis en oeuvre, sans rupture dans la fourniture d &lsquo;\u00e9lectricit\u00e9, enutilisant des capacit\u00e9s de production conventionnelles existantes et aujourd&rsquo;hui sous-utilis\u00e9es<\/h3>\n<h2 style=\"text-align: center;\"><span style=\"color: #808000;\"><b>Ni civil, ni militaire; ni chez nous, ni ailleurs<\/b><\/span><\/h2>\n<gcse:search><\/gcse:search>","protected":false},"excerpt":{"rendered":"<p>\u00a0(Tract distribu\u00e9 le 9 mars, \u00ab\u00a0Chaine Humaine\u00a0\u00bb \u00e0 PARIS) Malgr\u00e9 Fukushima et Tchernobyl, aucune le\u00e7on n&rsquo;a \u00e9t\u00e9 tir\u00e9e par nos gouvernants sur l&rsquo;impasse mortelle que repr\u00e9sente le nucl\u00e9aire. Malgr\u00e9 de vagues promesses de campagne, Hollande et son gouvernement poursuivent la fuite en avant; comme si la boulimie d&rsquo;\u00e9nergie, de profits et de croissance illimit\u00e9e de [&hellip;]<\/p>\n","protected":false},"author":1,"featured_media":0,"comment_status":"open","ping_status":"closed","sticky":false,"template":"","format":"standard","meta":{"footnotes":""},"categories":[125,21,173,213,193,246],"tags":[34,43,103,117,169,31,230,402],"class_list":["post-8089","post","type-post","status-publish","format-standard","hentry","category-ecologie","category-les-alters-dans-les-luttes","category-no-pasaran","category-nucleaire-2","category-social","category-transition-energetique-2","tag-alternatifs","tag-appel","tag-demarche-citoyenne","tag-democratie","tag-ecologie-2","tag-nucleaire","tag-rouge-vert","tag-sante"],"_links":{"self":[{"href":"https:\/\/alternatifs81.fr\/index.php?rest_route=\/wp\/v2\/posts\/8089","targetHints":{"allow":["GET"]}}],"collection":[{"href":"https:\/\/alternatifs81.fr\/index.php?rest_route=\/wp\/v2\/posts"}],"about":[{"href":"https:\/\/alternatifs81.fr\/index.php?rest_route=\/wp\/v2\/types\/post"}],"author":[{"embeddable":true,"href":"https:\/\/alternatifs81.fr\/index.php?rest_route=\/wp\/v2\/users\/1"}],"replies":[{"embeddable":true,"href":"https:\/\/alternatifs81.fr\/index.php?rest_route=%2Fwp%2Fv2%2Fcomments&post=8089"}],"version-history":[{"count":0,"href":"https:\/\/alternatifs81.fr\/index.php?rest_route=\/wp\/v2\/posts\/8089\/revisions"}],"wp:attachment":[{"href":"https:\/\/alternatifs81.fr\/index.php?rest_route=%2Fwp%2Fv2%2Fmedia&parent=8089"}],"wp:term":[{"taxonomy":"category","embeddable":true,"href":"https:\/\/alternatifs81.fr\/index.php?rest_route=%2Fwp%2Fv2%2Fcategories&post=8089"},{"taxonomy":"post_tag","embeddable":true,"href":"https:\/\/alternatifs81.fr\/index.php?rest_route=%2Fwp%2Fv2%2Ftags&post=8089"}],"curies":[{"name":"wp","href":"https:\/\/api.w.org\/{rel}","templated":true}]}}