{"id":8073,"date":"2013-03-06T17:28:09","date_gmt":"2013-03-06T16:28:09","guid":{"rendered":"http:\/\/alternatifs81.fr\/?p=8073"},"modified":"2013-03-11T01:05:41","modified_gmt":"2013-03-11T00:05:41","slug":"nous-femmes-du-monde-nous-transformons-nos-chagrins-en-force","status":"publish","type":"post","link":"https:\/\/alternatifs81.fr\/?p=8073","title":{"rendered":"Nous, femmes du monde, nous transformons nos chagrins en force."},"content":{"rendered":"<div><b><span style=\"color: #808000;\">D\u00e9claration Internationale<\/span> <\/b><\/div>\n<div><span style=\"color: #008000;\"><em>Marche Mondiale des Femmes<\/em><\/span><\/div>\n<div>\u00a0<\/div>\n<h3 style=\"text-align: justify;\">\u00a0<img loading=\"lazy\" decoding=\"async\" class=\"alignleft  wp-image-7410\" style=\"margin: 12px;\" alt=\"1586696250_23874a8e27\" src=\"http:\/\/alternatifs81.fr\/wp-content\/uploads\/1586696250_23874a8e271.jpg\" width=\"240\" height=\"240\" srcset=\"https:\/\/alternatifs81.fr\/wp-content\/uploads\/1586696250_23874a8e271.jpg 500w, https:\/\/alternatifs81.fr\/wp-content\/uploads\/1586696250_23874a8e271-150x150.jpg 150w, https:\/\/alternatifs81.fr\/wp-content\/uploads\/1586696250_23874a8e271-300x300.jpg 300w\" sizes=\"auto, (max-width: 240px) 100vw, 240px\" \/>Nous, femmes de tous les peuples, \u00e2ges, classes et sexualit\u00e9s, r\u00e9sistons \u00e0 la criminalisation croissante qui p\u00e8se sur nous, sur nos mobilisations et nos propositions. Les rues et les espaces publics sont \u00e0 nous ! Nous sommes organis\u00e9es en mouvements sociaux, malgr\u00e9 les pressions auxquelles nous devons faire face dans l\u2019espace public. Nous persistons dans notre lutte pour des lois progressistes qui renforcent nos droits formels, malgr\u00e9 la r\u00e9pression et la violence des gouvernements et des institutions religieuses. Nous sommes toutes des femmes en r\u00e9sistance c\u00e9l\u00e9brant nos victoires ! Nous sommes toutes des femmes des Philippines c\u00e9l\u00e9brant le passage de la loi sur la sant\u00e9 reproductive !<\/h3>\n<h3 style=\"text-align: justify;\">Une fois de plus, nous prenons les devants et la rue dans la lutte contre toutes les formes de violence et dans nos soci\u00e9t\u00e9s et disons \u00abStop\u00bb!. Nous<!--more--> d\u00e9non\u00e7ons la violence comme \u00e9l\u00e9ment structurel du syst\u00e8me capitaliste, n\u00e9ocolonialiste et patriarcal comme outil pour contr\u00f4ler nos vies, nos corps et nos sexualit\u00e9s. Nous sommes toutes des femmes de l&rsquo;Inde et du Bangladesh luttant contre le viol, les violences sexuelles et l\u2019impunit\u00e9 des agresseurs ! Nous sommes toutes des femmes mayas brisant le silence dans les cours en exigeant la justice ! Nous sommes toutes des femmes du Mozambique dans la r\u00e9ussite de la lutte pour une loi contre la violence domestique !<\/h3>\n<h3 style=\"text-align: justify;\">\u00a0<\/h3>\n<h3 style=\"text-align: justify;\">Nous, femmes autochtones, nous ripostons. Nous nous mobilisons en masse, \u00e0 l\u2019\u00e9chelle locale et internationale. Nous demandons que nos gouvernements respectent nos droits et ceux de nos peuples et territoires, et nous utilisons, avec cr\u00e9ativit\u00e9, les outils de lutte \u00e0 notre disposition. Nous sommes toutes des femmes B\u2019laan des Philippines et des femmes mayas, xincas et mestices du Guatemala, prot\u00e9geant nos territoires, notre terre et notre corps de l\u2019exploitation des industries mini\u00e8res et hydro\u00e9lectriques ! Nous sommes toutes des manifestantes de <i>Idle No More<\/i> et des femmes des premi\u00e8res nations du Canada contestant les discriminations et les injustices historiques que les peuples autochtones subissent !<\/h3>\n<h3 style=\"text-align: justify;\">\u00a0<\/h3>\n<h3 style=\"text-align: justify;\">Nous, jeunes femmes et filles, nous r\u00e9sistons aux attaques patriarcales ; au sein de nos familles o\u00f9 la notion de ce qui est\u00abacceptable\u00bb ou \u00abappropri\u00e9\u00bb est utilis\u00e9 afin de restreindre notre mobilit\u00e9 ; au sein de la soci\u00e9t\u00e9 o\u00f9 l\u2019acc\u00e8s \u00e0 l\u2019\u00e9ducation, aux services de sant\u00e9 reproductive et de sant\u00e9 publique est limit\u00e9 ou ni\u00e9\u2026 Nous continuons \u00e0 d\u00e9fier <a target=\"_blank\" name=\"0.1__GoBack\"><\/a>ces restrictions, nous nous organisons, d\u00e9battons, nous mobilisons, renfor\u00e7ons nos luttes et donnons vie \u00e0 nos r\u00e9sistances. Nous sommes toutes des filles du Pakistan qui continuent d&rsquo;aller \u00e0 l&rsquo;\u00e9cole malgr\u00e9 les menaces physiques ! Nous sommes toutes des \u00e9tudiantes du Chili criant \u00ab\u00a0Non\u00a0\u00bb \u00e0 la privatisation de l&rsquo;\u00e9ducatio, et demandant une \u00e9ducation gratuite et de qualit\u00e9 !<\/h3>\n<h3 style=\"text-align: justify;\">\u00a0<\/h3>\n<h3 style=\"text-align: justify;\">Nous, f\u00e9ministes, nous sommes toujours en lutte pour l&rsquo;autonomie de nos corps, notre sexualit\u00e9 et notre fertilit\u00e9. Nous exigeons la l\u00e9galisation de l&rsquo;avortement dans les pays o\u00f9 nous sommes criminalis\u00e9es pour avoir exerc\u00e9 notre droit de ne pas \u00eatre m\u00e8re. Nous r\u00e9sistons aux attaques contre nos droits reproductifs et notre acc\u00e8s \u00e0 l&rsquo;avortement obtenus apr\u00e8s des d\u00e9cennies de luttes. Nous sommes toutes les milliers de femmes de Turquie qui se l\u00e8vent contre les accusations d&rsquo;assassinat proclam\u00e9es par notre gouvernement ! Nous sommes toutes des jeunes femmes europ\u00e9ennes luttant contre les attaques contre le droit \u00e0 l\u2019avortement \u00e0 travers le continent ! Nous sommes toutes des femmes d&rsquo;Uruguay comm\u00e9morant la l\u00e9galisation de l&rsquo;avortement, tout en restant alert\u00e9es contre de potentielles restrictions et contr\u00f4le des femmes qui choisissent d&rsquo;exercer ce droit !<\/h3>\n<h3 style=\"text-align: justify;\">Nous, militantes dans nos syndicats et partis politiques, d\u00e9fions le sexisme qui perdure et la misogynie manifest\u00e9e par nos fr\u00e8res en luttes, tout en continuant \u00e0 pousser sans cesse pour l&rsquo;inclusion de notre f\u00e9minisme anti-capitaliste et anticolonialiste dans les d\u00e9bats, les d\u00e9clarations et les luttes. Nous continuons \u00e0 nous renforcer collectivement, \u00e0 consolider nos alliances et nos demandes f\u00e9ministes. Nous sommes toutes des femmes pr\u00e9sentes dans les espaces de convergence des mouvements sociaux \u2013 par exemple, \u00e0 Florence 10+10, Italie, et bient\u00f4t au Forum Social Mondial \u00e0 Tunis en mars et \u00e0 l\u2019Alter-sommet en juin \u2013 affirmant nos analyses et demandes f\u00e9ministes !<\/h3>\n<h3 style=\"text-align: justify;\">Nous, toutes les femmes, devenons de plus en plus rebelles face aux offensives conservatrices et int\u00e9gristes et \u00e0 la militarisation de nos communaut\u00e9s. Nous sommes toutes des femmes et jeunes filles du Mali, d\u00e9fiant l&rsquo;oppression Islamiste en conduisant nos motos, en sortant de nos maisons pour continuer nos vies quotidiennes dans les espaces publics et luttant contre le viol, les violences sexuelles et l\u2019impunit\u00e9 des agresseurs ! Nous sommes toutes des femmes europ\u00e9ennes, d\u00e9fiant nos gouvernements en luttant contre les mesures d&rsquo;aust\u00e9rit\u00e9 ! Nous sommes toutes les femmes d\u2019\u00c9gypte, d\u00e9fiant les menaces graves de violence sexuelle en retournant chaque jour pour protester sur la Place Tahrir ! Nous sommes toutes les femmes de Tunisie, luttant pour la r\u00e9alisation des revendications de la r\u00e9volution \u2013 le travail, la libert\u00e9, la dignit\u00e9 et la citoyennet\u00e9 \u2013 et contre les tentatives de mise en place des m\u00e9canismes de discrimination des femmes d\u00e8s la petite enfance (non-mixit\u00e9 dans le pr\u00e9scolaire, port du voile dans les jardins d\u2019enfants, incitation au mariage pr\u00e9coce).<\/h3>\n<h3 style=\"text-align: justify;\">Nous, femmes de la Marche Mondiale des Femmes, marchons ce 8 mars 2013, comme des milliers l\u2019ont fait pendant les 24 Heures d\u2019action f\u00e9ministe \u00e0 travers le monde le 10 d\u00e9cembre 2012. Dans une vague d\u2019action \u00e0 travers les continents, nous transformons nos chagrins en force<\/h3>\n<p>&nbsp;<\/p>\n<div>\n<div><input id=\"mark-as-unread\" type=\"checkbox\" name=\"mark-as-unread\" value=\"markUnread(document.msg_read_form.FOLDER.value,document.msg_read_form.IDMSG.value,'msg_read_form' ,$(this).attr('checked'))\" \/><label>marquer comme non lu<\/label><\/div>\n<\/div>\n<gcse:search><\/gcse:search>","protected":false},"excerpt":{"rendered":"<p>D\u00e9claration Internationale Marche Mondiale des Femmes \u00a0 \u00a0Nous, femmes de tous les peuples, \u00e2ges, classes et sexualit\u00e9s, r\u00e9sistons \u00e0 la criminalisation croissante qui p\u00e8se sur nous, sur nos mobilisations et nos propositions. Les rues et les espaces publics sont \u00e0 nous ! Nous sommes organis\u00e9es en mouvements sociaux, malgr\u00e9 les pressions auxquelles nous devons faire [&hellip;]<\/p>\n","protected":false},"author":1,"featured_media":0,"comment_status":"open","ping_status":"closed","sticky":false,"template":"","format":"standard","meta":{"footnotes":""},"categories":[149,126,147],"tags":[43,103,400,23,140],"class_list":["post-8073","post","type-post","status-publish","format-standard","hentry","category-feminisme","category-gauche-de-combat","category-international","tag-appel","tag-demarche-citoyenne","tag-feminisme","tag-luttes","tag-travail"],"_links":{"self":[{"href":"https:\/\/alternatifs81.fr\/index.php?rest_route=\/wp\/v2\/posts\/8073","targetHints":{"allow":["GET"]}}],"collection":[{"href":"https:\/\/alternatifs81.fr\/index.php?rest_route=\/wp\/v2\/posts"}],"about":[{"href":"https:\/\/alternatifs81.fr\/index.php?rest_route=\/wp\/v2\/types\/post"}],"author":[{"embeddable":true,"href":"https:\/\/alternatifs81.fr\/index.php?rest_route=\/wp\/v2\/users\/1"}],"replies":[{"embeddable":true,"href":"https:\/\/alternatifs81.fr\/index.php?rest_route=%2Fwp%2Fv2%2Fcomments&post=8073"}],"version-history":[{"count":0,"href":"https:\/\/alternatifs81.fr\/index.php?rest_route=\/wp\/v2\/posts\/8073\/revisions"}],"wp:attachment":[{"href":"https:\/\/alternatifs81.fr\/index.php?rest_route=%2Fwp%2Fv2%2Fmedia&parent=8073"}],"wp:term":[{"taxonomy":"category","embeddable":true,"href":"https:\/\/alternatifs81.fr\/index.php?rest_route=%2Fwp%2Fv2%2Fcategories&post=8073"},{"taxonomy":"post_tag","embeddable":true,"href":"https:\/\/alternatifs81.fr\/index.php?rest_route=%2Fwp%2Fv2%2Ftags&post=8073"}],"curies":[{"name":"wp","href":"https:\/\/api.w.org\/{rel}","templated":true}]}}