{"id":8069,"date":"2013-03-06T14:41:56","date_gmt":"2013-03-06T13:41:56","guid":{"rendered":"http:\/\/alternatifs81.fr\/?p=8069"},"modified":"2013-03-11T01:06:15","modified_gmt":"2013-03-11T00:06:15","slug":"hommage-a-hugo-chavez","status":"publish","type":"post","link":"https:\/\/alternatifs81.fr\/?p=8069","title":{"rendered":"Hommage \u00e0 Hugo Chavez"},"content":{"rendered":"<p align=\"center\"><span style=\"color: #808000;\"><em><strong>Communiqu\u00e9 de presse des Alternatifs<\/strong><\/em><\/span><\/p>\n<h3 style=\"text-align: justify;\"><img loading=\"lazy\" decoding=\"async\" class=\"alignleft  wp-image-8071\" style=\"margin: 11px;\" alt=\"chavez1\" src=\"http:\/\/alternatifs81.fr\/wp-content\/uploads\/chavez1.jpg\" width=\"243\" height=\"168\" \/>C\u2019est avec \u00e9motion que les Alternatifs ont appris le d\u00e9c\u00e8s du pr\u00e9sident Hugo Ch\u00e1vez, survenu le 5 mars. Ils adressent leurs plus sinc\u00e8res condol\u00e9ances \u00e0 sa famille et au peuple v\u00e9n\u00e9zu\u00e9lien.<\/h3>\n<h3 style=\"text-align: justify;\">\u00a0Pendant 14 ann\u00e9es, Hugo Chavez aura \u00e9t\u00e9 un grand r\u00e9formateur, il n\u2019aura eu de cesse d\u2019agir pour une plus grande justice sociale dans son pays et pour l\u2019acc\u00e8s aux droits essentiels pour l\u2019ensemble de la population v\u00e9n\u00e9zu\u00e9lienne. Il aura \u00e9t\u00e9 un grand artisan de la construction de l\u2019unit\u00e9 latino-am\u00e9ricaine au travers de la cr\u00e9ation de l\u2019UNASUR (Union des Etats Sud-Am\u00e9ricains) et de la CELAC (Communaut\u00e9 des Etats Latino-Am\u00e9ricains et Carib\u00e9ens). Avec l\u2019ALBA (Alliance Bolivarienne des peuples de notre Am\u00e9rique), il aura conduit le pays vers une plus grande solidarit\u00e9 et un nouveau mod\u00e8le de coop\u00e9ration entre les nations. Son action aura \u00e9galement eu un large \u00e9cho en France et en Europe.<\/h3>\n<h3 style=\"text-align: justify;\"><span style=\"color: #808000;\">Les Alternatifs saluent la m\u00e9moire de celui qui aura donn\u00e9 le coup d\u2019envoi du processus d\u00e9mocratique et des changements politiques dans une grande partie de l\u2019Am\u00e9rique du Sud.<\/span><\/h3>\n<p><span style=\"color: #808000;\">\u00a0<\/span><\/p>\n<p><span style=\"color: #0000ff;\"><em><strong>Paris, le 6 mars 2013<\/strong><\/em><\/span><\/p>\n<gcse:search><\/gcse:search>","protected":false},"excerpt":{"rendered":"<p>Communiqu\u00e9 de presse des Alternatifs C\u2019est avec \u00e9motion que les Alternatifs ont appris le d\u00e9c\u00e8s du pr\u00e9sident Hugo Ch\u00e1vez, survenu le 5 mars. Ils adressent leurs plus sinc\u00e8res condol\u00e9ances \u00e0 sa famille et au peuple v\u00e9n\u00e9zu\u00e9lien. \u00a0Pendant 14 ann\u00e9es, Hugo Chavez aura \u00e9t\u00e9 un grand r\u00e9formateur, il n\u2019aura eu de cesse d\u2019agir pour une plus [&hellip;]<\/p>\n","protected":false},"author":1,"featured_media":0,"comment_status":"open","ping_status":"closed","sticky":false,"template":"","format":"standard","meta":{"footnotes":""},"categories":[9,147],"tags":[],"class_list":["post-8069","post","type-post","status-publish","format-standard","hentry","category-communiques","category-international"],"_links":{"self":[{"href":"https:\/\/alternatifs81.fr\/index.php?rest_route=\/wp\/v2\/posts\/8069","targetHints":{"allow":["GET"]}}],"collection":[{"href":"https:\/\/alternatifs81.fr\/index.php?rest_route=\/wp\/v2\/posts"}],"about":[{"href":"https:\/\/alternatifs81.fr\/index.php?rest_route=\/wp\/v2\/types\/post"}],"author":[{"embeddable":true,"href":"https:\/\/alternatifs81.fr\/index.php?rest_route=\/wp\/v2\/users\/1"}],"replies":[{"embeddable":true,"href":"https:\/\/alternatifs81.fr\/index.php?rest_route=%2Fwp%2Fv2%2Fcomments&post=8069"}],"version-history":[{"count":0,"href":"https:\/\/alternatifs81.fr\/index.php?rest_route=\/wp\/v2\/posts\/8069\/revisions"}],"wp:attachment":[{"href":"https:\/\/alternatifs81.fr\/index.php?rest_route=%2Fwp%2Fv2%2Fmedia&parent=8069"}],"wp:term":[{"taxonomy":"category","embeddable":true,"href":"https:\/\/alternatifs81.fr\/index.php?rest_route=%2Fwp%2Fv2%2Fcategories&post=8069"},{"taxonomy":"post_tag","embeddable":true,"href":"https:\/\/alternatifs81.fr\/index.php?rest_route=%2Fwp%2Fv2%2Ftags&post=8069"}],"curies":[{"name":"wp","href":"https:\/\/api.w.org\/{rel}","templated":true}]}}