{"id":7882,"date":"2013-02-19T18:28:24","date_gmt":"2013-02-19T17:28:24","guid":{"rendered":"http:\/\/alternatifs81.fr\/?p=7882"},"modified":"2013-02-23T20:24:57","modified_gmt":"2013-02-23T19:24:57","slug":"lindignation-peut-conduire-au-cercle-de-silence","status":"publish","type":"post","link":"https:\/\/alternatifs81.fr\/?p=7882","title":{"rendered":"L&rsquo;INDIGNATION PEUT CONDUIRE AU \u00ab\u00a0CERCLE de SILENCE\u00a0\u00bb"},"content":{"rendered":"<p style=\"text-align: justify;\"><span style=\"font-size: medium;\"><img loading=\"lazy\" decoding=\"async\" class=\"alignleft  wp-image-7447\" style=\"margin-left: 11px; margin-right: 11px;\" alt=\"Cercle-Silence-300x292\" src=\"http:\/\/alternatifs81.fr\/wp-content\/uploads\/Cercle-Silence-300x2922.png\" width=\"240\" height=\"234\" \/><span style=\"color: #808000;\"><em><strong>Cercle de Silence de Castres<\/strong><\/em><\/span><\/span><\/p>\n<h2 style=\"text-align: justify;\"><span style=\"color: #008000; font-size: medium;\">Vendredi 22 f\u00e9vrier de 18 h \u00e0 19 h place Jean Jaur\u00e8s (pr\u00e8s de la Fontaine)<\/span><\/h2>\n<h2 style=\"text-align: justify;\"><a title=\"L'INDIGNATION PEUT CONDUIRE AU \" href=\"http:\/\/jean.hoibian.over-blog.com\/article-l-indignation-peut-conduire-au-cercle-de-silence-79682181.html\" target=\"_blank\"><span style=\"font-family: Arial;\"><span style=\"color: #0000ff;\">L&rsquo;INDIGNATION PEUT CONDUIRE AU \u00ab\u00a0CERCLE de SILENCE\u00a0\u00bb <\/span><\/span><\/a><\/h2>\n<h3 style=\"text-align: justify;\"><span style=\"font-family: Arial;\"><span style=\"color: #ff0000;\"><span>\u00ab O\u00f9 t\u2019en vas-tu donc si vite ? \u00e0 la foire ? Chez le m\u00e9decin ?<\/span><\/span><\/span><\/h3>\n<p style=\"text-align: justify;\"><span style=\"font-family: Arial;\"><span>&#8211;<\/span><span> Non, je vais au cercle.<\/span><\/span><\/p>\n<h3 style=\"text-align: justify;\"><span style=\"font-family: Arial;\"><span style=\"color: #ff0000;\"><span>&#8211;<\/span><\/span><span><span style=\"color: #ff0000;\">Mais le Cercle des officiers de la caserne n\u2019existe plus !<\/span><\/span><\/span><\/h3>\n<h3 style=\"text-align: justify;\"><span style=\"font-family: Arial;\"><span>&#8211;<\/span><span> Tu retardes ma ch\u00e8re ! N\u2019as-tu jamais vu un dernier vendredi du mois un petit rassemblement place Jean Jaur\u00e8s, pr\u00e8s de la fontaine ?<\/span><\/span><\/h3>\n<h3 style=\"text-align: justify;\"><span style=\"font-family: Arial;\"><span style=\"color: #ff0000;\"><span>&#8211;<\/span><\/span><span><span style=\"color: #ff0000;\">Oui, en effet, j\u2019ai vu quelque chose de bizarre depuis la brasserie, mais je ne me suis pas arr\u00eat\u00e9e ! Je n\u2019aime pas<\/span> <span style=\"color: #ff0000;\">les manifestations politiques, ni les groupes sectaires !<\/span><\/span><\/span><\/h3>\n<h3 style=\"text-align: justify;\"><span style=\"font-family: Arial;\"><span>&#8211;<\/span><span> Quelle erreur ! tu n\u2019es pas curieuse ! C\u2019est l\u00e0 que je vais une fois par mois, et voici presque 5 ans que nous nous tenons en silence, encadr\u00e9s de pancartes,<!--more--> qui parlent \u00e0 notre place ! Au centre nous pla\u00e7ons une lampe-temp\u00eate, objet symbolique, cela n\u2019a rien \u00e0 voir avec une secte.<\/span><\/span><\/h3>\n<h3 style=\"text-align: justify;\"><span style=\"font-family: Arial;\"><span style=\"color: #ff0000;\"><span>&#8211;<\/span><\/span><span><span style=\"color: #ff0000;\">Mais qui sont les gens avec qui tu t\u2019affiches ?<\/span><\/span><\/span><\/h3>\n<h3 style=\"text-align: justify;\"><span style=\"font-family: Arial;\"><span>&#8211;<\/span><span> C\u2019est tr\u00e8s m\u00e9lang\u00e9 ! : des hommes et des femmes, des gens \u00e2g\u00e9s et des plus jeunes, voulant tous attirer l\u2019attention des Pouvoirs publics et de tous les citoyens sur les mauvais traitements inflig\u00e9s, dans notre beau pays, inventeur des Droits de l\u2019Homme, aux \u00e9trangers demandeur d\u2019asile, et aux \u00e9trangers sans papiers ! <\/span><\/span><\/h3>\n<h3 style=\"text-align: justify;\"><span style=\"font-family: Arial;\"><span>&#8211;<\/span><span> <span style=\"color: #ff0000;\">O moi tu sais, les \u00e9trangers !&#8230;.. C\u2019est de la politique ton<\/span> <span style=\"color: #ff0000;\">truc !<\/span><\/span><\/span><\/h3>\n<h3 style=\"text-align: justify;\"><span style=\"font-family: Arial;\"><span>&#8211;<\/span><span> D\u00e9cid\u00e9ment tu es vraiment comme un escargot ! Tu ne t\u2019int\u00e9resses gu\u00e8re \u00e0 ceux qui souffrent \u00e0 cause d\u2019une certaine politique. Citoyens fran\u00e7ais ou \u00e9trangers fuyant leur pays, nous avons tous des droits, des responsabilit\u00e9s !<\/span><\/span><\/h3>\n<h3 style=\"text-align: justify;\"><span style=\"font-family: Arial;\"><span style=\"color: #ff0000;\"><span>&#8211;<\/span><\/span><span><span style=\"color: #ff0000;\">Mais je croyais que tu fr\u00e9quentais l\u2019Eglise ?<\/span><\/span><\/span><\/h3>\n<h3 style=\"text-align: justify;\"><span style=\"font-family: Arial;\"><span>&#8211;<\/span><span> Oui, tu ne te trompes pas, mais ce sont les Responsables de toutes les \u00e9glises de France qui nous appellent \u00e0 nous soucier des \u00ab sans-papiers \u00bb. Tu connais le vieux pr\u00e9cepte : \u00ab tu aimeras ton prochain comme toi- m\u00eame \u00bb<\/span><\/span><\/h3>\n<h3 style=\"text-align: justify;\"><span style=\"font-family: Arial;\"><span style=\"color: #ff0000;\"><span>&#8211; <\/span><\/span><span><span style=\"color: #ff0000;\">Alors ton Cercle, c\u2019est un truc chr\u00e9tien ?<\/span><\/span><\/span><\/h3>\n<h3 style=\"text-align: justify;\"><span style=\"font-family: Arial;\"><span>&#8211;<\/span><span> Et non ! et quelle heureuse d\u00e9couverte ! D\u00e9s le d\u00e9but les gens ont dit : nous sommes tous indign\u00e9s par la souffrance inflig\u00e9e aux \u00e9trangers, que nous soyons ath\u00e9es, agnostiques, musulmans, protestants ou catholiques. Allons-nous agir s\u00e9par\u00e9ment ? Unissons nos forces et tentons par une commune protestation de nous respecter et de nous enrichir par nos diff\u00e9rences ! Et \u00e7a marche ! \u00e0 Castres et dans plus de 180 villes de France, mais aussi en Espagne, en Italie, en Belgique et m\u00eame en Suisse\u2026 !<\/span><\/span><\/h3>\n<h3 style=\"text-align: justify;\"><span style=\"font-family: Arial;\"><span style=\"color: #ff0000;\"><span>&#8211;<\/span><\/span><span><span style=\"color: #ff0000;\">Mais dis donc \u00e7a m\u2019int\u00e9resse votre affaire\u2026Pourquoi nommez<\/span>&#8211;<span style=\"color: #ff0000;\">vous cela : cercle de silence ?<\/span><\/span><\/span><\/h3>\n<h3 style=\"text-align: justify;\"><span style=\"font-family: Arial;\"><span>&#8211;<\/span><span> Pour cr\u00e9er la surprise ! des politiciens bavards, des agitateurs, nous en avons \u00e0 revendre en France ! Notre silence indique notre objection de conscience, v\u00e9cue dans la non-violence. Toute personne qui se joint au cercle fait l\u2019effort de signifier : je tiens tr\u00e8s fort \u00e0 la tradition fran\u00e7aise de l\u2019accueil des \u00e9trangers, je refuse de voir les Droits de l\u2019Homme bafou\u00e9s, viol\u00e9s !<\/span><\/span><\/h3>\n<h3 style=\"text-align: justify;\"><span style=\"font-family: Arial;\"><span>&#8211;<\/span><span> <span style=\"color: #ff0000;\">Mais dis-moi, personne ne vous insulte, se moque ? Et la<\/span> <span style=\"color: #ff0000;\">police ?<\/span><\/span><\/span><\/h3>\n<h3 style=\"text-align: justify;\"><span style=\"font-family: Arial;\"><span>&#8211;<\/span><span> Depuis 5 ans nous fonctionnons sans probl\u00e8mes.<\/span><\/span><\/h3>\n<h3 style=\"text-align: justify;\"><span style=\"font-family: Arial;\"><span>&#8211;<\/span><span> <span style=\"color: #ff0000;\">Je suis pleine d\u2019\u00e9tonnement ! Et n\u2019est-ce pas trop dur de<\/span> <span style=\"color: #ff0000;\">rester une heure debout, en silence, par tous les temps ?<\/span><\/span><\/span><\/h3>\n<h3 style=\"text-align: justify;\"><span style=\"font-family: Arial;\"><span>&#8211;<\/span><span> Oh si ! les plus \u00e2g\u00e9s d\u2019entre nous sont soumis \u00e0 un effort p\u00e9nible. Mais qu\u2019est-ce cette fatigue, compar\u00e9e aux mille tracas des d\u00e9marches administratives impos\u00e9es aux demandeurs d\u2019asile (hommes, femmes charg\u00e9es d\u2019enfants, grands-parents souvent en mauvaise sant\u00e9) ?<\/span><span> Cependant, si pour une raison quelconque tu ne peux pas rester une heure, <span style=\"color: #0000ff;\"><strong>tu viens le temps que tu peux<\/strong><\/span><\/span><\/span><\/h3>\n<h3 style=\"text-align: justify;\"><span style=\"font-family: Arial;\"><span>&#8211;<\/span><span> <span style=\"color: #ff0000;\">A l\u2019occasion fais-moi passer vos tracts. Combien \u00eates-vous \u00e0 manifester pacifiquement ?<\/span><\/span><\/span><\/h3>\n<h3 style=\"text-align: justify;\"><span style=\"font-family: Arial;\"><span>&#8211;<\/span><span> On d\u00e9marre \u00e0 5 ou 6, mais tr\u00e8s vite, le Cercle s\u2019agrandit, 2O voire plus ! Une amiti\u00e9, une fraternit\u00e9, s\u2019installent entre nous. Nous faisons la connaissance des \u00ab nouveaux \u00bb.<\/span><\/span><\/h3>\n<h3 style=\"text-align: justify;\"><span style=\"font-family: Arial;\"><span style=\"color: #ff0000;\"><span>&#8211;<\/span><\/span><span><span style=\"color: #ff0000;\">Mais quels r\u00e9sultats ?<\/span><\/span><\/span><\/h3>\n<h3 style=\"text-align: justify;\"><span style=\"font-family: Arial;\"><span>&#8211;<\/span><span> Nous notons quelques avanc\u00e9es : suppression du d\u00e9lit de solidarit\u00e9, am\u00e9lioration de la d\u00e9tention \u00e0 Mayotte (qui reste une exception juridique) entre autre\u2026 Mais les gens du Cercle ne sont pas dupes sur leur apparente inefficacit\u00e9. C\u2019est comme un cri dans la nuit du silence ! mais nous croyons au devoir de conscience et de r\u00e9sistance morale !<\/span><\/span><\/h3>\n<h3 style=\"text-align: justify;\"><span style=\"font-family: Arial;\"><span>&#8211;<\/span><span> <span style=\"color: #ff0000;\">Je crois que je vais vous rejoindre. Je ne veux plus vivre<\/span> <span style=\"color: #ff0000;\">comme un escargot, sourd et aveugle aux responsabilit\u00e9s<\/span> <span style=\"color: #ff0000;\">citoyennes !<\/span><\/span><\/span><\/h3>\n<gcse:search><\/gcse:search>","protected":false},"excerpt":{"rendered":"<p>Cercle de Silence de Castres Vendredi 22 f\u00e9vrier de 18 h \u00e0 19 h place Jean Jaur\u00e8s (pr\u00e8s de la Fontaine) L&rsquo;INDIGNATION PEUT CONDUIRE AU \u00ab\u00a0CERCLE de SILENCE\u00a0\u00bb \u00ab O\u00f9 t\u2019en vas-tu donc si vite ? \u00e0 la foire ? Chez le m\u00e9decin ? &#8211; Non, je vais au cercle. &#8211;Mais le Cercle des officiers [&hellip;]<\/p>\n","protected":false},"author":1,"featured_media":0,"comment_status":"open","ping_status":"closed","sticky":false,"template":"","format":"standard","meta":{"footnotes":""},"categories":[217,173,244],"tags":[119,103,117,50],"class_list":["post-7882","post","type-post","status-publish","format-standard","hentry","category-libertes","category-no-pasaran","category-point-de-vue","tag-cercle-du-silence","tag-demarche-citoyenne","tag-democratie","tag-discriminations"],"_links":{"self":[{"href":"https:\/\/alternatifs81.fr\/index.php?rest_route=\/wp\/v2\/posts\/7882","targetHints":{"allow":["GET"]}}],"collection":[{"href":"https:\/\/alternatifs81.fr\/index.php?rest_route=\/wp\/v2\/posts"}],"about":[{"href":"https:\/\/alternatifs81.fr\/index.php?rest_route=\/wp\/v2\/types\/post"}],"author":[{"embeddable":true,"href":"https:\/\/alternatifs81.fr\/index.php?rest_route=\/wp\/v2\/users\/1"}],"replies":[{"embeddable":true,"href":"https:\/\/alternatifs81.fr\/index.php?rest_route=%2Fwp%2Fv2%2Fcomments&post=7882"}],"version-history":[{"count":0,"href":"https:\/\/alternatifs81.fr\/index.php?rest_route=\/wp\/v2\/posts\/7882\/revisions"}],"wp:attachment":[{"href":"https:\/\/alternatifs81.fr\/index.php?rest_route=%2Fwp%2Fv2%2Fmedia&parent=7882"}],"wp:term":[{"taxonomy":"category","embeddable":true,"href":"https:\/\/alternatifs81.fr\/index.php?rest_route=%2Fwp%2Fv2%2Fcategories&post=7882"},{"taxonomy":"post_tag","embeddable":true,"href":"https:\/\/alternatifs81.fr\/index.php?rest_route=%2Fwp%2Fv2%2Ftags&post=7882"}],"curies":[{"name":"wp","href":"https:\/\/api.w.org\/{rel}","templated":true}]}}