{"id":7869,"date":"2013-02-19T16:13:15","date_gmt":"2013-02-19T15:13:15","guid":{"rendered":"http:\/\/alternatifs81.fr\/?p=7869"},"modified":"2013-04-17T16:04:54","modified_gmt":"2013-04-17T15:04:54","slug":"un-ani-qui-nous-veut-du-mal-declaration-unitaire","status":"publish","type":"post","link":"https:\/\/alternatifs81.fr\/?p=7869","title":{"rendered":"Un ANI qui nous veut du mal (d\u00e9claration unitaire et p\u00e9tition \u00e0 signer)"},"content":{"rendered":"<h3 style=\"text-align: justify;\"><span style=\"color: #808000;\"><em>A l\u2019initiative d\u2019Attac et de la Fondation Copernic, associations, syndicats, partis politiques et citoyen-ne-s, lancent un appel afin que l\u2019accord national interprofessionnel (ANI) sign\u00e9 le 11 janvier 2013 par le patronat et trois syndicats ne soit pas transcrit dans la loi. <\/em><\/span><\/h3>\n<h3 style=\"text-align: justify;\"><span style=\"color: #808000;\"><em>Cet accord ill\u00e9gitime constitue, en effet, un recul social majeur, qui ne fera qu\u2019aggraver la pr\u00e9carit\u00e9 du travail. Nous appelons chacun-e \u00e0 s\u2019en emparer et \u00e0 s\u2019engager pour qu\u2019il n\u2019acqui\u00e8re pas force de loi.<\/em><\/span><\/h3>\n<h3 style=\"text-align: justify;\">\u00a0<span style=\"color: #808000;\"><em>V<\/em><\/span><b><span style=\"color: #808000;\"><em>ous pouvez signer (et faire signer) cet appel<\/em><\/span> <a href=\"http:\/\/www.france.attac.org\/articles\/signez-la-petition-non-laccord-medef-cfdt\" target=\"_blank\">\u00e0 ce lien<\/a>. <\/b><\/h3>\n<h3><span style=\"color: #808000;\"><b>A faire circuler et diffuser largement !<\/b><\/span><\/h3>\n<h3 style=\"text-align: justify;\"><span style=\"color: #000000;\"><img loading=\"lazy\" decoding=\"async\" class=\"alignleft  wp-image-5616\" style=\"margin: 11px;\" alt=\"paris-2005-danger-passivite_2\" src=\"http:\/\/alternatifs81.fr\/wp-content\/uploads\/paris-2005-danger-passivite_23.jpg\" width=\"245\" height=\"225\" srcset=\"https:\/\/alternatifs81.fr\/wp-content\/uploads\/paris-2005-danger-passivite_23.jpg 500w, https:\/\/alternatifs81.fr\/wp-content\/uploads\/paris-2005-danger-passivite_23-300x276.jpg 300w\" sizes=\"auto, (max-width: 245px) 100vw, 245px\" \/>L\u2019accord national interprofessionnel (ANI) du 11 janvier sign\u00e9 par le patronat et certaines organisations syndicales repr\u00e9sente un recul social majeur. <\/span><\/h3>\n<h3 style=\"text-align: justify;\"><span style=\"color: #000000;\">Les soi-disant \u00ab nouveaux droits pour les salari\u00e9s \u00bb sont en r\u00e9alit\u00e9 de port\u00e9e limit\u00e9e et comportent nombre de d\u00e9rogations et de dispositions qui en permettent le contournement. <\/span><\/h3>\n<h3 style=\"text-align: justify;\"><span style=\"color: #000000;\">Par contre, les mesures en faveur du patronat portent des coups s\u00e9v\u00e8res au droit du travail. Cet accord s\u2019inscrit dans le droit fil des pr\u00e9conisations, appliqu\u00e9es partout en Europe, de la Tro\u00efka (Commission europ\u00e9enne, Banque centrale europ\u00e9enne, Fonds mon\u00e9taire international) : d\u00e9mant\u00e8lement du droit du travail, chantage \u00e0 l\u2019emploi<!--more--> pour baisser les salaires et les droits sociaux au nom de la comp\u00e9titivit\u00e9. Il contribuera ainsi \u00e0 la spirale d\u00e9pressive dans laquelle les politiques d\u2019aust\u00e9rit\u00e9 enfoncent l\u2019Union europ\u00e9enne.<\/span><\/h3>\n<h3 style=\"text-align: justify;\">L\u2019accord aggrave encore, apr\u00e8s les lois Fillon de 2004 et 2008 qu\u2019il faut abroger, la remise en cause de la hi\u00e9rarchie des normes en permettant de nouveau qu\u2019un accord d\u2019entreprise soit moins favorable que la convention collective et que la loi : en cas de \u00ab graves probl\u00e8mes conjoncturels \u00bb de l\u2019entreprise (quelle entreprise ne conna\u00eet pas de probl\u00e8me conjoncturels et surtout qui en jugera ?), il ne laisse d\u2019autre choix au salari\u00e9 que d\u2019accepter la baisse de son salaire et l&rsquo;augmentation de son temps de travail sous peine de licenciement.<\/h3>\n<h3 style=\"text-align: justify;\">L\u2019accord r\u00e9duit consid\u00e9rablement les droits et les possibilit\u00e9s de<img loading=\"lazy\" decoding=\"async\" class=\"alignleft size-full wp-image-7896\" style=\"margin: 14px 15px;\" alt=\"toutMEDEF\" src=\"http:\/\/alternatifs81.fr\/wp-content\/uploads\/toutMEDEF.jpg\" width=\"262\" height=\"320\" srcset=\"https:\/\/alternatifs81.fr\/wp-content\/uploads\/toutMEDEF.jpg 262w, https:\/\/alternatifs81.fr\/wp-content\/uploads\/toutMEDEF-245x300.jpg 245w\" sizes=\"auto, (max-width: 262px) 100vw, 262px\" \/> contestation et de recours \u00e0 la justice des salari\u00e9s et de leurs repr\u00e9sentants. Il remet en cause des pr\u00e9rogatives importantes des instances repr\u00e9sentatives du personnel et renforce le pouvoir des employeurs, notamment celui d\u2019imposer la \u00ab mobilit\u00e9 \u00bb des salari\u00e9s (changement de lieu ou de poste de travail).<\/h3>\n<h3 style=\"text-align: justify;\">Loin de permettre \u00ab la s\u00e9curisation de l\u2019emploi et des parcours professionnels des salari\u00e9s \u00bb cet accord va, au contraire, aggraver la pr\u00e9carit\u00e9 du travail en lib\u00e9rant le patronat de nombre d&rsquo;obligations. En d\u00e9pit des promesses qui avaient \u00e9t\u00e9 faites par le gouvernement, l&rsquo;accord ne r\u00e9duit pas les in\u00e9galit\u00e9s professionnelles entre les femmes et les hommes, alors m\u00eame que la pr\u00e9carit\u00e9 de l&#8217;emploi concerne en premier lieu les femmes, pr\u00e9pond\u00e9rantes dans le temps partiel (80%) et plus souvent touch\u00e9es par les CDD, le ch\u00f4mage et le sous-emploi.<\/h3>\n<h3 style=\"text-align: justify;\">Enfin cet accord est ill\u00e9gitime. Il a \u00e9t\u00e9 sign\u00e9 par trois conf\u00e9d\u00e9rations syndicales repr\u00e9sentant une minorit\u00e9 de salari\u00e9s, alors m\u00eame que les r\u00e8gles de repr\u00e9sentativit\u00e9 syndicale sont sur le point de changer. Les parlementaires de droite se disent pr\u00eats \u00e0 voter ses dispositions telles quelles, mais ni le pr\u00e9sident de la R\u00e9publique, ni la majorit\u00e9 de l\u2019Assembl\u00e9e nationale n\u2019ont \u00e9t\u00e9 \u00e9lus pour faire reculer les droits des salari\u00e9s. Transposer ces reculs sociaux dans la loi repr\u00e9senterait donc un grave d\u00e9ni d\u00e9mocratique.<\/h3>\n<h3 style=\"text-align: justify;\">Nous appelons les salari\u00e9s-es, et plus largement, tous les citoyens-nes \u00e0 lire ce texte, \u00e0 l\u2019analyser, \u00e0 tenir partout des r\u00e9unions pour en d\u00e9battre ensemble et faire entendre leurs exigences aupr\u00e8s de leurs \u00e9lus, tout particuli\u00e8rement ceux de gauche, pour qu\u2019ils ne votent pas ce texte. L&rsquo;heure est bien plut\u00f4t \u00e0 la s\u00e9curisation des emplois contre les licenciements, pour un travail de qualit\u00e9, sans pr\u00e9carit\u00e9, avec des droits sociaux de haut niveau pour les salari\u00e9s, les ch\u00f4meurs et les retrait\u00e9s. Nous ferons tout pour que cet accord n\u2019acqui\u00e8re pas force de loi et nous appelons \u00e0 soutenir toutes les initiatives en ce sens, en particulier les mobilisations syndicales.<\/h3>\n<p><span style=\"text-decoration: underline;\"><span style=\"color: #0000ff;\"><b><span style=\"font-size: medium;\"><em>Appel soutenu par<\/em> <\/span><\/b><\/span><\/span><\/p>\n<p><span style=\"color: #0000ff;\"><em>Attac, CADAC, CGT Commerce Paris, CGT H\u00f4tels Prestiges et Economiques, C&amp;A, CNDF, CNT Solidarit\u00e9 ouvri\u00e8re IdF, Convergence de d\u00e9fense et de d\u00e9veloppement des services publics, FASE, F\u00e9d\u00e9ration des Finances CGT, Fondation Copernic, FSU, GA, GU, Les Alternatifs, Les efFRONT\u00e9-e-s, Marches europ\u00e9ennes, NPA, Osez le f\u00e9minisme, PCF, PCOF, PG, R&amp;S, R\u00e9sistance sociale, Union syndicale Solidaires<\/em><\/span><\/p>\n<gcse:search><\/gcse:search>","protected":false},"excerpt":{"rendered":"<p>A l\u2019initiative d\u2019Attac et de la Fondation Copernic, associations, syndicats, partis politiques et citoyen-ne-s, lancent un appel afin que l\u2019accord national interprofessionnel (ANI) sign\u00e9 le 11 janvier 2013 par le patronat et trois syndicats ne soit pas transcrit dans la loi. Cet accord ill\u00e9gitime constitue, en effet, un recul social majeur, qui ne fera qu\u2019aggraver [&hellip;]<\/p>\n","protected":false},"author":1,"featured_media":0,"comment_status":"open","ping_status":"closed","sticky":false,"template":"","format":"standard","meta":{"footnotes":""},"categories":[126,21,217,193,295],"tags":[43,103,117,23,20,140,91],"class_list":["post-7869","post","type-post","status-publish","format-standard","hentry","category-gauche-de-combat","category-les-alters-dans-les-luttes","category-libertes","category-social","category-travail-2","tag-appel","tag-demarche-citoyenne","tag-democratie","tag-luttes","tag-manifestations","tag-travail","tag-unite"],"_links":{"self":[{"href":"https:\/\/alternatifs81.fr\/index.php?rest_route=\/wp\/v2\/posts\/7869","targetHints":{"allow":["GET"]}}],"collection":[{"href":"https:\/\/alternatifs81.fr\/index.php?rest_route=\/wp\/v2\/posts"}],"about":[{"href":"https:\/\/alternatifs81.fr\/index.php?rest_route=\/wp\/v2\/types\/post"}],"author":[{"embeddable":true,"href":"https:\/\/alternatifs81.fr\/index.php?rest_route=\/wp\/v2\/users\/1"}],"replies":[{"embeddable":true,"href":"https:\/\/alternatifs81.fr\/index.php?rest_route=%2Fwp%2Fv2%2Fcomments&post=7869"}],"version-history":[{"count":0,"href":"https:\/\/alternatifs81.fr\/index.php?rest_route=\/wp\/v2\/posts\/7869\/revisions"}],"wp:attachment":[{"href":"https:\/\/alternatifs81.fr\/index.php?rest_route=%2Fwp%2Fv2%2Fmedia&parent=7869"}],"wp:term":[{"taxonomy":"category","embeddable":true,"href":"https:\/\/alternatifs81.fr\/index.php?rest_route=%2Fwp%2Fv2%2Fcategories&post=7869"},{"taxonomy":"post_tag","embeddable":true,"href":"https:\/\/alternatifs81.fr\/index.php?rest_route=%2Fwp%2Fv2%2Ftags&post=7869"}],"curies":[{"name":"wp","href":"https:\/\/api.w.org\/{rel}","templated":true}]}}