{"id":7824,"date":"2013-02-17T11:11:06","date_gmt":"2013-02-17T10:11:06","guid":{"rendered":"http:\/\/alternatifs81.fr\/?p=7824"},"modified":"2013-02-17T11:17:50","modified_gmt":"2013-02-17T10:17:50","slug":"declaration-du-sommet-des-peuples-face-au-sommet-des-chefs-detats-et-de-gouvernements-ue-celac-santiago-du-chili","status":"publish","type":"post","link":"https:\/\/alternatifs81.fr\/?p=7824","title":{"rendered":"D\u00e9claration du Sommet des Peuples face au Sommet des Chefs d\u2019Etats et de Gouvernements UE-CELAC, Santiago du Chili"},"content":{"rendered":"<div id=\"post-body-4056079263829785179\" itemprop=\"description articleBody\">\n<h3 style=\"text-align: justify;\"><b><img loading=\"lazy\" decoding=\"async\" class=\"alignleft size-full wp-image-7826\" style=\"margin: 11px;\" alt=\"logocumbre\" src=\"http:\/\/alternatifs81.fr\/wp-content\/uploads\/logocumbre.png\" width=\"200\" height=\"196\" \/><\/b><b>Dans le cadre du Sommet des Peuples qui s\u2019est tenu les 25, 26 et 27 janvier 2013, \u00e0 Santiago du Chili, les organisations et les mouvements sociaux et politiques des diff\u00e9rents pays d\u2019Am\u00e9rique Latine, de la Cara\u00efbe et de l\u2019Union Europ\u00e9enne d\u00e9clarons ce qui suit :<\/b><\/h3>\n<h3 style=\"text-align: justify;\">Nous voyons aujourd\u2019hui comment les biens naturels, les droits et les personnes sont devenus des marchandises dans les pays et au sein des peuples d\u2019Am\u00e9rique Latine, d\u2019Europe et de la Cara\u00efbe, cons\u00e9quence de la logique capitaliste qui installe et renforce son caract\u00e8re n\u00e9olib\u00e9ral et machiste au travers des appareils civiques, politiques et militaires.<\/h3>\n<h3 style=\"text-align: justify;\">Les relations existantes entre l\u2019Union Europ\u00e9enne et l\u2019Am\u00e9rique Latine et la Cara\u00efbe qui, par des accords commerciaux et des accords bilat\u00e9raux d\u2019investissements, donnent la primaut\u00e9 aux privil\u00e8ges et aux b\u00e9n\u00e9fices des investisseurs face aux droits des peuples, renforcent ce mod\u00e8le qui porte<!--more--> pr\u00e9judice aux peuples des deux r\u00e9gions.<\/h3>\n<h3 style=\"text-align: justify;\">\u00a0<\/h3>\n<h3 style=\"text-align: justify;\">C\u2019est ainsi que ces Etats mercantiles, les transnationales et les corporations continuent de g\u00e9rer et d\u2019accro\u00eetre la pauvret\u00e9 et l\u2019in\u00e9galit\u00e9 sociale dans le monde, sous couvert d\u2019une sorte de d\u00e9mocratie repr\u00e9sentative aux mains d\u2019une \u00e9lite, et de plus en plus \u00e9loign\u00e9e des int\u00e9r\u00eats de la grande majorit\u00e9 de notre peuple.<\/h3>\n<h3 style=\"text-align: justify;\">\u00a0<\/h3>\n<h3 style=\"text-align: justify;\">Cette h\u00e9g\u00e9monie du capital financier se manifeste entre autres par la privatisation et la marchandisation des services publics, le d\u00e9mant\u00e8lement de l\u2019\u00e9tat providence, la pr\u00e9carisation du travail, l\u2019extractivisme, l\u2019exploitation, le mercantilisme et la destruction des biens naturels et sociaux propres au peuple, ainsi que le d\u00e9placement forc\u00e9 des peuples originaires, provoquant ainsi les crises alimentaires, \u00e9nerg\u00e9tiques et climatiques.<\/h3>\n<h3 style=\"text-align: justify;\">\u00a0<\/h3>\n<h3 style=\"text-align: justify;\">Dans l\u2019Union Europ\u00e9enne la crise financi\u00e8re a \u00e9t\u00e9 un v\u00e9ritable coup d\u2019\u00e9tat financier qui a impos\u00e9 des politiques d\u2019aust\u00e9rit\u00e9 contre les droits des peuples, les droits du travail et l\u2019environnement. La tro\u00efka europ\u00e9enne (FMI, BCE, Commission Europ\u00e9enne) oblige les \u00e9tats \u00e0 s\u2019endetter pour sauver les banques et accule les peuples \u00e0 payer la crise que celles-ci ont elles-m\u00eames provoqu\u00e9e.<\/h3>\n<h3 style=\"text-align: justify;\">\u00a0<\/h3>\n<h3 style=\"text-align: justify;\">Il est aussi n\u00e9cessaire de mettre l\u2019accent sur l\u2019oppression croissante et la discrimination dont les femmes d\u2019Am\u00e9rique Latine, de la Cara\u00efbe et d\u2019Europe sont victimes.<\/h3>\n<h3 style=\"text-align: justify;\">\u00a0<\/h3>\n<h3 style=\"text-align: justify;\">Et pourtant, malgr\u00e9 ce contexte d\u00e9favorable, nous voyons appara\u00eetre des processus historiques et r\u00e9cents dans les luttes de nos peuples dans le monde, qui r\u00e9ussissent \u00e0 cr\u00e9er des tensions et ouvrir des br\u00e8ches dans les logiques actuelles, ce qui nous fait esp\u00e9rer qu\u2019un autre monde est possible.<\/h3>\n<h3 style=\"text-align: justify;\">\u00a0<\/h3>\n<h3 style=\"text-align: justify;\">Il devient donc n\u00e9cessaire de construire les bases d\u2019un nouveau mod\u00e8le de soci\u00e9t\u00e9 qui transforme les logiques actuelles et des politiques \u00e9conomiques, sociales et culturelles adapt\u00e9es dans tous les pays et chez tous les peuples des deux c\u00f4t\u00e9s du continent, et d\u2019organiser les luttes des diff\u00e9rents acteurs et organisations populaires.<\/h3>\n<h3 style=\"text-align: justify;\"><b>\u00a0<\/b><\/h3>\n<h3 style=\"text-align: justify;\"><b>Pour atteindre ces objectifs nous proposons ce qui suit :<\/b><\/h3>\n<h3 style=\"text-align: justify;\">Les droits et biens naturels vol\u00e9s \u00e0 notre peuple doivent \u00eatre r\u00e9cup\u00e9r\u00e9s par la nationalisation, la communautarisation des biens, des services et des moyens de production, et par la reconnaissance constitutionnelle de la nature comme sujet de droit. Ceci implique de d\u00e9passer la r\u00e9sistance et les mouvements revendicatifs pour aller vers une alternative porteuse d\u2019un projet politique et social int\u00e9gral du pays.<\/h3>\n<h3 style=\"text-align: justify;\">\u00a0<\/h3>\n<h3 style=\"text-align: justify;\">Promouvoir le paradigme du bien vivre bas\u00e9 sur l\u2019\u00e9quilibre de l\u2019\u00eatre humain avec la nature, l\u2019environnement et les droits de la terre, au service des peuples, et bas\u00e9 sur une \u00e9conomie plurielle et solidaire.<\/h3>\n<h3 style=\"text-align: justify;\">\u00a0<\/h3>\n<h3 style=\"text-align: justify;\">La d\u00e9mocratie directe, participative et populaire et sa concr\u00e9tisation \u00e0 partir des bases sociales. Il est pour cela n\u00e9cessaire d\u2019int\u00e9grer les acteurs sociaux et politiques du monde, en valorisant les pratiques territoriales et en instaurant un dialogue entre les instances locales et globales.<\/h3>\n<h3 style=\"text-align: justify;\">\u00a0<\/h3>\n<h3 style=\"text-align: justify;\">Promouvoir l\u2019int\u00e9gration \u00e0 la participation politique des enfants (gar\u00e7ons et filles) et de la jeunesse, d\u2019un point de vue du genre. Promouvoir le respect de la libre d\u00e9termination des peuples originaires du monde, consid\u00e9r\u00e9s comme des peuples fr\u00e8res non soumis \u00e0 la territorialit\u00e9 impos\u00e9e par la colonisation. Promouvoir aussi la souverainet\u00e9 alimentaire dans la perspective d\u2019une autonomie territoriale des peuples et des communaut\u00e9s \u00e0 d\u00e9cider que produire et comment produire.<\/h3>\n<h3 style=\"text-align: justify;\">\u00a0<\/h3>\n<h3 style=\"text-align: justify;\">En ce qui concerne l\u2019aggravation de la r\u00e9pression et de la criminalisation des mouvements de contestation, des mouvements sociaux et populaires, nous devons nous organiser afin d\u2019avoir les forces n\u00e9cessaires pour freiner la multiplication des lois antiterroristes et leur application aux communaut\u00e9s indig\u00e8nes de nos peuples, et pour lutter contre la militarisation imp\u00e9rialiste croissante qui a install\u00e9 ses bases en Am\u00e9rique latine, en Europe et dans la Cara\u00efbe.<\/h3>\n<h3 style=\"text-align: justify;\">\u00a0<\/h3>\n<h3 style=\"text-align: justify;\">Sensibiliser, semer l\u2019agitation et encourager les luttes contre les transnationales par des campagnes de d\u00e9nonciation et de boycott \u00e0 tous les niveaux.<\/h3>\n<h3 style=\"text-align: justify;\">\u00a0<\/h3>\n<h3 style=\"text-align: justify;\">Pr\u00f4ner le f\u00e9minisme comme projet politique anti-patriarcal et anticapitaliste. Reconna\u00eetre et promouvoir les droits des migrants et de la libre circulation des peuples entre les \u00e9tats.<\/h3>\n<h3 style=\"text-align: justify;\">L\u2019enti\u00e8re solidarit\u00e9 avec le peuple palestinien et tous les peuples et les nations opprim\u00e9s par le pouvoir colonisateur et l\u2019imp\u00e9rialisme, ainsi que la condamnation des interventions civico-militaires au Honduras, en Ha\u00efti et au Paraguay. Nous soutenons les processus de paix, avec la participation des acteurs sociaux et politiques, en Colombie. La solidarit\u00e9 avec le peuple cubain contre le blocus, avec l\u2019Argentine dans son processus de r\u00e9cup\u00e9ration des Malouines, avec la Bolivie pour sa demande d\u2019acc\u00e8s \u00e0 la mer, avec le peuple v\u00e9n\u00e9zu\u00e9lien engag\u00e9 dans le processus bolivarien, et avec les mouvements sociaux de Gr\u00e8ce et d\u2019Espagne. Pour ce qui est du Chili, nous soutenons le mouvement \u00e9tudiant dans sa d\u00e9fense de l\u2019\u00e9ducation publique gratuite, et le peuple-nation Mapuche contre la r\u00e9pression de l\u2019Etat.<\/h3>\n<h3 style=\"text-align: justify;\">\u00a0<\/h3>\n<h3 style=\"text-align: justify;\">Parall\u00e8lement \u00e0 la lutte pour la souverainet\u00e9 de nos territoires en Am\u00e9rique Latine, il est n\u00e9cessaire de lutter pour le respect de la souverainet\u00e9 de notre corps, le corps de la femme devant \u00eatre consid\u00e9r\u00e9 comme un territoire propre \u00e0 celle-ci.<\/h3>\n<h3 style=\"text-align: justify;\">\u00a0<\/h3>\n<h3 style=\"text-align: justify;\">Nous comprenons que le d\u00e9passement de la pr\u00e9carisation du travail \u00e0 laquelle sont soumis la plupart des travailleurs en Am\u00e9rique Latine et dans le monde passe par le changement des relations entre la propri\u00e9t\u00e9 et la production de biens et de services, et la valorisation du r\u00f4le essentiel des travailleurs et des travailleuses, base de la construction de toute la soci\u00e9t\u00e9.<\/h3>\n<h3 style=\"text-align: justify;\">\u00a0<\/h3>\n<h3 style=\"text-align: justify;\">De fa\u00e7on transversale, nous devons avancer dans la cr\u00e9ation de plateformes de luttes pour la communication qui permette non seulement de faire conna\u00eetre, de la mani\u00e8re la plus large possible, les exigences et les propositions alternatives de nos peuple face au mod\u00e8le h\u00e9g\u00e9monique, mais aussi d\u2019expliquer les causes r\u00e9elles des probl\u00e8mes dont nous souffrons aujourd\u2019hui.<\/h3>\n<h3 style=\"text-align: justify;\">\u00a0<\/h3>\n<h3 style=\"text-align: justify;\">Nous devons \u00eatre capables d\u2019\u00e9laborer des revendications unitaires qui concernent tous les acteurs sociaux et les peuples en lutte, et qui nous permettent de fixer des perspectives strat\u00e9giques, en articulant et organisant le mouvement syndical, social et politique en Am\u00e9rique Latine, dans la Cara\u00efbe et en Europe. Ceci devrait aboutir \u00e0 une feuille de route de travail et de mobilisations dans l\u2019imm\u00e9diat, mais aussi de perspectives \u00e0 plus long terme.<\/h3>\n<h3 style=\"text-align: justify;\">\u00a0<\/h3>\n<h3 style=\"text-align: justify;\">En m\u00eame temps, renforcer l\u2019organisation sociale et populaire d\u2019insertion, et faire que nos revendications soient assum\u00e9es par la plus grande majorit\u00e9, par un travail politique et militant.<\/h3>\n<h3 style=\"text-align: justify;\">Nous ne pouvons pas continuer \u00e0 diviser les instances organisationnelles auxquelles nous appartenons. Mener \u00e0 bien un projet dans la diversit\u00e9 est le plus grand d\u00e9fi qui s\u2019offre \u00e0 nous si nous voulons cr\u00e9er une alternative de pouvoir populaire. En finir avec les sectarismes qui fragmentent, divisent, et emp\u00eachent la construction de l\u2019unit\u00e9 du camp populaire est une t\u00e2che urgente.<\/h3>\n<h3 style=\"text-align: justify;\">\u00a0<\/h3>\n<h3 style=\"text-align: justify;\">Face au pouvoir du bloc dominant, seules l\u2019unit\u00e9 et la solidarit\u00e9 entre les peuples nous donneront la force n\u00e9cessaire pour atteindre nos objectifs les plus \u00e9lev\u00e9s, et vaincre.<\/h3>\n<h3 style=\"text-align: justify;\"><a href=\"http:\/\/www.blogger.com\/blogger.g?blogID=5027775899776856328&amp;pli=1\" name=\"_GoBack\"><\/a><span style=\"color: #0000ff;\"><em>Santiago du Chili, le 27 janvier 2013.<\/em><\/span><\/h3>\n<h4><span style=\"color: #008000;\"><em><strong>Publi\u00e9 sur le Blog de Richard NEUVILLE (Les Alternatifs 07)<\/strong><\/em><\/span>\u00a0\u00a0 <a href=\"http:\/\/alterautogestion.blogspot.fr\/\">http:\/\/alterautogestion.blogspot.fr\/<\/a>\u00a0<\/h4>\n<p><a href=\"http:\/\/alterautogestion.blogspot.fr\/2013\/02\/declaration-du-sommet-des-peuples-face.html\">http:\/\/alterautogestion.blogspot.fr\/2013\/02\/declaration-du-sommet-des-peuples-face.html<\/a>\u00a0<\/p>\n<\/div>\n<gcse:search><\/gcse:search>","protected":false},"excerpt":{"rendered":"<p>Dans le cadre du Sommet des Peuples qui s\u2019est tenu les 25, 26 et 27 janvier 2013, \u00e0 Santiago du Chili, les organisations et les mouvements sociaux et politiques des diff\u00e9rents pays d\u2019Am\u00e9rique Latine, de la Cara\u00efbe et de l\u2019Union Europ\u00e9enne d\u00e9clarons ce qui suit : Nous voyons aujourd\u2019hui comment les biens naturels, les droits [&hellip;]<\/p>\n","protected":false},"author":1,"featured_media":0,"comment_status":"open","ping_status":"closed","sticky":false,"template":"","format":"standard","meta":{"footnotes":""},"categories":[125,126,147,232,180,193,246],"tags":[103,117,23],"class_list":["post-7824","post","type-post","status-publish","format-standard","hentry","category-ecologie","category-gauche-de-combat","category-international","category-notre-economie-et-la-leur","category-services-publics-2","category-social","category-transition-energetique-2","tag-demarche-citoyenne","tag-democratie","tag-luttes"],"_links":{"self":[{"href":"https:\/\/alternatifs81.fr\/index.php?rest_route=\/wp\/v2\/posts\/7824","targetHints":{"allow":["GET"]}}],"collection":[{"href":"https:\/\/alternatifs81.fr\/index.php?rest_route=\/wp\/v2\/posts"}],"about":[{"href":"https:\/\/alternatifs81.fr\/index.php?rest_route=\/wp\/v2\/types\/post"}],"author":[{"embeddable":true,"href":"https:\/\/alternatifs81.fr\/index.php?rest_route=\/wp\/v2\/users\/1"}],"replies":[{"embeddable":true,"href":"https:\/\/alternatifs81.fr\/index.php?rest_route=%2Fwp%2Fv2%2Fcomments&post=7824"}],"version-history":[{"count":0,"href":"https:\/\/alternatifs81.fr\/index.php?rest_route=\/wp\/v2\/posts\/7824\/revisions"}],"wp:attachment":[{"href":"https:\/\/alternatifs81.fr\/index.php?rest_route=%2Fwp%2Fv2%2Fmedia&parent=7824"}],"wp:term":[{"taxonomy":"category","embeddable":true,"href":"https:\/\/alternatifs81.fr\/index.php?rest_route=%2Fwp%2Fv2%2Fcategories&post=7824"},{"taxonomy":"post_tag","embeddable":true,"href":"https:\/\/alternatifs81.fr\/index.php?rest_route=%2Fwp%2Fv2%2Ftags&post=7824"}],"curies":[{"name":"wp","href":"https:\/\/api.w.org\/{rel}","templated":true}]}}