{"id":7803,"date":"2013-02-13T22:27:50","date_gmt":"2013-02-13T21:27:50","guid":{"rendered":"http:\/\/alternatifs81.fr\/?p=7803"},"modified":"2013-02-24T12:21:10","modified_gmt":"2013-02-24T11:21:10","slug":"nantes-un-chomeur-sest-immole-devant-le-centre-de-pole-emploi-est","status":"publish","type":"post","link":"https:\/\/alternatifs81.fr\/?p=7803","title":{"rendered":"Nantes : un ch\u00f4meur s&rsquo;est immol\u00e9 devant le centre de P\u00f4le Emploi est"},"content":{"rendered":"<div id=\"post-body-3922605530310508909\" itemprop=\"description articleBody\" style=\"text-align: justify;\"><strong><img loading=\"lazy\" decoding=\"async\" class=\"alignleft  wp-image-7802\" style=\"margin: 12px 11px;\" alt=\"Europe-Priorite-au-chomage\" src=\"http:\/\/alternatifs81.fr\/wp-content\/uploads\/Europe-Priorite-au-chomage.jpg\" width=\"256\" height=\"186\" srcset=\"https:\/\/alternatifs81.fr\/wp-content\/uploads\/Europe-Priorite-au-chomage.jpg 320w, https:\/\/alternatifs81.fr\/wp-content\/uploads\/Europe-Priorite-au-chomage-300x217.jpg 300w\" sizes=\"auto, (max-width: 256px) 100vw, 256px\" \/>En fin de droit, un ch\u00f4meur de 43 ans s\u2019est immol\u00e9 en milieu de journ\u00e9e devant le centre P\u00f4le Emploi de Nantes Est. Les jours pr\u00e9c\u00e9dents, il avait alert\u00e9 les services de p\u00f4le Emploi et plusieurs m\u00e9dias de son intention en contestant, au regard de son temps travaill\u00e9, sa mise en fin de droit. Son acte de d\u00e9sespoir ultime est donc sans conteste li\u00e9 \u00e0 sa situation sociale. <\/strong><br \/>\n<b><br \/>\n<\/b><b>Pour les Alternatifs, un tel drame a des responsables. Et ce ne sont pas les salari\u00e9-e-s de P\u00f4le emploi, confront\u00e9s \u00e0 l\u2019explosion du ch\u00f4mage et \u00e0 des r\u00e8gles de plus en plus drastiques pour renforcer le contr\u00f4le des sans-emplois et accro\u00eetre les radiations et les fins de droit. Les vrais coupables sont ceux qui licencient et ceux refusent d&rsquo;interdire les licenciements dans toutes les entreprises qui font de b\u00e9n\u00e9fices et de garantir aux femmes et aux hommes sans emplois un revenu minimum d\u2019existence d\u00e9cent c&rsquo;est-\u00e0-dire au moins \u00e9gal au seuil de pauvret\u00e9 (1000 euros\/mois). <\/b><br \/>\n<b><br \/>\n<\/b><b>La violence extr\u00eame de ce suicide annonc\u00e9 est terrifiante. Mais elle n\u2019est que le sommet d\u2019un iceberg de mis\u00e8re qui ne cesse de cro\u00eetre. Et qui chaque jour, le plus souvent dans le silence et l\u2019indiff\u00e9rence, broie des \u00eatres humains. <\/b><\/div>\n<div itemprop=\"description articleBody\" style=\"text-align: justify;\"><b>Jusqu\u2019\u00e0 quand ?<\/b><\/div>\n<gcse:search><\/gcse:search>","protected":false},"excerpt":{"rendered":"<p>En fin de droit, un ch\u00f4meur de 43 ans s\u2019est immol\u00e9 en milieu de journ\u00e9e devant le centre P\u00f4le Emploi de Nantes Est. Les jours pr\u00e9c\u00e9dents, il avait alert\u00e9 les services de p\u00f4le Emploi et plusieurs m\u00e9dias de son intention en contestant, au regard de son temps travaill\u00e9, sa mise en fin de droit. Son [&hellip;]<\/p>\n","protected":false},"author":1,"featured_media":0,"comment_status":"open","ping_status":"closed","sticky":false,"template":"","format":"standard","meta":{"footnotes":""},"categories":[9,21,180,193],"tags":[26,117,140],"class_list":["post-7803","post","type-post","status-publish","format-standard","hentry","category-communiques","category-les-alters-dans-les-luttes","category-services-publics-2","category-social","tag-communique-de-presse","tag-democratie","tag-travail"],"_links":{"self":[{"href":"https:\/\/alternatifs81.fr\/index.php?rest_route=\/wp\/v2\/posts\/7803","targetHints":{"allow":["GET"]}}],"collection":[{"href":"https:\/\/alternatifs81.fr\/index.php?rest_route=\/wp\/v2\/posts"}],"about":[{"href":"https:\/\/alternatifs81.fr\/index.php?rest_route=\/wp\/v2\/types\/post"}],"author":[{"embeddable":true,"href":"https:\/\/alternatifs81.fr\/index.php?rest_route=\/wp\/v2\/users\/1"}],"replies":[{"embeddable":true,"href":"https:\/\/alternatifs81.fr\/index.php?rest_route=%2Fwp%2Fv2%2Fcomments&post=7803"}],"version-history":[{"count":0,"href":"https:\/\/alternatifs81.fr\/index.php?rest_route=\/wp\/v2\/posts\/7803\/revisions"}],"wp:attachment":[{"href":"https:\/\/alternatifs81.fr\/index.php?rest_route=%2Fwp%2Fv2%2Fmedia&parent=7803"}],"wp:term":[{"taxonomy":"category","embeddable":true,"href":"https:\/\/alternatifs81.fr\/index.php?rest_route=%2Fwp%2Fv2%2Fcategories&post=7803"},{"taxonomy":"post_tag","embeddable":true,"href":"https:\/\/alternatifs81.fr\/index.php?rest_route=%2Fwp%2Fv2%2Ftags&post=7803"}],"curies":[{"name":"wp","href":"https:\/\/api.w.org\/{rel}","templated":true}]}}