{"id":7779,"date":"2013-02-13T11:24:02","date_gmt":"2013-02-13T10:24:02","guid":{"rendered":"http:\/\/alternatifs81.fr\/?p=7779"},"modified":"2013-02-24T12:22:30","modified_gmt":"2013-02-24T11:22:30","slug":"vigilance-et-mobilisation-pour-la-defense-de-nos-droits-democratiques-a-manifester-et-a-circuler-librement","status":"publish","type":"post","link":"https:\/\/alternatifs81.fr\/?p=7779","title":{"rendered":"Vigilance et mobilisation pour la d\u00e9fense de nos droits d\u00e9mocratiques \u00e0 manifester et \u00e0 circuler librement"},"content":{"rendered":"<div>\n<p style=\"text-align: justify;\"><span style=\"color: #808000;\"><img loading=\"lazy\" decoding=\"async\" class=\"alignleft  wp-image-7071\" style=\"margin: 12px;\" alt=\"\u00e9vacuation muscl\u00e9e du 23 nov 3\" src=\"http:\/\/alternatifs81.fr\/wp-content\/uploads\/\u00e9vacuation-muscl\u00e9e-du-23-nov-3.jpg\" width=\"286\" height=\"190\" srcset=\"https:\/\/alternatifs81.fr\/wp-content\/uploads\/\u00e9vacuation-muscl\u00e9e-du-23-nov-3.jpg 476w, https:\/\/alternatifs81.fr\/wp-content\/uploads\/vacuation-muscl\u00e9e-du-23-nov-3-300x199.jpg 300w\" sizes=\"auto, (max-width: 286px) 100vw, 286px\" \/>\u00ab\u00a0<strong><i>La col\u00e8re sociale, avec les cons\u00e9quences de la crise \u00e9conomique et financi\u00e8re, la pr\u00e9carit\u00e9, le ch\u00f4mage, les plans de licenciements, elle est l\u00e0, elle gronde depuis des ann\u00e9es<\/i><\/strong>\u00ab\u00a0<\/span><strong>, a reconnu, mardi dernier 5 f\u00e9vrier, le ministre de l\u2019Int\u00e9rieur Manuel Valls, ajoutant <\/strong><span style=\"color: #808000;\">\u00ab\u00a0<strong><i>aujourd\u2019hui on assiste moins \u00e0 des mouvements sociaux, qu\u2019\u00e0 des implosions ou explosions sociales<\/i><\/strong>\u00ab\u00a0<\/span><\/p>\n<p style=\"text-align: justify;\"><strong>. Pour le premier flic de France, ces risques d\u2019explosion sociale, <\/strong><span style=\"color: #808000;\">\u00ab\u00a0<strong>i<i>l faut les comprendre, mais on ne peut pas les admettre. On peut essayer de comprendre les raisons qui poussent des hommes et des femmes au d\u00e9sespoir mais on ne peut pas casser l\u2019outil de travail<\/i><\/strong>\u00ab\u00a0<\/span><strong>. Vous avez bien lu : <\/strong><span style=\"color: #808000;\">\u00ab\u00a0<strong><i>c<\/i><\/strong><strong><i>asser l\u2019outil de travail<\/i><\/strong>\u00ab\u00a0<\/span><strong><span style=\"color: #808000;\">,<\/span> et c\u2019est un ministre d\u2019un gouvernement soi-disant de gauche qui caract\u00e9rise ainsi les <!--more-->mobilisations syndicales pour la d\u00e9fense de l\u2019emploi ! <\/strong><br \/>\n<b><br \/>\n<\/b><b>De Notre Dame des Landes, \u00e0 Florange, PSA et Good Year, les syndicalistes, les militant-e-s de tout bord et les citoyen-ne-s refusant de rentrer dans le rang sont devenus les cibles d\u2019une pression polici\u00e8re et juridique sans \u00e9quivalent. <\/b><br \/>\n<b><br \/>\n<\/b><b>A Strasbourg, mercredi dernier 6 f\u00e9vrier, apr\u00e8s que les cars des manifestant-e-s venant de Li\u00e8ge, Luxembourg et Florange aient \u00e9t\u00e9 fouill\u00e9s et plusieurs dizaines de sid\u00e9rurgistes des entreprises Mitall refoul\u00e9s, un jeune sid\u00e9rurgiste belge, touch\u00e9 par un tir de flash-ball, a perdu un \u0153il. <\/b><br \/>\n<a name=\"more\"><\/a><br \/>\n<b><br \/>\n<\/b><b>Hier matin, \u00e0 Rueil, les GoodYear venus manifester pour refuser la fermeture de leur entreprise ont \u00e9t\u00e9 accueillis par des centaines de CRS. <\/b><br \/>\n<b><br \/>\n<\/b><b>A Notre Dame des Landes, la pr\u00e9sence polici\u00e8re est chaque jour plus insupportable avec contr\u00f4les des identit\u00e9s et des v\u00e9hicules des habitant-e-s \u00e0 toute heure du jour et de la nuit, intrusion des cars de CRS dans les propri\u00e9t\u00e9s priv\u00e9es, et m\u00eame tentative de bloquer le d\u00e9roulement de la manifestation de dimanche dernier par un contr\u00f4le d\u2019identit\u00e9 des participant-e-s ! <\/b><br \/>\n<b><br \/>\n<\/b><b>La Ville de Nantes n\u2019avait quant \u00e0 elle jamais connu, dans la dur\u00e9e, une telle pr\u00e9sence polici\u00e8re. Le moindre rassemblement, la moindre manifestation syndicale et ce sont des centaines de CRS et de policiers mobilis\u00e9s, avec le d\u00e9ploiement d\u2019un arsenal d\u00e9mentiel, des rues coup\u00e9es par des grilles, un arbitraire g\u00e9n\u00e9ralis\u00e9 qui entrave la libert\u00e9 de circulation des citoyen-ne-s. <\/b><br \/>\n<b><br \/>\n<\/b><b>Sous Sarkozy, de telles mesures auraient justement entra\u00een\u00e9es des protestations de toutes les forces d\u00e9mocratiques. Sous Hollande-Ayrault, la timidit\u00e9 des protestations &#8211; pas celles de la droite qui applaudit ni celles des principaux \u00e9lus PS qui, h\u00e9las, appellent et soutiennent publiquement cette d\u00e9ferlante polici\u00e8re mais celles des associations, syndicats et partis de gauche &#8211; est aujourd\u2019hui pour le moins tr\u00e8s insuffisante. <\/b><br \/>\n<b><br \/>\n<\/b><b>Laisser ainsi s\u2019installer et les citoyen-ne-s s\u2019habituer \u00e0 l\u2019arbitraire d\u2019un \u00e9tat, de moins en moins polic\u00e9 et de plus en plus policier, qui traite les travailleurs en lutte, les syndicalistes et globalement ses opposant-e-s de gauche comme des d\u00e9linquants potentiels quand ce n\u2019est pas des terroristes est mortif\u00e8re pour la d\u00e9mocratie. <\/b><\/p>\n<\/div>\n<gcse:search><\/gcse:search>","protected":false},"excerpt":{"rendered":"<p>\u00ab\u00a0La col\u00e8re sociale, avec les cons\u00e9quences de la crise \u00e9conomique et financi\u00e8re, la pr\u00e9carit\u00e9, le ch\u00f4mage, les plans de licenciements, elle est l\u00e0, elle gronde depuis des ann\u00e9es\u00ab\u00a0, a reconnu, mardi dernier 5 f\u00e9vrier, le ministre de l\u2019Int\u00e9rieur Manuel Valls, ajoutant \u00ab\u00a0aujourd\u2019hui on assiste moins \u00e0 des mouvements sociaux, qu\u2019\u00e0 des implosions ou explosions sociales\u00ab\u00a0 [&hellip;]<\/p>\n","protected":false},"author":1,"featured_media":0,"comment_status":"open","ping_status":"closed","sticky":false,"template":"","format":"standard","meta":{"footnotes":""},"categories":[126,21,217,244,193],"tags":[34,103,117,23],"class_list":["post-7779","post","type-post","status-publish","format-standard","hentry","category-gauche-de-combat","category-les-alters-dans-les-luttes","category-libertes","category-point-de-vue","category-social","tag-alternatifs","tag-demarche-citoyenne","tag-democratie","tag-luttes"],"_links":{"self":[{"href":"https:\/\/alternatifs81.fr\/index.php?rest_route=\/wp\/v2\/posts\/7779","targetHints":{"allow":["GET"]}}],"collection":[{"href":"https:\/\/alternatifs81.fr\/index.php?rest_route=\/wp\/v2\/posts"}],"about":[{"href":"https:\/\/alternatifs81.fr\/index.php?rest_route=\/wp\/v2\/types\/post"}],"author":[{"embeddable":true,"href":"https:\/\/alternatifs81.fr\/index.php?rest_route=\/wp\/v2\/users\/1"}],"replies":[{"embeddable":true,"href":"https:\/\/alternatifs81.fr\/index.php?rest_route=%2Fwp%2Fv2%2Fcomments&post=7779"}],"version-history":[{"count":0,"href":"https:\/\/alternatifs81.fr\/index.php?rest_route=\/wp\/v2\/posts\/7779\/revisions"}],"wp:attachment":[{"href":"https:\/\/alternatifs81.fr\/index.php?rest_route=%2Fwp%2Fv2%2Fmedia&parent=7779"}],"wp:term":[{"taxonomy":"category","embeddable":true,"href":"https:\/\/alternatifs81.fr\/index.php?rest_route=%2Fwp%2Fv2%2Fcategories&post=7779"},{"taxonomy":"post_tag","embeddable":true,"href":"https:\/\/alternatifs81.fr\/index.php?rest_route=%2Fwp%2Fv2%2Ftags&post=7779"}],"curies":[{"name":"wp","href":"https:\/\/api.w.org\/{rel}","templated":true}]}}