{"id":7703,"date":"2013-02-04T21:32:59","date_gmt":"2013-02-04T20:32:59","guid":{"rendered":"http:\/\/alternatifs81.fr\/?p=7703"},"modified":"2013-02-13T11:02:34","modified_gmt":"2013-02-13T10:02:34","slug":"le-medef-en-revait-vont-ils-le-faire-par-jean-jacques-boislaroussie","status":"publish","type":"post","link":"https:\/\/alternatifs81.fr\/?p=7703","title":{"rendered":"Le MEDEF en r\u00eavait : vont-ils le faire ? par Jean-Jacques Boislaroussie"},"content":{"rendered":"<div id=\"post-body-5242843526744078666\" itemprop=\"description articleBody\" style=\"text-align: justify;\">\n<h3><b><img loading=\"lazy\" decoding=\"async\" class=\"alignleft size-full wp-image-6424\" alt=\"cd-un-peu-capit-bcp\" src=\"http:\/\/alternatifs81.fr\/wp-content\/uploads\/cd-un-peu-capit-bcp.jpg\" width=\"136\" height=\"150\" \/>Le gouvernement veut transcrire dans la loi le nouvel accord dit de \u00ab s\u00e9curisation de l\u2019emploi \u00bb sign\u00e9 par trois syndicats (la CFDT, la CGC et la CFTC) et le patronat. Une telle loi favoriserait des accords d\u2019entreprises permettant d\u2019augmenter le temps de travail ou de baisser les salaires afin de \u00ab maintenir l\u2019emploi \u00bb. Des accords de ce type ont d\u00e9j\u00e0 \u00e9t\u00e9 sign\u00e9s dans quelques usines, mais une loi permettrait de g\u00e9n\u00e9raliser les reculs sociaux. En d&rsquo;autres temps, la social-d\u00e9mocratie allemande, avec Schr\u00f6der, avait port\u00e9 un projet coh\u00e9rent de r\u00e9gression sociale : elle n&rsquo;a pas fini d&rsquo;en payer le prix. <\/b><\/h3>\n<h3><b><br \/>\n<\/b><b>Le tir de barrage des experts et \u00e9ditorialistes porte-voix du MEDEF contre le syndicat CGT de l&rsquo;usine Goodyear d&rsquo;Amiens Nord illustre bien l&rsquo;enjeu. Ga\u00ebtan de Cap\u00e8le dans le Figaro : \u00ab\u00a0l<i>a fermeture de l&rsquo;usine d&rsquo;Amiens r\u00e9sume ce que le syndicalisme radical, retranch\u00e9 derri\u00e8re une lutte des classes d&rsquo;un autre temps, peut produire de pire. Parce que, pour s&rsquo;\u00eatre oppos\u00e9e \u00e0<!--more--> toute r\u00e9organisation, \u00e0 tout plan de d\u00e9parts volontaires et pour avoir syst\u00e9matiquement fait \u00e9chouer les solutions de reprise, la CGT a fini par condamner le site. Et parce que, au bout du compte, ce sont les salari\u00e9s, bern\u00e9s par une poign\u00e9e d&rsquo;extr\u00e9mistes, qui vont payer l&rsquo;addition.<\/i>\u00a0\u00bb Pour Jean-Marc Sylvestre : \u00ab\u00a0<i>La fermeture annonc\u00e9e de l&rsquo;usine Goodyear restera comme la cons\u00e9quence la plus cruelle de l&rsquo;archa\u00efsme syndical fran\u00e7ais soutenue par une d\u00e9magogie politique particuli\u00e8rement sophistiqu\u00e9e<\/i>\u00ab\u00a0. <\/b><\/h3>\n<h3><b><br \/>\n<\/b><b>Bref les syndicats sont invit\u00e9s, le pistolet de la fermeture des entreprises sur la tempe, \u00e0 cautionner l&rsquo;intensification du travail, le passage au 4X8, la baisse des salaires. Il est temps d&rsquo;engager une riposte d&rsquo;ensemble. <\/b><\/h3>\n<h3><a name=\"more\"><\/a><\/h3>\n<h3><b><br \/>\n<\/b><b>Les syndicats ayant refus\u00e9 l&rsquo;accord pr\u00e9parent une journ\u00e9e d&rsquo;action \u00e0 \u00e9ch\u00e9ance de quelques semaines, elle doit \u00eatre massive pour faire reculer le gouvernement. <\/b><\/h3>\n<h3><b><br \/>\n<\/b><b>ATTAC et la Fondation Copernic travaillent \u00e0 la construction d&rsquo;un cadre unitaire large pour informer et mobiliser, cadre regroupant associations, organisations syndicales, partis et courants politiques. C&rsquo;est la voie \u00e0 suivre, et les Alternatifs s&rsquo;associeront \u00e0 cette d\u00e9marche. <\/b><\/h3>\n<h3><b><br \/>\n<\/b><em><b>Enfin, dans le cadre de la campagne contre l&rsquo;aust\u00e9rit\u00e9 engag\u00e9e par le Front de Gauche, se pose la question d&rsquo;une manifestation nationale pour des alternatives au ch\u00f4mage et \u00e0 la pr\u00e9carit\u00e9. <\/b><\/em><\/h3>\n<h3><b><span style=\"color: #808000;\">Nous n&rsquo;opposons pas l&rsquo;objectif d&rsquo;une loi contre les licenciements \u00e0 l&rsquo;extension des droits des salari\u00e9.e.s, en premier lieu un droit de v\u00e9to des travailleur.se.s sur les licenciements, ou \u00e0 la mise en autogestion des entreprises sacrifi\u00e9es sur l\u2019autel du profit.<\/span> <\/b><\/h3>\n<h3><b><span style=\"color: #008000;\">Car face \u00e0 une menace majeure de r\u00e9gression, cautionn\u00e9e par le gouvernement, c&rsquo;est une alternative d&rsquo;ensemble qu&rsquo;il faut porter. <\/span><\/b><\/h3>\n<p><b><br \/>\n<\/b><span style=\"color: #0000ff;\"><em><b>Jean Jacques Boislaroussie<\/b><\/em><\/span><\/p>\n<\/div>\n<gcse:search><\/gcse:search>","protected":false},"excerpt":{"rendered":"<p>Le gouvernement veut transcrire dans la loi le nouvel accord dit de \u00ab s\u00e9curisation de l\u2019emploi \u00bb sign\u00e9 par trois syndicats (la CFDT, la CGC et la CFTC) et le patronat. Une telle loi favoriserait des accords d\u2019entreprises permettant d\u2019augmenter le temps de travail ou de baisser les salaires afin de \u00ab maintenir l\u2019emploi \u00bb. [&hellip;]<\/p>\n","protected":false},"author":1,"featured_media":0,"comment_status":"open","ping_status":"closed","sticky":false,"template":"","format":"standard","meta":{"footnotes":""},"categories":[15,126,21,244,193,295],"tags":[34,117,23,140],"class_list":["post-7703","post","type-post","status-publish","format-standard","hentry","category-autogestion","category-gauche-de-combat","category-les-alters-dans-les-luttes","category-point-de-vue","category-social","category-travail-2","tag-alternatifs","tag-democratie","tag-luttes","tag-travail"],"_links":{"self":[{"href":"https:\/\/alternatifs81.fr\/index.php?rest_route=\/wp\/v2\/posts\/7703","targetHints":{"allow":["GET"]}}],"collection":[{"href":"https:\/\/alternatifs81.fr\/index.php?rest_route=\/wp\/v2\/posts"}],"about":[{"href":"https:\/\/alternatifs81.fr\/index.php?rest_route=\/wp\/v2\/types\/post"}],"author":[{"embeddable":true,"href":"https:\/\/alternatifs81.fr\/index.php?rest_route=\/wp\/v2\/users\/1"}],"replies":[{"embeddable":true,"href":"https:\/\/alternatifs81.fr\/index.php?rest_route=%2Fwp%2Fv2%2Fcomments&post=7703"}],"version-history":[{"count":0,"href":"https:\/\/alternatifs81.fr\/index.php?rest_route=\/wp\/v2\/posts\/7703\/revisions"}],"wp:attachment":[{"href":"https:\/\/alternatifs81.fr\/index.php?rest_route=%2Fwp%2Fv2%2Fmedia&parent=7703"}],"wp:term":[{"taxonomy":"category","embeddable":true,"href":"https:\/\/alternatifs81.fr\/index.php?rest_route=%2Fwp%2Fv2%2Fcategories&post=7703"},{"taxonomy":"post_tag","embeddable":true,"href":"https:\/\/alternatifs81.fr\/index.php?rest_route=%2Fwp%2Fv2%2Ftags&post=7703"}],"curies":[{"name":"wp","href":"https:\/\/api.w.org\/{rel}","templated":true}]}}