{"id":7695,"date":"2013-02-02T23:23:20","date_gmt":"2013-02-02T22:23:20","guid":{"rendered":"http:\/\/alternatifs81.fr\/?p=7695"},"modified":"2013-02-17T22:39:07","modified_gmt":"2013-02-17T21:39:07","slug":"pilules-pas-de-panique-il-faut-le-redire","status":"publish","type":"post","link":"https:\/\/alternatifs81.fr\/?p=7695","title":{"rendered":"Pilules, pas de panique : il faut le redire !"},"content":{"rendered":"<div style=\"text-align: justify;\"><b><span style=\"color: #0000ff;\"><em>COMMUNIQU\u00c9 DE PRESSE Planning Familial <\/em><\/span><br \/>\n<span style=\"color: #0000ff;\"><em>29 janvier 2013<\/em><\/span><\/b><\/div>\n<div style=\"text-align: justify;\">\u00a0<img loading=\"lazy\" decoding=\"async\" class=\"alignleft  wp-image-7220\" alt=\"sans-titre\" src=\"http:\/\/alternatifs81.fr\/wp-content\/uploads\/sans-titre25.png\" width=\"480\" height=\"82\" srcset=\"https:\/\/alternatifs81.fr\/wp-content\/uploads\/sans-titre25.png 600w, https:\/\/alternatifs81.fr\/wp-content\/uploads\/sans-titre25-300x51.png 300w\" sizes=\"auto, (max-width: 480px) 100vw, 480px\" \/><\/div>\n<div style=\"text-align: justify;\">\n<h2><span style=\"color: #808000;\"><b><img loading=\"lazy\" decoding=\"async\" class=\"alignleft size-full wp-image-7696\" style=\"margin: 10px;\" alt=\"avortement\" src=\"http:\/\/alternatifs81.fr\/wp-content\/uploads\/avortement2.jpg\" width=\"200\" height=\"274\" \/>Pilules, pas de panique : il faut le redire !<\/b><\/span><\/h2>\n<h3><b>Chaque semaine, chaque jour presque, sont mis avant les dangers d\u2019une pilule puis d\u2019une autre&#8230; sans que jamais ne soient \u00e9voqu\u00e9es les cons\u00e9quences d\u2019un arr\u00eat brutal de contraception, en l\u2019occurrence une grossesse non pr\u00e9vue ! R\u00e9sultats : peur et m\u00e9fiance ! <\/b><\/h3>\n<h3>On en oublierait presque que la pilule est d\u2019abord un moyen de contraception efficace, et qu\u2019\u00e0 ce titre, c\u2019est un vrai progr\u00e8s pour les femmes et les hommes qui choisissent de vivre une sexualit\u00e9 libre et \u00e9panouie ! Que c\u2019est le choix des femmes de ma\u00eetriser leur f\u00e9condit\u00e9, de d\u00e9cider si et quand elles veulent \u00eatre m\u00e8res ou pas !<\/h3>\n<h3>Sans vouloir minimiser les situations dramatiques et douloureuses v\u00e9cues par les familles qui d\u00e9posent plainte, Le Planning Familial s\u2019interroge sur la fa\u00e7on dont se fait l\u2019information aujourd\u2019hui.<\/h3>\n<h3>En France, en Europe et dans le monde, ces droits des femmes \u00e0 disposer<!--more--> de leur corps sont toujours malmen\u00e9s : 222 millions de femmes dans le monde n\u2019ont toujours pas acc\u00e8s aux services de planification familiale et une femme meurt toutes les 8 minutes des suites d\u2019un avortement clandestin, faute de cet acc\u00e8s ais\u00e9 \u00e0 la contraception et \u00e0 un avortement s\u00fbr et l\u00e9gal&#8230;<\/h3>\n<h3>Qui se soucie aujourd\u2019hui de l\u2019inapplication de la loi fran\u00e7aise de 2001 ? Qui se soucie que l\u2019information et l\u2019\u00e9ducation \u00e0 la sexualit\u00e9 manquent de moyens, que des m\u00e9thodes de contraception toujours mal ou pas rembours\u00e9es, que l\u2019acc\u00e8s \u00e0 la contraception d\u00e9finitive soit souvent refus\u00e9 et qu\u2019il manque de lieux d\u2019accueil pour les jeunes sur les territoires ?<\/h3>\n<h3>Chaque femme, chaque homme, sans condition de situation ou de ressources doit pouvoir exercer le droit de choisir une contraception adapt\u00e9e et rembours\u00e9e, en toute confiance, apr\u00e8s avoir re\u00e7u une information claire et objective sur les avantages et les risques de l\u2019ensemble des moyens de contraception. Tous les jeunes doivent pouvoir acc\u00e9der \u00e0 cette contraception de mani\u00e8re gratuite, confidentielle, autonome et responsable : 59% des 15-17ans utilisent un pr\u00e9servatif non rembours\u00e9 comme moyen de contraception, parfois en association avec la pilule dans 15% des cas (Enqu\u00eate Fecond 2010, Bajos et al,). Ce sont les conditions n\u00e9cessaires \u00e0 l\u2019exercice de ce droit fondamental.<\/h3>\n<h3>L\u2019acc\u00e8s \u00e0 une information claire, compl\u00e8te et en toute transparence est une responsabilit\u00e9 de l\u2019Etat. Il lui appartient donc de veiller \u00e0 la formation des professionnels et \u00e0 l\u2019information du grand public sur TOUS les moyens de contraception, la pilule bien s\u00fbr, mais aussi tous les autres, d\u2019autoriser ou non la mise sur le march\u00e9 de ces produits, de faire les recommandations aupr\u00e8s des prescripteurs et de veiller \u00e0 leur application.<\/h3>\n<h3>Garantir \u00e0 toutes et tous l\u2019acc\u00e8s en toute s\u00e9curit\u00e9 et sans jugement \u00e0 l\u2019information, \u00e0 toutes les m\u00e9thodes de contraception et \u00e0 l\u2019avortement, est un combat universel ! Les droits sexuels sont des droits fondamentaux et au-del\u00e0 d\u2019une question prioritaire de sant\u00e9 publique, il s\u2019agit bien d\u2019autonomie, de libert\u00e9, d\u2019ind\u00e9pendance, dans le respect des diff\u00e9rences.<\/h3>\n<h3>Droit \u00e0 l\u2019information et droit de choisir vont ensemble !<\/h3>\n<h3>A quand une v\u00e9ritable campagne d\u2019information sur TOUS les moyens de contraception ?<\/h3>\n<h3>A quand des messages clairs, objectifs, coh\u00e9rents et rassurants ?<\/h3>\n<\/div>\n<gcse:search><\/gcse:search>","protected":false},"excerpt":{"rendered":"<p>COMMUNIQU\u00c9 DE PRESSE Planning Familial 29 janvier 2013 \u00a0 Pilules, pas de panique : il faut le redire ! Chaque semaine, chaque jour presque, sont mis avant les dangers d\u2019une pilule puis d\u2019une autre&#8230; sans que jamais ne soient \u00e9voqu\u00e9es les cons\u00e9quences d\u2019un arr\u00eat brutal de contraception, en l\u2019occurrence une grossesse non pr\u00e9vue ! R\u00e9sultats [&hellip;]<\/p>\n","protected":false},"author":1,"featured_media":0,"comment_status":"open","ping_status":"closed","sticky":false,"template":"","format":"standard","meta":{"footnotes":""},"categories":[149],"tags":[26,400],"class_list":["post-7695","post","type-post","status-publish","format-standard","hentry","category-feminisme","tag-communique-de-presse","tag-feminisme"],"_links":{"self":[{"href":"https:\/\/alternatifs81.fr\/index.php?rest_route=\/wp\/v2\/posts\/7695","targetHints":{"allow":["GET"]}}],"collection":[{"href":"https:\/\/alternatifs81.fr\/index.php?rest_route=\/wp\/v2\/posts"}],"about":[{"href":"https:\/\/alternatifs81.fr\/index.php?rest_route=\/wp\/v2\/types\/post"}],"author":[{"embeddable":true,"href":"https:\/\/alternatifs81.fr\/index.php?rest_route=\/wp\/v2\/users\/1"}],"replies":[{"embeddable":true,"href":"https:\/\/alternatifs81.fr\/index.php?rest_route=%2Fwp%2Fv2%2Fcomments&post=7695"}],"version-history":[{"count":0,"href":"https:\/\/alternatifs81.fr\/index.php?rest_route=\/wp\/v2\/posts\/7695\/revisions"}],"wp:attachment":[{"href":"https:\/\/alternatifs81.fr\/index.php?rest_route=%2Fwp%2Fv2%2Fmedia&parent=7695"}],"wp:term":[{"taxonomy":"category","embeddable":true,"href":"https:\/\/alternatifs81.fr\/index.php?rest_route=%2Fwp%2Fv2%2Fcategories&post=7695"},{"taxonomy":"post_tag","embeddable":true,"href":"https:\/\/alternatifs81.fr\/index.php?rest_route=%2Fwp%2Fv2%2Ftags&post=7695"}],"curies":[{"name":"wp","href":"https:\/\/api.w.org\/{rel}","templated":true}]}}