{"id":7461,"date":"2013-01-08T09:45:56","date_gmt":"2013-01-08T08:45:56","guid":{"rendered":"http:\/\/alternatifs81.fr\/?p=7461"},"modified":"2013-01-13T07:31:30","modified_gmt":"2013-01-13T06:31:30","slug":"tous-a-la-zad-audio","status":"publish","type":"post","link":"https:\/\/alternatifs81.fr\/?p=7461","title":{"rendered":"A la ZAD de NDDL: Le son et la forme a mis ses bottes ! (audio)"},"content":{"rendered":"<h3><span style=\"color: #808000;\"><a href=\"http:\/\/alternatifs81.fr\/wp-content\/uploads\/attac_asterix_nddl1.jpg\" rel=\"lightbox[7461]\"><img loading=\"lazy\" decoding=\"async\" class=\"alignleft size-medium wp-image-7462\" style=\"margin: 12px;\" title=\"attac_asterix_nddl\" src=\"http:\/\/alternatifs81.fr\/wp-content\/uploads\/attac_asterix_nddl1-220x300.jpg\" alt=\"\" width=\"220\" height=\"300\" srcset=\"https:\/\/alternatifs81.fr\/wp-content\/uploads\/attac_asterix_nddl1-220x300.jpg 220w, https:\/\/alternatifs81.fr\/wp-content\/uploads\/attac_asterix_nddl1.jpg 600w\" sizes=\"auto, (max-width: 220px) 100vw, 220px\" \/><\/a>D&rsquo;un s\u00e9jour de quelques jours avec les R\u00e9sistant-e-s de Notre Dame des Landes, <\/span><span style=\"color: #808000;\">Wil ram\u00e8ne ce premier t\u00e9moignage audio \u00ab\u00a0mis en forme\u00a0\u00bb . . . <\/span><\/h3>\n<h3><span style=\"color: #808000;\"><span style=\"text-decoration: underline;\">A \u00e9couter, diffuser, rediffuser autour de nous SANS MODERATION ! <\/span><\/span><\/h3>\n<h3><span style=\"color: #808000;\"><span style=\"color: #008000;\"><em>Premier jet d&rsquo;un tour d&rsquo;horizon de ce que soul\u00e8ve Notre Dame des Landes&#8230; et sa ZAD ! <\/em><\/span><\/span><span style=\"color: #808000;\">\u00a0<\/span><span style=\"color: #808000;\">A \u00e9couter ici : <\/span><\/h3>\n<h3><span style=\"color: #808000;\"><br \/>\n<\/span><a href=\"http:\/\/audioblog.arteradio.com\/\/Leson-et-laforme\/frontUser.do?method=getPost&amp;postId=3054773&amp;blogName=Leson-et-laforme\" target=\"_blank\">Laisse b\u00e9ton \u00e0 Notre Dame des Landes 01<\/a><br \/>\n<a href=\"http:\/\/audioblog.arteradio.com\/\/Leson-et-laforme\/frontUser.do?method=getPost&amp;postId=3054786&amp;blogName=Leson-et-laforme\" target=\"_blank\">Laisse b\u00e9ton \u00e0 Notre Dame des Landes 02<\/a><br \/>\n<a href=\"http:\/\/audioblog.arteradio.com\/Leson-et-laforme\/frontUser.do?method=getPost&amp;postId=3054806&amp;blogName=Leson-et-laforme\">Laisse b\u00e9ton \u00e0 Notre Dame des Landes 03<\/a><!--more--><\/h3>\n<h3><span style=\"color: #808000;\">\u00a0<\/span><\/h3>\n<h3><span style=\"color: #808000;\"><a href=\"http:\/\/audioblog.arteradio.com\/Leson-et-laforme\/frontUser.do?method=getPost&amp;postId=3054773&amp;blogName=Leson-et-laforme\" target=\"_blank\">http:\/\/audioblog.arteradio.com\/Leson-et-laforme\/frontUser.do?method=getPost&amp;postId=3054773&amp;blogName=Leson-et-laforme<\/a><\/span><\/h3>\n<h3><span style=\"color: #808000;\">suivi par : <\/span><\/h3>\n<h3 style=\"text-align: justify;\"><span style=\"color: #808000;\"><a href=\"http:\/\/audioblog.arteradio.com\/\/Leson-et-laforme\/frontUser.do?method=getPost&amp;postId=3054786&amp;blogName=Leson-et-laforme\">http:\/\/audioblog.arteradio.com\/\/Leson-et-laforme\/frontUser.do?method=getPost&amp;postId=3054786&amp;blogName=Leson-et-laform<\/a>Merci \u00e0 Sivan !<\/p>\n<p>Wil.<\/p>\n<p><\/span><\/h3>\n<gcse:search><\/gcse:search>","protected":false},"excerpt":{"rendered":"<p>D&rsquo;un s\u00e9jour de quelques jours avec les R\u00e9sistant-e-s de Notre Dame des Landes, Wil ram\u00e8ne ce premier t\u00e9moignage audio \u00ab\u00a0mis en forme\u00a0\u00bb . . . A \u00e9couter, diffuser, rediffuser autour de nous SANS MODERATION ! Premier jet d&rsquo;un tour d&rsquo;horizon de ce que soul\u00e8ve Notre Dame des Landes&#8230; et sa ZAD ! \u00a0A \u00e9couter ici [&hellip;]<\/p>\n","protected":false},"author":1,"featured_media":0,"comment_status":"open","ping_status":"closed","sticky":false,"template":"","format":"standard","meta":{"footnotes":""},"categories":[173,244,246],"tags":[103,23,204],"class_list":["post-7461","post","type-post","status-publish","format-standard","hentry","category-no-pasaran","category-point-de-vue","category-transition-energetique-2","tag-demarche-citoyenne","tag-luttes","tag-notre-dame-des-landes"],"_links":{"self":[{"href":"https:\/\/alternatifs81.fr\/index.php?rest_route=\/wp\/v2\/posts\/7461","targetHints":{"allow":["GET"]}}],"collection":[{"href":"https:\/\/alternatifs81.fr\/index.php?rest_route=\/wp\/v2\/posts"}],"about":[{"href":"https:\/\/alternatifs81.fr\/index.php?rest_route=\/wp\/v2\/types\/post"}],"author":[{"embeddable":true,"href":"https:\/\/alternatifs81.fr\/index.php?rest_route=\/wp\/v2\/users\/1"}],"replies":[{"embeddable":true,"href":"https:\/\/alternatifs81.fr\/index.php?rest_route=%2Fwp%2Fv2%2Fcomments&post=7461"}],"version-history":[{"count":0,"href":"https:\/\/alternatifs81.fr\/index.php?rest_route=\/wp\/v2\/posts\/7461\/revisions"}],"wp:attachment":[{"href":"https:\/\/alternatifs81.fr\/index.php?rest_route=%2Fwp%2Fv2%2Fmedia&parent=7461"}],"wp:term":[{"taxonomy":"category","embeddable":true,"href":"https:\/\/alternatifs81.fr\/index.php?rest_route=%2Fwp%2Fv2%2Fcategories&post=7461"},{"taxonomy":"post_tag","embeddable":true,"href":"https:\/\/alternatifs81.fr\/index.php?rest_route=%2Fwp%2Fv2%2Ftags&post=7461"}],"curies":[{"name":"wp","href":"https:\/\/api.w.org\/{rel}","templated":true}]}}