{"id":7449,"date":"2013-01-07T01:41:05","date_gmt":"2013-01-07T00:41:05","guid":{"rendered":"http:\/\/alternatifs81.fr\/?p=7449"},"modified":"2013-01-13T07:32:48","modified_gmt":"2013-01-13T06:32:48","slug":"mariage-pour-tous-et-toutes-un-pas-en-avant-insuffisant","status":"publish","type":"post","link":"https:\/\/alternatifs81.fr\/?p=7449","title":{"rendered":"Mariage pour tous et toutes : un pas en avant insuffisant"},"content":{"rendered":"<div>\n<h2 style=\"text-align: left;\"><span style=\"color: #008000;\"><a href=\"http:\/\/alternatifs81.fr\/wp-content\/uploads\/arton1751-d92544.png\" rel=\"lightbox[7449]\"><img loading=\"lazy\" decoding=\"async\" class=\"alignleft size-full wp-image-7450\" style=\"margin: 10px;\" title=\"arton1751-d9254\" src=\"http:\/\/alternatifs81.fr\/wp-content\/uploads\/arton1751-d92544.png\" alt=\"\" width=\"150\" height=\"65\" \/><\/a><a title=\"Mariage pour tous et toutes : un pas en avant insuffisant\" href=\"http:\/\/alternatifs0726.over-blog.com\/article-mariage-pour-tous-et-toutes-un-pas-en-avant-insuffisant-114123693.html\">Mariage pour tous et toutes : un pas en avant insuffisant <\/a><\/span><\/h2>\n<\/div>\n<h3>\n<p style=\"text-align: left;\"><strong><em><span style=\"color: #0000ff;\">\u00a0Communiqu\u00e9 des Alternatifs<\/span><\/em><\/strong><\/p>\n<h3 style=\"text-align: justify;\">En r\u00e9ponse aux revendications pour plus d\u2019\u00e9galit\u00e9 r\u00e9clam\u00e9es par les homosexuels, aussi bien Lesbiennes, Gay, Bi, Transsexuel-les, le l\u00e9gislateur a propos\u00e9 une loi visant \u00e0 ouvrir le mariage aux couples de m\u00eame sexe et le droit \u00e0 l\u2019adoption. Le vote de cette loi serait incontestablement un progr\u00e8s mais ce faisant, le Gouvernement ne r\u00e9pond dans ce texte qu\u2019\u00e0 une partie des revendications.<\/h3>\n<div style=\"text-align: justify;\">\n<p>Les Alternatifs consid\u00e8rent que le mariage doit \u00eatre une possibilit\u00e9 offerte \u00e0 toutes et tous. En ce sens, le projet actuel va vers plus d\u2019\u00e9galit\u00e9. Il s\u2019agit bien d\u2019un mariage la\u00efc civil, c\u00e9l\u00e9br\u00e9 en Mairie, dans les m\u00eames conditions que les mariages actuels.<\/p>\n<\/div>\n<div style=\"text-align: justify;\">\n<p>C\u2019est pourquoi les Alternatifs s\u2019indignent qu\u2019ait \u00e9t\u00e9 parall\u00e8lement \u00e9voqu\u00e9e par le chef de l\u2019Etat la possibilit\u00e9 de mettre en avant une \u00ab clause de conscience \u00bb pour refuser de prononcer ces mariages. Cela revient \u00e0 dire qu\u2019il ne s\u2019agit pas d\u2019un mariage \u00ab normal \u00bb. L\u2019\u00e9galit\u00e9 de traitement ne serait plus la r\u00e8gle.<br \/>\nIl est \u00e9galement pr\u00e9cis\u00e9, dans ce texte, que le mariage de personnes de m\u00eame sexe leur ouvrant la voie de l\u2019adoption, il est n\u00e9cessaire de prendre<!--more-->\u00a0des dispositions concernant la filiation. Les formulations utilis\u00e9es excluent que les enfants n\u00e9s au sein d\u2019un couple de m\u00eame sexe soient de fait consid\u00e9r\u00e9s comme les enfants de ce couple. Seule l\u2019adoption par le conjoint est pr\u00e9vue en ce cas.<br \/>\nPour les Alternatifs, les questions de parentalit\u00e9 et de filiation devraient \u00eatre trait\u00e9es en dehors du texte sur le mariage : le mariage est un engagement mutuel que prennent deux personnes en \u00ab s\u2019unissant \u00bb.<\/p>\n<ul>\n<li>Un enfant n\u00e9 au sein d\u2019un couple devrait \u00eatre consid\u00e9r\u00e9 comme l\u2019enfant des deux partenaires , d\u00e8s lors qu\u2019il est reconnu comme tel par les deux conjoint-es.<\/li>\n<li>Il n\u2019existe pas de bonne raison de s\u2019opposer \u00e0 la procr\u00e9ation m\u00e9dicale assist\u00e9e pour les couples de lesbiennes. Ce n\u2019est pas parce que les hommes ne peuvent pas porter d\u2019enfants qu\u2019il faudrait, sous pr\u00e9texte d\u2019\u00e9galit\u00e9, le refuser aux femmes. Ce n\u2019est pas, parce qu\u2019elles refusent d\u2019en passer par des rapports sexuels qui leur r\u00e9pugnent alors qu\u2019il existe un autre moyen, qu\u2019il faut leur en interdire l\u2019acc\u00e8s. Ne pas leur ouvrir le droit \u00e0 avoir recours au service public leur fait courir des risques en mati\u00e8re de sant\u00e9. Ne pas les faire b\u00e9n\u00e9ficier des m\u00eames conditions de prise en charge par la s\u00e9curit\u00e9 sociale romprait le principe d\u2019\u00e9galit\u00e9 de traitement. C\u2019est pourquoi les Alternatifs sont favorables \u00e0 la PMA pour les couples de lesbiennes dans les m\u00eames conditions que pour les couples actuels : seul le motif diff\u00e8rerait.<br \/>\nDisant cela, nous ne sommes pas dans le d\u00e9ni de l\u2019autre sexe, mais des rapports sexuels impos\u00e9s ne peuvent pas \u00eatre la r\u00e9ponse.<\/li>\n<li>Il existe bien d\u2019autres situations. Pour tous les couples, l\u2019exercice concret de la parentalit\u00e9 devrait \u00eatre examin\u00e9 sous l\u2019angle de la meilleure solution \u00e0 apporter aux besoins de s\u00e9curisation des enfants.<\/li>\n<li style=\"text-align: justify;\">L\u2019adoption n\u2019est sans doute pas chose ais\u00e9e en France, qu\u2019elle soit simple (sans rupture compl\u00e8te avec sa famille d\u2019origine) ou pl\u00e9ni\u00e8re, (effa\u00e7ant la filiation d\u2019origine pour lui substituer un nouvel acte de naissance). L\u2019adoption \u00e0 l\u2019\u00e9tranger suit les lois du pays. Et nombreuses sont les associations \u00e0 ne pas y \u00eatre favorables. La possibilit\u00e9 d\u2019adoption pour les couples de m\u00eame sexe reste malgr\u00e9 tout un progr\u00e8s par rapport \u00e0 la situation actuelle.<\/li>\n<\/ul>\n<h3 style=\"text-align: justify;\"><strong>Ce que nous aurions souhait\u00e9, c\u2019est l\u2019annonce d\u2019un calendrier fixant les d\u00e9lais pour chacun des textes n\u00e9cessaires \u00e0 la satisfaction des l\u00e9gitimes revendications des personnes LGBTI. Ainsi, il n\u2019y aurait eu aucun faux d\u00e9bat sur l\u2019application des promesses et la possibilit\u00e9 d\u2019avoir les \u00e9clairages n\u00e9cessaires \u00e0 leur adoption<\/strong><\/h3>\n<\/div>\n<\/h3>\n<gcse:search><\/gcse:search>","protected":false},"excerpt":{"rendered":"<p>Mariage pour tous et toutes : un pas en avant insuffisant \u00a0Communiqu\u00e9 des Alternatifs En r\u00e9ponse aux revendications pour plus d\u2019\u00e9galit\u00e9 r\u00e9clam\u00e9es par les homosexuels, aussi bien Lesbiennes, Gay, Bi, Transsexuel-les, le l\u00e9gislateur a propos\u00e9 une loi visant \u00e0 ouvrir le mariage aux couples de m\u00eame sexe et le droit \u00e0 l\u2019adoption. Le vote de [&hellip;]<\/p>\n","protected":false},"author":1,"featured_media":0,"comment_status":"open","ping_status":"closed","sticky":false,"template":"","format":"standard","meta":{"footnotes":""},"categories":[9,149,126,21],"tags":[103,50],"class_list":["post-7449","post","type-post","status-publish","format-standard","hentry","category-communiques","category-feminisme","category-gauche-de-combat","category-les-alters-dans-les-luttes","tag-demarche-citoyenne","tag-discriminations"],"_links":{"self":[{"href":"https:\/\/alternatifs81.fr\/index.php?rest_route=\/wp\/v2\/posts\/7449","targetHints":{"allow":["GET"]}}],"collection":[{"href":"https:\/\/alternatifs81.fr\/index.php?rest_route=\/wp\/v2\/posts"}],"about":[{"href":"https:\/\/alternatifs81.fr\/index.php?rest_route=\/wp\/v2\/types\/post"}],"author":[{"embeddable":true,"href":"https:\/\/alternatifs81.fr\/index.php?rest_route=\/wp\/v2\/users\/1"}],"replies":[{"embeddable":true,"href":"https:\/\/alternatifs81.fr\/index.php?rest_route=%2Fwp%2Fv2%2Fcomments&post=7449"}],"version-history":[{"count":0,"href":"https:\/\/alternatifs81.fr\/index.php?rest_route=\/wp\/v2\/posts\/7449\/revisions"}],"wp:attachment":[{"href":"https:\/\/alternatifs81.fr\/index.php?rest_route=%2Fwp%2Fv2%2Fmedia&parent=7449"}],"wp:term":[{"taxonomy":"category","embeddable":true,"href":"https:\/\/alternatifs81.fr\/index.php?rest_route=%2Fwp%2Fv2%2Fcategories&post=7449"},{"taxonomy":"post_tag","embeddable":true,"href":"https:\/\/alternatifs81.fr\/index.php?rest_route=%2Fwp%2Fv2%2Ftags&post=7449"}],"curies":[{"name":"wp","href":"https:\/\/api.w.org\/{rel}","templated":true}]}}