{"id":7255,"date":"2012-12-19T01:12:32","date_gmt":"2012-12-19T00:12:32","guid":{"rendered":"http:\/\/alternatifs81.fr\/?p=7255"},"modified":"2012-12-22T00:12:55","modified_gmt":"2012-12-21T23:12:55","slug":"notre-dame-des-landes-succes-de-la-premiere-reunion-nationale-des-comites-de-soutien-entretien-avec-philippe-champigny","status":"publish","type":"post","link":"https:\/\/alternatifs81.fr\/?p=7255","title":{"rendered":"Notre Dame des Landes : succ\u00e8s de la premi\u00e8re r\u00e9union nationale des comit\u00e9s de soutien. Entretien avec Philippe Champigny"},"content":{"rendered":"<p><em><span style=\"color: #0000ff;\"><a href=\"http:\/\/alternatifs81.fr\/wp-content\/uploads\/76133dc80de92962fbff4d49367d922a2.jpg\" rel=\"lightbox[7255]\"><img loading=\"lazy\" decoding=\"async\" class=\"alignleft size-medium wp-image-7257\" style=\"margin: 10px;\" title=\"76133dc80de92962fbff4d49367d922a\" src=\"http:\/\/alternatifs81.fr\/wp-content\/uploads\/76133dc80de92962fbff4d49367d922a2-300x298.jpg\" alt=\"\" width=\"210\" height=\"209\" srcset=\"https:\/\/alternatifs81.fr\/wp-content\/uploads\/76133dc80de92962fbff4d49367d922a2-300x298.jpg 300w, https:\/\/alternatifs81.fr\/wp-content\/uploads\/76133dc80de92962fbff4d49367d922a2-150x150.jpg 150w, https:\/\/alternatifs81.fr\/wp-content\/uploads\/76133dc80de92962fbff4d49367d922a2.jpg 500w\" sizes=\"auto, (max-width: 210px) 100vw, 210px\" \/><\/a>Publi\u00e9 par Les Alternatifs 44<\/span><\/em><\/p>\n<h3 style=\"text-align: justify;\"><strong><span style=\"color: #008000;\"><em>Samedi 15 et dimanche 16 d\u00e9cembre s&rsquo;est tenue \u00e0 Notre Dame des Landes la premi\u00e8re r\u00e9union nationale de coordination des comit\u00e9s de soutien et des organisations mobilis\u00e9s contre le projet d&rsquo;a\u00e9roport de Notre dame des Landes. Notre camarade Philippe Champigny y repr\u00e9sentait les Alternatifs de Loire Atlantique.<\/em> <\/span><\/strong><\/h3>\n<h3 style=\"text-align: justify;\"><strong><span style=\"color: #808000;\"><span style=\"text-decoration: underline;\">Entretien : <\/span><\/span><\/strong><br \/>\n<strong><br \/>\n<\/strong><strong>\u00ab Le premier constat c&rsquo;est l&rsquo;importance de la participation puisque nous \u00e9tions 320 participant-e-s repr\u00e9sentant-e-s 135 collectifs venus de 75 d\u00e9partements et de 12 r\u00e9gions. Le second c&rsquo;est la r\u00e9ussite d&rsquo;une initiative port\u00e9e en commun par l&rsquo;ACIPA et la ZAD. Quelle meilleure r\u00e9ponse aux gouvernement et aux responsables politiques qui r\u00eavent de diviser les opposants entre les historiques et les soi-disant activistes violents ? Le troisi\u00e8me constat, c&rsquo;est la gravit\u00e9 et le s\u00e9rieux qui ont pr\u00e9valu pendant ces deux journ\u00e9es, malgr\u00e9 l&rsquo;omnipr\u00e9sence polici\u00e8re qui a conduit samedi l&rsquo;assembl\u00e9e \u00e0 suspendre ses travaux pour imposer le passage des deux tracteurs qui transportaient les mat\u00e9riaux n\u00e9cessaires \u00e0 la construction d&rsquo;une garderie pour les enfants. <\/strong><strong>Car, plus que jamais, la ZAD est sous la menace d&rsquo;une nouvelle intervention militaire massive avec comme objectif la destruction des constructions r\u00e9alis\u00e9es au lendemain de la manif du 17 novembre. <\/strong><br \/>\n<strong><br \/>\n<\/strong><strong>Pour dire vrai, depuis l&rsquo;annonce par le premier ministre Ayrault de la mise en place d&rsquo;une commission, rien n&rsquo;a vraiment chang\u00e9. La pr\u00e9sence<!--more-->\u00a0polici\u00e8re est totalement insupportable et les arr\u00eat\u00e9s pr\u00e9fectoraux interdisant le simple transport de bois ou de combustible sont intol\u00e9rables pour une large partie de la population qui a chaque jour davantage ras&rsquo;l bol de devoir supporter cette v\u00e9ritable occupation polici\u00e8re et son lot de tracasseries, d&rsquo;humiliations et de menaces&#8230;<\/strong><br \/>\n<a name=\"more\"><\/a><br \/>\n<strong><br \/>\n<\/strong><strong>L&rsquo;assembl\u00e9e a fort justement r\u00e9serv\u00e9 sa plus grande ovation aux camarades de la ZAD lorsqu&rsquo;ils et qu&rsquo;elles ont d\u00e9crit leurs conditions de vie quotidiennes, sans oublier Cyril, le camarade emprisonn\u00e9 apr\u00e8s avoir \u00e9t\u00e9 condamn\u00e9 \u00e0 5 mois de t\u00f4le par une justice qui cogne de plus en plus dur, pour lequel l&rsquo;ACIPA s&rsquo;est engag\u00e9e \u00e0 lancer une campagne de solidarit\u00e9. <\/strong><br \/>\n<strong><br \/>\n<\/strong><strong>Sur les objectifs, l&rsquo;accord entre les participant-e-s n&rsquo;a pas \u00e9t\u00e9 tr\u00e8s difficile \u00e0 trouver : retrait du projet d&rsquo;a\u00e9roport, retrait des forces de r\u00e9pression, gardes mobiles et CRS, arr\u00eat des expulsions, assez de productivisme. Reste \u00e0 r\u00e9diger la d\u00e9claration ou le communiqu\u00e9, ce qui devrait \u00eatre r\u00e9alis\u00e9 d&rsquo;ici la fin du week-end. <\/strong><br \/>\n<strong><br \/>\n<\/strong><strong>La question de la riposte, locale et nationale, \u00e0 un nouveau coup de force a \u00e9t\u00e9 longuement d\u00e9battue, avec de nombreuses propositions dont un large mouvement d&rsquo;occupation des \u00ab<em> lieux de pouvoir \u00bb<\/em> et l&rsquo;organisation d&rsquo;une manifestation, marche ou \u00e0 v\u00e9lo, Nantes \u2013 Notre Dame des Luttes. Et la responsabilit\u00e9 de la multinationale Vinci n&rsquo;a pas \u00e9t\u00e9 oubli\u00e9 justifiant un appel \u00e0 des initiatives multiformes le week-end des 18 et 19 janvier prochain. <\/strong><br \/>\n<strong><br \/>\n<\/strong><strong>Pour une premi\u00e8re r\u00e9union, le bilan me para\u00eet extr\u00eamement positif : en croyant \u00e9craser des ann\u00e9es de r\u00e9sistance citoyenne, Ayrault aura r\u00e9ussi \u00e0 faire de la r\u00e9sistance au projet d&rsquo;a\u00e9roport de Notre Dame des landes un enjeu politique et \u00e9cologique national. Nous avons donc pr\u00e9vu de nous retrouver au d\u00e9but du printemps pour une prochaine r\u00e9union nationale. Mais en attendant la mobilisation continue, relay\u00e9e notamment par les marches actuelles Nice-Notre Dame des Landes et Lille \u2013 Notre Dame des Landes \u00bb. <\/strong><br \/>\n<strong><br \/>\n<\/strong><em><span style=\"color: #0000ff;\">propos recueillis par Julien Douillard<\/span><\/em><\/h3>\n<div><span style=\"color: #0000ff;\">Publi\u00e9 par Les Alternatifs 44<\/span><\/div>\n<gcse:search><\/gcse:search>","protected":false},"excerpt":{"rendered":"<p>Publi\u00e9 par Les Alternatifs 44 Samedi 15 et dimanche 16 d\u00e9cembre s&rsquo;est tenue \u00e0 Notre Dame des Landes la premi\u00e8re r\u00e9union nationale de coordination des comit\u00e9s de soutien et des organisations mobilis\u00e9s contre le projet d&rsquo;a\u00e9roport de Notre dame des Landes. Notre camarade Philippe Champigny y repr\u00e9sentait les Alternatifs de Loire Atlantique. Entretien : \u00ab [&hellip;]<\/p>\n","protected":false},"author":1,"featured_media":0,"comment_status":"open","ping_status":"closed","sticky":false,"template":"","format":"standard","meta":{"footnotes":""},"categories":[125,126,21],"tags":[34,103,169,204],"class_list":["post-7255","post","type-post","status-publish","format-standard","hentry","category-ecologie","category-gauche-de-combat","category-les-alters-dans-les-luttes","tag-alternatifs","tag-demarche-citoyenne","tag-ecologie-2","tag-notre-dame-des-landes"],"_links":{"self":[{"href":"https:\/\/alternatifs81.fr\/index.php?rest_route=\/wp\/v2\/posts\/7255","targetHints":{"allow":["GET"]}}],"collection":[{"href":"https:\/\/alternatifs81.fr\/index.php?rest_route=\/wp\/v2\/posts"}],"about":[{"href":"https:\/\/alternatifs81.fr\/index.php?rest_route=\/wp\/v2\/types\/post"}],"author":[{"embeddable":true,"href":"https:\/\/alternatifs81.fr\/index.php?rest_route=\/wp\/v2\/users\/1"}],"replies":[{"embeddable":true,"href":"https:\/\/alternatifs81.fr\/index.php?rest_route=%2Fwp%2Fv2%2Fcomments&post=7255"}],"version-history":[{"count":0,"href":"https:\/\/alternatifs81.fr\/index.php?rest_route=\/wp\/v2\/posts\/7255\/revisions"}],"wp:attachment":[{"href":"https:\/\/alternatifs81.fr\/index.php?rest_route=%2Fwp%2Fv2%2Fmedia&parent=7255"}],"wp:term":[{"taxonomy":"category","embeddable":true,"href":"https:\/\/alternatifs81.fr\/index.php?rest_route=%2Fwp%2Fv2%2Fcategories&post=7255"},{"taxonomy":"post_tag","embeddable":true,"href":"https:\/\/alternatifs81.fr\/index.php?rest_route=%2Fwp%2Fv2%2Ftags&post=7255"}],"curies":[{"name":"wp","href":"https:\/\/api.w.org\/{rel}","templated":true}]}}