{"id":7187,"date":"2012-12-12T15:46:56","date_gmt":"2012-12-12T14:46:56","guid":{"rendered":"http:\/\/alternatifs81.fr\/?p=7187"},"modified":"2012-12-22T00:18:01","modified_gmt":"2012-12-21T23:18:01","slug":"pas-de-compromis-avec-l%e2%80%99homophobie-l%e2%80%99egalite-sans-concession","status":"publish","type":"post","link":"https:\/\/alternatifs81.fr\/?p=7187","title":{"rendered":"Pas de compromis avec l\u2019homophobie, l\u2019\u00e9galit\u00e9 sans concession !"},"content":{"rendered":"<p style=\"text-align: justify;\"><a href=\"http:\/\/alternatifs81.fr\/wp-content\/uploads\/arton688-845e0.jpg\" rel=\"lightbox[7187]\"><img loading=\"lazy\" decoding=\"async\" class=\"alignleft size-full wp-image-7188\" style=\"margin: 11px;\" title=\"arton688-845e0\" src=\"http:\/\/alternatifs81.fr\/wp-content\/uploads\/arton688-845e0.jpg\" alt=\"\" width=\"142\" height=\"150\" \/><\/a>\u00a0<strong>La proposition de loi sur l\u2019ouverture du mariage pour tous a \u00e9t\u00e9 l\u2019occasion saisie par les r\u00e9actionnaires pour occuper l\u2019espace m\u00e9diatique. Parades homophobes, agression de militantes et de journalistes, un d\u00e9ferlement obscurantiste s\u2019est abattu sur le pays. L\u2019\u00e9galit\u00e9 des droits pour toutes et tous Il n\u2019est pas acceptable qu\u2019en 2012, un groupe de la population soit exclu d\u2019une citoyennet\u00e9 pleine et enti\u00e8re du seul fait de sa sexualit\u00e9. <\/strong><br \/>\n<strong><br \/>\n<\/strong><strong>Les revendications d\u2019ouverture du mariage, d\u2019acc\u00e8s \u00e0 l\u2019adoption, \u00e0 la procr\u00e9ation m\u00e9dicalement assist\u00e9e (PMA) et \u00e0 la pr\u00e9somption de parent\u00e9, sont non seulement l\u00e9gitimes mais en r\u00e9alit\u00e9 ne devraient pas faire d\u00e9bat.<!--more-->\u00a0L\u2019article 1 de la constitution garantit l\u2019\u00e9galit\u00e9 des droits de toutes et tous ! Inf\u00e9rieur au nom de quoi ? Nous refusons la hi\u00e9rarchie des individus selon leur sexualit\u00e9. <\/strong><br \/>\n<strong><br \/>\n<\/strong><strong>L\u2019in\u00e9galit\u00e9 dans le droit a des cons\u00e9quences dramatiques au quotidien. Mal \u00eatre des jeunes gays et des jeunes lesbiennes (taux de suicide 8 \u00e0 16 fois plus \u00e9lev\u00e9s), rupture familiale, discriminations, agressions, insultes meurtres\u2026L\u2019in\u00e9galit\u00e9 dans le droit d\u00e9complexe les homophobes. <\/strong><br \/>\n<strong><br \/>\n<\/strong><strong>Toutes celles et ceux qui se battent pour maintenir les gays et les lesbiennes dans ce statut d\u2019inf\u00e9riorit\u00e9 juridique et sociale sont complices de l\u2019homophobie. Comparaison avec la p\u00e9dophilie, incitations \u00e0 la haine (\u00ab Les p\u00e9d\u00e9s au b\u00fbcher \u00bb), agressions physiques&#8230; <\/strong><br \/>\n<a name=\"more\"><\/a><br \/>\n<strong><br \/>\n<\/strong><strong>Les homophobes sont \u00e0 l\u2019offensive. Face \u00e0 leurs attaques, il n\u2019y a aucun compromis possible et le gouvernement doit enfin affirmer que l\u2019\u00e9galit\u00e9 de toutEs ne devrait pas \u00eatre discut\u00e9e. <\/strong><br \/>\n<strong><br \/>\n<\/strong><strong>Nous exigeons l\u2019ouverture du mariage et de l\u2019adoption, l\u2019acc\u00e8s \u00e0 la PMA et \u00e0 la pr\u00e9somption de parent\u00e9, au nom de l\u2019\u00e9galit\u00e9 et des engagements de campagne du Parti Socialiste. <\/strong><br \/>\n<strong><br \/>\n<\/strong><strong>Cette vague sombre est une violence non seulement contre les gays et les lesbiennes, mais aussi contre tous les partisans de l\u2019\u00e9galit\u00e9 ! Porteurs de valeurs humanistes, quelle que soit notre sexualit\u00e9, nous affirmons que cette homophobie est inacceptable, que l\u2019\u00e9galit\u00e9 doit triompher et que nous en sortirons tous et toutes gagnant-Es. <\/strong><br \/>\n<strong><br \/>\n<\/strong><strong>Que l\u2019\u00e9galit\u00e9 triomphe !<\/strong><\/p>\n<gcse:search><\/gcse:search>","protected":false},"excerpt":{"rendered":"<p>\u00a0La proposition de loi sur l\u2019ouverture du mariage pour tous a \u00e9t\u00e9 l\u2019occasion saisie par les r\u00e9actionnaires pour occuper l\u2019espace m\u00e9diatique. Parades homophobes, agression de militantes et de journalistes, un d\u00e9ferlement obscurantiste s\u2019est abattu sur le pays. L\u2019\u00e9galit\u00e9 des droits pour toutes et tous Il n\u2019est pas acceptable qu\u2019en 2012, un groupe de la population [&hellip;]<\/p>\n","protected":false},"author":1,"featured_media":0,"comment_status":"open","ping_status":"closed","sticky":false,"template":"","format":"standard","meta":{"footnotes":""},"categories":[9,149,126,21],"tags":[34,43,50,307,400,306],"class_list":["post-7187","post","type-post","status-publish","format-standard","hentry","category-communiques","category-feminisme","category-gauche-de-combat","category-les-alters-dans-les-luttes","tag-alternatifs","tag-appel","tag-discriminations","tag-egalite-de-droits","tag-feminisme","tag-homophobie"],"_links":{"self":[{"href":"https:\/\/alternatifs81.fr\/index.php?rest_route=\/wp\/v2\/posts\/7187","targetHints":{"allow":["GET"]}}],"collection":[{"href":"https:\/\/alternatifs81.fr\/index.php?rest_route=\/wp\/v2\/posts"}],"about":[{"href":"https:\/\/alternatifs81.fr\/index.php?rest_route=\/wp\/v2\/types\/post"}],"author":[{"embeddable":true,"href":"https:\/\/alternatifs81.fr\/index.php?rest_route=\/wp\/v2\/users\/1"}],"replies":[{"embeddable":true,"href":"https:\/\/alternatifs81.fr\/index.php?rest_route=%2Fwp%2Fv2%2Fcomments&post=7187"}],"version-history":[{"count":0,"href":"https:\/\/alternatifs81.fr\/index.php?rest_route=\/wp\/v2\/posts\/7187\/revisions"}],"wp:attachment":[{"href":"https:\/\/alternatifs81.fr\/index.php?rest_route=%2Fwp%2Fv2%2Fmedia&parent=7187"}],"wp:term":[{"taxonomy":"category","embeddable":true,"href":"https:\/\/alternatifs81.fr\/index.php?rest_route=%2Fwp%2Fv2%2Fcategories&post=7187"},{"taxonomy":"post_tag","embeddable":true,"href":"https:\/\/alternatifs81.fr\/index.php?rest_route=%2Fwp%2Fv2%2Ftags&post=7187"}],"curies":[{"name":"wp","href":"https:\/\/api.w.org\/{rel}","templated":true}]}}