{"id":7176,"date":"2012-12-12T15:36:28","date_gmt":"2012-12-12T14:36:28","guid":{"rendered":"http:\/\/alternatifs81.fr\/?p=7176"},"modified":"2012-12-30T18:46:41","modified_gmt":"2012-12-30T17:46:41","slug":"cest-noel-avant-lheure-tract","status":"publish","type":"post","link":"https:\/\/alternatifs81.fr\/?p=7176","title":{"rendered":"C&rsquo;EST NOEL AVANT L&rsquo;HEURE (tract)"},"content":{"rendered":"<h1><span style=\"color: #808000;\">\u00a0<a href=\"http:\/\/alternatifs81.fr\/wp-content\/uploads\/stnazaire7mars111.jpg\" rel=\"lightbox[7176]\"><img loading=\"lazy\" decoding=\"async\" class=\"alignleft size-full wp-image-7182\" style=\"margin: 12px 10px;\" title=\"stnazaire7mars111\" src=\"http:\/\/alternatifs81.fr\/wp-content\/uploads\/stnazaire7mars111.jpg\" alt=\"\" width=\"320\" height=\"269\" \/><\/a>C&rsquo;EST NOEL AVANT L&rsquo;HEURE !<\/span><\/h1>\n<p><strong><span style=\"font-family: Swis721 Cn BT,Swis721 Cn BT; font-size: small;\"><span style=\"font-family: Swis721 Cn BT,Swis721 Cn BT; font-size: small;\">Pas pour les ouvrier-e-s \u00e9cras\u00e9-e-s par les plans de licenciements ;<\/span><\/span><\/strong><\/p>\n<p style=\"text-align: justify;\">\n<div><strong><span style=\"font-family: Swis721 Cn BT,Swis721 Cn BT; font-size: small;\"><span style=\"font-family: Swis721 Cn BT,Swis721 Cn BT; font-size: small;\">Pas pour les nouveaux ch\u00f4meurs ;<\/span><\/span><\/strong><\/div>\n<p style=\"text-align: justify;\"><strong><span style=\"font-family: Swis721 Cn BT,Swis721 Cn BT; font-size: small;\"><span style=\"font-family: Swis721 Cn BT,Swis721 Cn BT; font-size: small;\">Pas pour les anciens ch\u00f4meurs ;<\/span><\/span><\/strong><\/p>\n<p style=\"text-align: justify;\">\n<div><strong><span style=\"font-family: Swis721 Cn BT,Swis721 Cn BT; font-size: small;\"><span style=\"font-family: Swis721 Cn BT,Swis721 Cn BT; font-size: small;\">Pas pour ceux et celles qui dorment dehors ;<\/span><\/span><\/strong><\/div>\n<div><strong><span style=\"font-family: Swis721 Cn BT,Swis721 Cn BT; font-size: small;\"><span style=\"font-family: Swis721 Cn BT,Swis721 Cn BT; font-size: small;\"><\/span><\/span><\/strong><\/div>\n<p><strong><span style=\"font-family: Swis721 Cn BT,Swis721 Cn BT; font-size: small;\"><span style=\"font-family: Swis721 Cn BT,Swis721 Cn BT; font-size: small;\"><\/p>\n<p style=\"text-align: justify;\">Pas pour les militant-e-s \u00e9colos de Notre Dame des Landes ;<\/p>\n<p style=\"text-align: justify;\">Pas pour les salari\u00e9-e-s d\u2019Arcelor Mittal \u00e0 Florange ;<\/p>\n<p style=\"text-align: justify;\">Pour elles, pour eux, ce n\u2019est que la continuit\u00e9 du feu lib\u00e9ral que nous subissons depuis 30 ans.<\/p>\n<p style=\"text-align: justify;\">Mais c\u2019est No\u00ebl pour les patrons.<!--more--><\/p>\n<p>\u00a0<\/p>\n<p><\/span><\/span><\/strong><\/p>\n<h3 style=\"text-align: justify;\">Les annonces du \u00abchoc de comp\u00e9titivit\u00e9\u00bb se concr\u00e9tisent aujourd\u2019hui, et vont m\u00eame prendre effet un an plus t\u00f4t que pr\u00e9vu.<\/h3>\n<h3 style=\"text-align: justify;\">La patronne du MEDEF explique qu\u2019elle attendait un tel geste \u00ab depuis des mois, voire des ann\u00e9es \u00bb. Bref, c\u2019est encore plus sympa qu\u2019avec Sarkozy.<\/h3>\n<h3 style=\"text-align: justify;\">Et faut dire qu\u2019elle a raison, Parisot : 20 milliards de cadeaux aux entreprises.<\/h3>\n<h3 style=\"text-align: justify;\">Et notamment gr\u00e2ce \u00e0 de nouvelles coupes \u00e0 pr\u00e9voir dans les d\u00e9penses publiques, sant\u00e9 \u00e9ducation, logement&#8230;<\/h3>\n<h3 style=\"text-align: justify;\">La pression de la finance et du patronat s\u2019accentue : leur prochain objectif est une nouvelle d\u00e9r\u00e9gulation du march\u00e9 du travail.<\/h3>\n<h3 style=\"text-align: justify;\">Les engagements du candidat Hollande et du Parti Socialiste \u00e9taient minces, mais leurs actes sont clairs. La majorit\u00e9 parlementaire constitu\u00e9e par le PS et les Verts n\u2019est pas la n\u00f4tre.<\/h3>\n<p style=\"text-align: justify;\">\u00a0<\/p>\n<p style=\"text-align: justify;\"><span style=\"font-family: Block,Block; font-size: large;\"><span style=\"font-family: Block,Block; font-size: large;\"><span style=\"color: #008000;\">NON A L\u2019AEROPORT DE NOTRE DAME DES LANDES<\/span><\/span><\/span><\/p>\n<p style=\"text-align: justify;\">\n<div><span style=\"font-family: Block,Block; font-size: large;\"><span style=\"font-family: Block,Block; font-size: large;\">\u00a0<\/span><\/span><\/div>\n<div style=\"text-align: justify;\">\n<h3 style=\"text-align: justify;\"><span style=\"font-family: Block,Block; font-size: large;\"><span style=\"font-family: Block,Block; font-size: large;\">\u00a0<\/span><\/span><\/h3>\n<\/div>\n<div style=\"text-align: justify;\">\n<h3 style=\"text-align: justify;\"><span style=\"font-family: Block,Block; font-size: large;\"><span style=\"font-family: Block,Block; font-size: large;\">\u00a0<\/span><\/span><\/h3>\n<\/div>\n<div><span style=\"font-family: Block,Block; font-size: large;\"><span style=\"font-family: Block,Block; font-size: large;\"><\/span><\/span><\/div>\n<p><span style=\"font-family: Block,Block; font-size: large;\"><span style=\"font-family: Block,Block; font-size: large;\"><\/p>\n<h3 style=\"text-align: justify;\"><span style=\"font-family: Arial,Arial; font-size: x-small;\"><span style=\"font-family: Arial,Arial; font-size: x-small;\">Les violences et les intimidations r\u00e9p\u00e9t\u00e9es \u00e0 l\u2019encontre des opposants \u00e0 ce projet ne les<a href=\"http:\/\/alternatifs81.fr\/wp-content\/uploads\/article_photo_1352805215572-1-HD.jpg\" rel=\"lightbox[7176]\"><img loading=\"lazy\" decoding=\"async\" class=\"alignleft size-medium wp-image-7183\" style=\"margin: 12px;\" title=\"article_photo_1352805215572-1-HD\" src=\"http:\/\/alternatifs81.fr\/wp-content\/uploads\/article_photo_1352805215572-1-HD-300x199.jpg\" alt=\"\" width=\"300\" height=\"199\" srcset=\"https:\/\/alternatifs81.fr\/wp-content\/uploads\/article_photo_1352805215572-1-HD-300x199.jpg 300w, https:\/\/alternatifs81.fr\/wp-content\/uploads\/article_photo_1352805215572-1-HD.jpg 616w\" sizes=\"auto, (max-width: 300px) 100vw, 300px\" \/><\/a> feront pas reculer. La construction d\u2019un nouvel a\u00e9roport sur le site de Notre Dame des Landes aboutirait \u00e0 un gaspillage de fonds publics, \u00e0 une d\u00e9gradation irr\u00e9versible de ressources naturelles \u00e0 l\u2019heure ou la destruction de terres agricoles s\u2019acc\u00e9l\u00e8re.<\/span><\/span><\/h3>\n<h3 style=\"text-align: justify;\"><span style=\"font-family: Arial,Arial; font-size: x-small;\"><span style=\"font-family: Arial,Arial; font-size: x-small;\">Ce projet s\u2019inscrit dans une logique productiviste et capitaliste a court terme, dan <\/span><\/span><\/h3>\n<h3 style=\"text-align: justify;\"><span style=\"font-family: Arial,Arial; font-size: x-small;\"><span style=\"font-family: Arial,Arial; font-size: x-small;\">une concurrence sans limites entre villes et territoires pour le plus grand profit de groupes comme Vinci. Il s\u2019agirait notamment d\u2019une plateforme \u00e9tendue pour le tourisme \u00ab low cost \u00bb, pour des importations massives de produits \u00e0 bas co\u00fbts depuis les pays du Sud.<\/span><\/span><\/h3>\n<h3 style=\"text-align: justify;\">Les opposant-e-s au projet font la jonction entre toutes les forces nouvelles et historiques, paysans, associations, jeunes, et mettent en oeuvre l\u2019autogestion et la solidarit\u00e9. Contre ce qui est le symbole du productivisme et de la fuite en avant, contre les basses manoeuvres destin\u00e9es \u00e0 supprimer le d\u00e9bat d\u00e9mocratique de fond, leur combat, notre combat, d\u00e9bouchera sur l\u2019arr\u00eat de ce projet.<\/h3>\n<h3 style=\"text-align: justify;\">ll ne s\u2019agit pas de n\u00e9gocier la couleur de la peinture, mais d\u2019obtenir le retrait de ce projet : nous garderons notre Dame des Landes, notre avenir vaut mieux que leurs profits !<\/h3>\n<h3 style=\"text-align: justify;\">\u00a0<\/h3>\n<h3 style=\"text-align: justify;\">\u00a0<\/h3>\n<p>\u00a0<\/p>\n<p><\/span><\/span><\/p>\n<gcse:search><\/gcse:search>","protected":false},"excerpt":{"rendered":"<p>\u00a0C&rsquo;EST NOEL AVANT L&rsquo;HEURE ! Pas pour les ouvrier-e-s \u00e9cras\u00e9-e-s par les plans de licenciements ; Pas pour les nouveaux ch\u00f4meurs ; Pas pour les anciens ch\u00f4meurs ; Pas pour ceux et celles qui dorment dehors ; Pas pour les militant-e-s \u00e9colos de Notre Dame des Landes ; Pas pour les salari\u00e9-e-s d\u2019Arcelor Mittal \u00e0 [&hellip;]<\/p>\n","protected":false},"author":1,"featured_media":0,"comment_status":"open","ping_status":"closed","sticky":false,"template":"","format":"standard","meta":{"footnotes":""},"categories":[126,21,1],"tags":[34,23,204,305],"class_list":["post-7176","post","type-post","status-publish","format-standard","hentry","category-gauche-de-combat","category-les-alters-dans-les-luttes","category-non-classe","tag-alternatifs","tag-luttes","tag-notre-dame-des-landes","tag-tract"],"_links":{"self":[{"href":"https:\/\/alternatifs81.fr\/index.php?rest_route=\/wp\/v2\/posts\/7176","targetHints":{"allow":["GET"]}}],"collection":[{"href":"https:\/\/alternatifs81.fr\/index.php?rest_route=\/wp\/v2\/posts"}],"about":[{"href":"https:\/\/alternatifs81.fr\/index.php?rest_route=\/wp\/v2\/types\/post"}],"author":[{"embeddable":true,"href":"https:\/\/alternatifs81.fr\/index.php?rest_route=\/wp\/v2\/users\/1"}],"replies":[{"embeddable":true,"href":"https:\/\/alternatifs81.fr\/index.php?rest_route=%2Fwp%2Fv2%2Fcomments&post=7176"}],"version-history":[{"count":0,"href":"https:\/\/alternatifs81.fr\/index.php?rest_route=\/wp\/v2\/posts\/7176\/revisions"}],"wp:attachment":[{"href":"https:\/\/alternatifs81.fr\/index.php?rest_route=%2Fwp%2Fv2%2Fmedia&parent=7176"}],"wp:term":[{"taxonomy":"category","embeddable":true,"href":"https:\/\/alternatifs81.fr\/index.php?rest_route=%2Fwp%2Fv2%2Fcategories&post=7176"},{"taxonomy":"post_tag","embeddable":true,"href":"https:\/\/alternatifs81.fr\/index.php?rest_route=%2Fwp%2Fv2%2Ftags&post=7176"}],"curies":[{"name":"wp","href":"https:\/\/api.w.org\/{rel}","templated":true}]}}