{"id":7097,"date":"2012-12-08T21:29:50","date_gmt":"2012-12-08T20:29:50","guid":{"rendered":"http:\/\/alternatifs81.fr\/?p=7097"},"modified":"2012-12-22T00:20:03","modified_gmt":"2012-12-21T23:20:03","slug":"avis-de-naissance-collectif-81-nddl","status":"publish","type":"post","link":"https:\/\/alternatifs81.fr\/?p=7097","title":{"rendered":"Avis de naissance : Collectif 81 NDDL"},"content":{"rendered":"<p style=\"text-align: justify;\"><strong><em><span style=\"color: #0000ff;\">Communiqu\u00e9 de presse<\/span><\/em><\/strong><\/p>\n<h3 style=\"text-align: justify;\"><a href=\"http:\/\/alternatifs81.fr\/wp-content\/uploads\/882.jpg\" rel=\"lightbox[7097]\"><img loading=\"lazy\" decoding=\"async\" class=\"alignleft size-medium wp-image-7099\" style=\"margin: 11px;\" title=\"88\" src=\"http:\/\/alternatifs81.fr\/wp-content\/uploads\/882-200x300.jpg\" alt=\"\" width=\"200\" height=\"300\" srcset=\"https:\/\/alternatifs81.fr\/wp-content\/uploads\/882-200x300.jpg 200w, https:\/\/alternatifs81.fr\/wp-content\/uploads\/882.jpg 234w\" sizes=\"auto, (max-width: 200px) 100vw, 200px\" \/><\/a>Le 5\u00a0d\u00e9cembre\u00a02012 plus de 50 personnes venues de tous les coins du Tarn r\u00e9unies \u00e0 Castres ont d\u00e9cid\u00e9 de cr\u00e9er le Collectif 81 NDDL (Notre-Dame-des-Landes) pour marquer leur opposition au projet du futur a\u00e9roport du Grand Ouest et pour coordonner les actions qui seront men\u00e9es au niveau d\u00e9partemental et au-del\u00e0.<\/h3>\n<h3 style=\"text-align: justify;\">L\u2019action de ces collectifs se concr\u00e9tisera par des rencontres avec les \u00e9lus, les administrations et les repr\u00e9sentants de l\u2019\u00c9tat, par le soutien concret aux occupants de la ZAD de Notre-Dame-des-Landes sous forme de dons mat\u00e9riels (couvertures, mat\u00e9riaux, etc.), par la mise en \u0153uvre d\u2019actions et d\u2019initiatives locales de sensibilisation et par le soutien aux initiatives et actions d\u00e9j\u00e0 engag\u00e9es, par l\u2019accueil des marcheurs du Nice-Notre-Dame-des-Landes entre le 29\u00a0d\u00e9cembre et le 6\u00a0janvier prochains.<\/h3>\n<h3 style=\"text-align: justify;\">Une soir\u00e9e publique sera organis\u00e9e le 29\u00a0janvier prochain \u00e0 R\u00e9almont avec la projection d\u2019un film r\u00e9alis\u00e9 sur le site du projet d\u2019a\u00e9roport.<\/h3>\n<h3 style=\"text-align: justify;\">Pour rejoindre le collectif et participer \u00e0 ses r\u00e9unions et \u00e0 ses initiatives, contact \u00e0 l\u2019adresse \u00e9lectronique suivante\u00a0: <a href=\"mailto:coll81nddl@gmail.com\">coll81nddl@gmail.com<\/a><\/h3>\n<gcse:search><\/gcse:search>","protected":false},"excerpt":{"rendered":"<p>Communiqu\u00e9 de presse Le 5\u00a0d\u00e9cembre\u00a02012 plus de 50 personnes venues de tous les coins du Tarn r\u00e9unies \u00e0 Castres ont d\u00e9cid\u00e9 de cr\u00e9er le Collectif 81 NDDL (Notre-Dame-des-Landes) pour marquer leur opposition au projet du futur a\u00e9roport du Grand Ouest et pour coordonner les actions qui seront men\u00e9es au niveau d\u00e9partemental et au-del\u00e0. L\u2019action de [&hellip;]<\/p>\n","protected":false},"author":1,"featured_media":0,"comment_status":"open","ping_status":"closed","sticky":false,"template":"","format":"standard","meta":{"footnotes":""},"categories":[1],"tags":[],"class_list":["post-7097","post","type-post","status-publish","format-standard","hentry","category-non-classe"],"_links":{"self":[{"href":"https:\/\/alternatifs81.fr\/index.php?rest_route=\/wp\/v2\/posts\/7097","targetHints":{"allow":["GET"]}}],"collection":[{"href":"https:\/\/alternatifs81.fr\/index.php?rest_route=\/wp\/v2\/posts"}],"about":[{"href":"https:\/\/alternatifs81.fr\/index.php?rest_route=\/wp\/v2\/types\/post"}],"author":[{"embeddable":true,"href":"https:\/\/alternatifs81.fr\/index.php?rest_route=\/wp\/v2\/users\/1"}],"replies":[{"embeddable":true,"href":"https:\/\/alternatifs81.fr\/index.php?rest_route=%2Fwp%2Fv2%2Fcomments&post=7097"}],"version-history":[{"count":0,"href":"https:\/\/alternatifs81.fr\/index.php?rest_route=\/wp\/v2\/posts\/7097\/revisions"}],"wp:attachment":[{"href":"https:\/\/alternatifs81.fr\/index.php?rest_route=%2Fwp%2Fv2%2Fmedia&parent=7097"}],"wp:term":[{"taxonomy":"category","embeddable":true,"href":"https:\/\/alternatifs81.fr\/index.php?rest_route=%2Fwp%2Fv2%2Fcategories&post=7097"},{"taxonomy":"post_tag","embeddable":true,"href":"https:\/\/alternatifs81.fr\/index.php?rest_route=%2Fwp%2Fv2%2Ftags&post=7097"}],"curies":[{"name":"wp","href":"https:\/\/api.w.org\/{rel}","templated":true}]}}