{"id":7090,"date":"2012-12-07T22:18:44","date_gmt":"2012-12-07T21:18:44","guid":{"rendered":"http:\/\/alternatifs81.fr\/?p=7090"},"modified":"2012-12-12T15:48:50","modified_gmt":"2012-12-12T14:48:50","slug":"sur-le-blog-des-alternatifs-44-notre-dame-des-landes-la-mobilisation-ne-cesse-de-se-developper","status":"publish","type":"post","link":"https:\/\/alternatifs81.fr\/?p=7090","title":{"rendered":"Sur le blog des Alternatifs 44 : Notre Dame des Landes : la mobilisation ne cesse de se d\u00e9velopper"},"content":{"rendered":"<div style=\"text-align: justify;\"><strong><strong><a href=\"http:\/\/1.bp.blogspot.com\/-mtaT_FneafE\/UMIFirEOYXI\/AAAAAAAADaU\/4gZKMuTcNKU\/s1600\/cabanesnddl.jpg\" rel=\"lightbox[7090]\"><\/a><a href=\"http:\/\/alternatifs81.fr\/wp-content\/uploads\/473702.jpg\" rel=\"lightbox[7090]\"><img loading=\"lazy\" decoding=\"async\" class=\"alignleft size-medium wp-image-7091\" style=\"margin: 11px;\" title=\"473702\" src=\"http:\/\/alternatifs81.fr\/wp-content\/uploads\/473702-300x199.jpg\" alt=\"\" width=\"240\" height=\"159\" srcset=\"https:\/\/alternatifs81.fr\/wp-content\/uploads\/473702-300x199.jpg 300w, https:\/\/alternatifs81.fr\/wp-content\/uploads\/473702.jpg 476w\" sizes=\"auto, (max-width: 240px) 100vw, 240px\" \/><\/a>La mobilisation contre le projet d&rsquo;un nouvel a\u00e9roport \u00e0 Notre Dame des Landes ne <strong><a href=\"http:\/\/1.bp.blogspot.com\/-mtaT_FneafE\/UMIFirEOYXI\/AAAAAAAADaU\/4gZKMuTcNKU\/s1600\/cabanesnddl.jpg\" rel=\"lightbox[7090]\"><\/a><\/strong>cesse de se d\u00e9velopper. Chaque jour des dizaines de personnes se pressent sur le ZAD pour soutenir l&rsquo;installation des r\u00e9sident-e-s dans les nouvelles constructions. Une nouvelle manifestation se r\u00e9unira demain samedi 8 d\u00e9cembre \u00e0 15 heures place Bretagne \u00e0 Nantes (\u00e0 laquelle bien \u00e9videmment nous appelons). un grand concert avec Gilles Servat est d&rsquo;ores et d\u00e9j\u00e0 programm\u00e9 pour le vendredi 11 janvier \u00e0 Rez\u00e9. <\/strong><br \/>\n<strong>Mais c&rsquo;est au sein des organisations du mouvement social, associations, syndicats et partis, que se multiplient les d\u00e9bats entra\u00eenant de nouvelles prises de position publiques contre le projet. C&rsquo;est \u00e0 ce titre que nous publions ci-dessous les d\u00e9clarations de la f\u00e9d\u00e9ration du PCF de la Sarthe, en date du 3 d\u00e9cembre, puis la motion vot\u00e9e par le congr\u00e8s du syndicat SUD Ptt de Loire Atlantique et Vend\u00e9e r\u00e9uni \u00e0 Nantes les 3 et 4 d\u00e9cembre.<\/strong><br \/>\n<strong><br \/>\n<\/strong><strong><span style=\"color: #008000;\"><span style=\"text-decoration: underline;\">D\u00e9claration de la F\u00e9d\u00e9ration de la Sarthe du PCF <\/span><\/span><\/strong><\/strong><\/div>\n<div>\n<p style=\"text-align: justify;\"><strong>Le Conseil D\u00e9partemental de la F\u00e9d\u00e9ration de la Sarthe du Parti Communiste Fran\u00e7ais a d\u00e9battu de fa\u00e7on approfondie du projet d\u2019a\u00e9roport de Notre-Dame-des-<!--more-->Landes, pr\u00e8s de Nantes. <\/strong><br \/>\n<a name=\"more\"><\/a><br \/>\n<strong><br \/>\n<\/strong><strong>Le Conseil D\u00e9partemental r\u00e9affirme l\u2019opposition de la F\u00e9d\u00e9ration \u00e0 ce projet comme cela avait \u00e9t\u00e9 clairement pr\u00e9cis\u00e9 lors des derni\u00e8res \u00e9lections r\u00e9gionales. Il condamne les violences et les intimidations r\u00e9p\u00e9t\u00e9es \u00e0 l\u2019encontre des opposants \u00e0 ce projet. La mise en \u0153uvre de ce projet d\u2019un nouvel a\u00e9roport &#8211; Notre Dame des Landes &#8211; aboutirait \u00e0 un gaspillage de fonds publics, \u00e0 une d\u00e9gradation irr\u00e9versible de ressources naturelles et de potentiel agricole aux portes m\u00eames d\u2019une agglom\u00e9ration d\u2019un million d\u2019habitants.<\/strong><\/p>\n<p style=\"text-align: justify;\"><strong>Il est clairement attest\u00e9 que l\u2019actuel a\u00e9roport de Nantes-Bouguenais est \u00e0 la fois en mesure d\u2019absorber le trafic actuel ou pr\u00e9visible, et de r\u00e9pondre aux demandes de Airbus Industrie. <\/strong><br \/>\n<strong><br \/>\n<\/strong><strong>La f\u00e9d\u00e9ration du PCF appelle \u00e0 un large d\u00e9bat pour un nouveau d\u00e9veloppement des transports et des services publics qui doivent en garder la responsabilit\u00e9. Dans notre d\u00e9partement, dans notre r\u00e9gion, en particulier, les besoins sont consid\u00e9rables en mati\u00e8re de transports publics urbains, de liaisons ferroviaires r\u00e9gionales. <\/strong><strong>De m\u00eame \u00e0 l\u2019encontre du tout camion, le re-d\u00e9veloppement du fret ferroviaire appelle des am\u00e9nagements importants, notamment pour revitaliser la fonction du centre ferroviaire du Mans. <\/strong><br \/>\n<strong><br \/>\n<\/strong><strong>Le projet d\u2019un nouvel a\u00e9roport \u00e0 Notre Dame des Landes s\u2019inscrit en fait dans une logique d\u2019exploitation capitaliste \u00e9tendue \u00e0 l\u2019\u00e9chelle mondiale. Il s\u2019agirait notamment d\u2019une plateforme \u00e9tendue pour le tourisme \u00ab low cost \u00bb, pour des importations massives de produits \u00e0 bas co\u00fbts depuis les pays du Sud. L\u2019exploitation des populations d\u2019Asie, d\u2019Afrique, les sp\u00e9culations sur les productions agricoles, les activit\u00e9s touristiques, les mouvements financiers ne peuvent constituer l\u2019avenir \u00e9conomique d\u2019une r\u00e9gion, comme d\u2019un pays ! <\/strong><br \/>\n<strong><br \/>\n<\/strong><strong>A l\u2019oppos\u00e9 de cette m\u00e9tropolisation capitaliste de Nantes et son agglom\u00e9ration, notre d\u00e9partement, notre r\u00e9gion appellent un d\u00e9veloppement social et durable, \u00e9quilibr\u00e9 entre l\u2019ensemble de ses territoires, un d\u00e9veloppement cr\u00e9ateur d\u2019emplois qui manquent cruellement, un d\u00e9veloppement respectueux de l\u2019environnement. <\/strong><br \/>\n<strong><br \/>\n<\/strong><strong>Le Conseil D\u00e9partemental du PCF d\u00e9cide de rendre publique cette d\u00e9claration et d\u2019ouvrir le d\u00e9bat sur une question qui nous concerne tous. <\/strong><br \/>\n<strong><br \/>\n<\/strong><strong>Le Mans, le 3 d\u00e9cembre 2012 <\/strong><br \/>\n<strong><br \/>\n<\/strong><strong><span style=\"color: #008000;\"><span style=\"text-decoration: underline;\">Motion d\u2019actualit\u00e9 du congr\u00e8s de SUD PTT 44\/85 sur Notre Dame des Landes<\/span> <\/span><\/strong><br \/>\n<strong><br \/>\n<\/strong><strong>Le congr\u00e8s du syndicat SUD PTT 44\/85, r\u00e9uni \u00e0 Nantes les 3 et 4 d\u00e9cembre 2012, salue la r\u00e9sistance opini\u00e2tre des opposants-e-s au projet de construction d\u2019un nouvel a\u00e9roport \u00e0 Notre Dame des Landes. <\/strong><br \/>\n<strong><br \/>\n<\/strong><strong>Parce que l\u2019actuel a\u00e9roport de Nantes Atlantique r\u00e9pond pleinement aux besoins actuels et futurs en mati\u00e8re de transport a\u00e9rien, la construction d\u2019un nouvel a\u00e9roport \u00e0 Notre Dame des landes aboutirait \u00e0 la destruction de 1 600 hectares de terres agricoles et de bocage pour le seul profit du groupe Vinci &#8211; et de ses actionnaires &#8211; \u00e0 qui l\u2019Etat a honteusement confi\u00e9 la gestion de l\u2019a\u00e9roport de Nantes pour plus d\u2019un demi-si\u00e8cle. <\/strong><br \/>\n<strong><br \/>\n<\/strong><strong>Ecologiquement absurde, la construction de ce nouvel a\u00e9roport serait aussi un non sens \u00e9conomique et social. C\u2019est pour cela qu\u2019avec l\u2019Union syndicale Solidaires 44, SUD PTT 44\/85 est partie prenante de la coordination des opposant-e-s \u00e0 Notre Dame des Landes. <\/strong><br \/>\n<strong><br \/>\n<\/strong><strong>Le congr\u00e8s SUD PTT 44\/85 invite et appelle ses adh\u00e9rent-e-s et les salari\u00e9-e-s de ses secteurs, activit\u00e9s postales et t\u00e9l\u00e9communications, \u00e0 participer nombreux aux mobilisations unitaires d\u2019une r\u00e9sistance qui est devenue le symbole d\u2019une nouvelle vision d\u2019avenir, r\u00e9pondant aux pr\u00e9occupations sociales et environnementales, pour un monde tourn\u00e9 vers les besoins des populations et non vers ceux des actionnaires. <\/strong><\/p>\n<\/div>\n<div style=\"text-align: right;\"><em><span style=\"color: #0000ff;\">Publi\u00e9 par Les Alternatifs 44<\/span><\/em><\/div>\n<gcse:search><\/gcse:search>","protected":false},"excerpt":{"rendered":"<p>La mobilisation contre le projet d&rsquo;un nouvel a\u00e9roport \u00e0 Notre Dame des Landes ne cesse de se d\u00e9velopper. Chaque jour des dizaines de personnes se pressent sur le ZAD pour soutenir l&rsquo;installation des r\u00e9sident-e-s dans les nouvelles constructions. Une nouvelle manifestation se r\u00e9unira demain samedi 8 d\u00e9cembre \u00e0 15 heures place Bretagne \u00e0 Nantes (\u00e0 [&hellip;]<\/p>\n","protected":false},"author":1,"featured_media":0,"comment_status":"open","ping_status":"closed","sticky":false,"template":"","format":"standard","meta":{"footnotes":""},"categories":[126,21,246],"tags":[34,103,204],"class_list":["post-7090","post","type-post","status-publish","format-standard","hentry","category-gauche-de-combat","category-les-alters-dans-les-luttes","category-transition-energetique-2","tag-alternatifs","tag-demarche-citoyenne","tag-notre-dame-des-landes"],"_links":{"self":[{"href":"https:\/\/alternatifs81.fr\/index.php?rest_route=\/wp\/v2\/posts\/7090","targetHints":{"allow":["GET"]}}],"collection":[{"href":"https:\/\/alternatifs81.fr\/index.php?rest_route=\/wp\/v2\/posts"}],"about":[{"href":"https:\/\/alternatifs81.fr\/index.php?rest_route=\/wp\/v2\/types\/post"}],"author":[{"embeddable":true,"href":"https:\/\/alternatifs81.fr\/index.php?rest_route=\/wp\/v2\/users\/1"}],"replies":[{"embeddable":true,"href":"https:\/\/alternatifs81.fr\/index.php?rest_route=%2Fwp%2Fv2%2Fcomments&post=7090"}],"version-history":[{"count":0,"href":"https:\/\/alternatifs81.fr\/index.php?rest_route=\/wp\/v2\/posts\/7090\/revisions"}],"wp:attachment":[{"href":"https:\/\/alternatifs81.fr\/index.php?rest_route=%2Fwp%2Fv2%2Fmedia&parent=7090"}],"wp:term":[{"taxonomy":"category","embeddable":true,"href":"https:\/\/alternatifs81.fr\/index.php?rest_route=%2Fwp%2Fv2%2Fcategories&post=7090"},{"taxonomy":"post_tag","embeddable":true,"href":"https:\/\/alternatifs81.fr\/index.php?rest_route=%2Fwp%2Fv2%2Ftags&post=7090"}],"curies":[{"name":"wp","href":"https:\/\/api.w.org\/{rel}","templated":true}]}}