{"id":7080,"date":"2012-12-04T23:13:27","date_gmt":"2012-12-04T22:13:27","guid":{"rendered":"http:\/\/alternatifs81.fr\/?p=7080"},"modified":"2012-12-12T15:49:33","modified_gmt":"2012-12-12T14:49:33","slug":"de-notre-dame-des-landes-au-lyon-turin-une-seule-solution-la-repression","status":"publish","type":"post","link":"https:\/\/alternatifs81.fr\/?p=7080","title":{"rendered":"De NOTRE DAME DES LANDES au LYON TURIN une seule solution la REPRESSION !"},"content":{"rendered":"<p><em><span style=\"color: #0000ff;\"><a href=\"http:\/\/alternatifs81.fr\/wp-content\/uploads\/autoNDDL4-185x3005.jpg\" rel=\"lightbox[7080]\"><img loading=\"lazy\" decoding=\"async\" class=\"alignleft size-full wp-image-7081\" style=\"margin: 11px;\" title=\"autoNDDL4-185x300\" src=\"http:\/\/alternatifs81.fr\/wp-content\/uploads\/autoNDDL4-185x3005.jpg\" alt=\"\" width=\"185\" height=\"300\" \/><\/a>Communiqu\u00e9 des Alternatifs de Savoie<\/span><\/em><\/p>\n<h3 style=\"text-align: justify;\">\u00a0Pour le gouvernement fran\u00e7ais il se confirme que le seul langage qu&rsquo;il connaisse avec les opposants aux grands projets inutiles impos\u00e9s, soit celui de la r\u00e9pression et de la criminalisation du mouvement social.<\/h3>\n<h3 style=\"text-align: justify;\">Alors que le sommet Hollande-Monti se tenait ce 3 d\u00e9cembre 2012 \u00e0 Lyon pour finaliser l&rsquo;accord de percement du tunnel de base du TGV LYON TURIN, les opposants au projet s&rsquo;\u00e9taient donn\u00e9 rendez-vous pour d\u00e9noncer une fois de plus ce projet inutile, dangereux et co\u00fbteux. Apr\u00e8s avoir \u00e9t\u00e9 interdits d&rsquo;acc\u00e8s d&rsquo;un large p\u00e9rim\u00e8tre urbain, dit de s\u00e9curit\u00e9, un<!--more-->\u00a0millier d&rsquo;opposants No TAV fran\u00e7ais et italiens du Val de Suse, ont tenu \u00e0 mi-journ\u00e9e un rassemblement autoris\u00e9 sur la place de l&rsquo;ex gare des Brotteaux.<\/h3>\n<h3 style=\"text-align: justify;\">Apr\u00e8s 14H la sourici\u00e8re s&rsquo;est referm\u00e9e sur les manifestants. Les forces de l&rsquo;ordre en nombre impressionnant, ont cern\u00e9 et barricad\u00e9 la place interdisant jusque tard dans la soir\u00e9e toute issue possible puis fouill\u00e9 et contr\u00f4l\u00e9 tous les manifestants et en prime des dizaines de garde \u00e0 vue.<\/h3>\n<h3 style=\"text-align: justify;\">Les Alternatifs, eux-m\u00eames oppos\u00e9s \u00e0 ce projet, apportent leur soutien aux No Treno Alta Velocit\u00e0 et condamnent fermement la posture r\u00e9pressive de l&rsquo;Etat fran\u00e7ais face \u00e0 ce mouvement citoyen respectueux de l&rsquo;environnement, exigent en mati\u00e8re de transports collectifs r\u00e9gionaux, oppos\u00e9 aux d\u00e9localisations, \u00e0 la concurrence entre les peuples, et au dumping social.<\/h3>\n<h3 style=\"text-align: justify;\">D&rsquo;autre part, les 11 cars des No TAV Italiens ont \u00e9t\u00e9 arr\u00eat\u00e9s \u00e0 Modane, St Jean de Maurienne et St Quentin Fallavier. Cette entrave \u00e0 la libert\u00e9 de circuler ainsi que le fichage des participants \u00e0 un rassemblement pacifique de plus autoris\u00e9, constituent de tr\u00e8s graves atteintes aux droits du citoyen de l&rsquo;U.E.<\/h3>\n<h3>La lutte continue !<\/h3>\n<p><label><\/label><\/p>\n<gcse:search><\/gcse:search>","protected":false},"excerpt":{"rendered":"<p>Communiqu\u00e9 des Alternatifs de Savoie \u00a0Pour le gouvernement fran\u00e7ais il se confirme que le seul langage qu&rsquo;il connaisse avec les opposants aux grands projets inutiles impos\u00e9s, soit celui de la r\u00e9pression et de la criminalisation du mouvement social. Alors que le sommet Hollande-Monti se tenait ce 3 d\u00e9cembre 2012 \u00e0 Lyon pour finaliser l&rsquo;accord de [&hellip;]<\/p>\n","protected":false},"author":1,"featured_media":0,"comment_status":"open","ping_status":"closed","sticky":false,"template":"","format":"standard","meta":{"footnotes":""},"categories":[125,126,147,21,180],"tags":[26,103,117,304,204,66,72],"class_list":["post-7080","post","type-post","status-publish","format-standard","hentry","category-ecologie","category-gauche-de-combat","category-international","category-les-alters-dans-les-luttes","category-services-publics-2","tag-communique-de-presse","tag-demarche-citoyenne","tag-democratie","tag-grands-projets-inutiles","tag-notre-dame-des-landes","tag-services-publics","tag-transports"],"_links":{"self":[{"href":"https:\/\/alternatifs81.fr\/index.php?rest_route=\/wp\/v2\/posts\/7080","targetHints":{"allow":["GET"]}}],"collection":[{"href":"https:\/\/alternatifs81.fr\/index.php?rest_route=\/wp\/v2\/posts"}],"about":[{"href":"https:\/\/alternatifs81.fr\/index.php?rest_route=\/wp\/v2\/types\/post"}],"author":[{"embeddable":true,"href":"https:\/\/alternatifs81.fr\/index.php?rest_route=\/wp\/v2\/users\/1"}],"replies":[{"embeddable":true,"href":"https:\/\/alternatifs81.fr\/index.php?rest_route=%2Fwp%2Fv2%2Fcomments&post=7080"}],"version-history":[{"count":0,"href":"https:\/\/alternatifs81.fr\/index.php?rest_route=\/wp\/v2\/posts\/7080\/revisions"}],"wp:attachment":[{"href":"https:\/\/alternatifs81.fr\/index.php?rest_route=%2Fwp%2Fv2%2Fmedia&parent=7080"}],"wp:term":[{"taxonomy":"category","embeddable":true,"href":"https:\/\/alternatifs81.fr\/index.php?rest_route=%2Fwp%2Fv2%2Fcategories&post=7080"},{"taxonomy":"post_tag","embeddable":true,"href":"https:\/\/alternatifs81.fr\/index.php?rest_route=%2Fwp%2Fv2%2Ftags&post=7080"}],"curies":[{"name":"wp","href":"https:\/\/api.w.org\/{rel}","templated":true}]}}