{"id":7023,"date":"2012-12-02T22:12:03","date_gmt":"2012-12-02T21:12:03","guid":{"rendered":"http:\/\/alternatifs81.fr\/?p=7023"},"modified":"2013-01-02T16:24:45","modified_gmt":"2013-01-02T15:24:45","slug":"confluences-81-c%e2%80%99est-quoi","status":"publish","type":"post","link":"https:\/\/alternatifs81.fr\/?p=7023","title":{"rendered":"CONFLUENCES 81 : c\u2019est quoi ?"},"content":{"rendered":"<p style=\"text-align: center;\"><em>\u00a0<a href=\"http:\/\/alternatifs81.fr\/wp-content\/uploads\/logoConfluences812.jpg\" rel=\"lightbox[7023]\"><img loading=\"lazy\" decoding=\"async\" class=\"aligncenter size-full wp-image-7031\" title=\"logoConfluences81\" src=\"http:\/\/alternatifs81.fr\/wp-content\/uploads\/logoConfluences812.jpg\" alt=\"\" width=\"559\" height=\"136\" \/><\/a><\/em><\/p>\n<p style=\"text-align: justify;\"><em>Ce bimestriel est \u00e9dit\u00e9 par l\u2019association <strong>Confluences 81<\/strong>, cr\u00e9\u00e9e le 17 mars 2006. <\/em><\/p>\n<p style=\"text-align: justify;\"><em>Tous les abonn\u00e9s, s\u2019ils le souhaitent, peuvent aussi \u00eatre adh\u00e9rents \u00e0 l\u2019association.<\/em><\/p>\n<h3 style=\"text-align: justify;\"><em>Confluences 81 a \u00e9t\u00e9 cr\u00e9\u00e9 en avril 1996 par le groupe Tarnais de Convention pour une Alternative Progressiste (C.A.P.). Depuis il para\u00eet sans interruption \u00e0 raison de 6 num\u00e9ros par an (chaque num\u00e9ro comporte \u00e0 pr\u00e9sent 16 pages, dont un dossier central de 4 pages).<!--more--><\/em><\/h3>\n<p><a href=\"http:\/\/alternatifs81.fr\/wp-content\/uploads\/logoConfluences81.jpg\" rel=\"lightbox[7023]\"><\/a><\/p>\n<h3 style=\"text-align: justify;\">Ce p\u00e9riodique a bien s\u00fbr partie li\u00e9e avec <span style=\"color: #008000;\"><span style=\"color: #808000;\">Les Alternatifs<\/span> du Tarn<\/span>, d\u00e8s leur cr\u00e9ation en 1998. Toutefois, il n\u2019en est pas \u00ab\u00a0l\u2019organe officiel\u00a0\u00bb\u00a0 et reste ouvert \u00e0 des citoyen-ne-s non membres des Alternatifs du Tarn : en 10 ans, pr\u00e8s de 750 textes ont \u00e9t\u00e9 produits par 110 r\u00e9dacteurs individuels et 15 r\u00e9dacteurs collectifs, plus de la moiti\u00e9 n\u2019\u00e9manant pas d\u2019adh\u00e9rent-e-s des Alternatifs 81. Les sujets abord\u00e9s sont tr\u00e8s divers : politique -locale, d\u00e9partementale, nationale, internationale- social, \u00e9cologie, f\u00e9minisme, culture, vie communale\u2026<\/h3>\n<h2 style=\"text-align: justify;\">Abonnement 13 \u20ac par an (6 num\u00e9ros).<\/h2>\n<h2>Ch\u00e8ques \u00e0 l\u2019ordre de : Confluences 81.<\/h2>\n<p><strong><span style=\"text-decoration: underline;\">Contacts :<\/span><\/strong><\/p>\n<ul>\n<li>Adresse postale : Confluences 81, Le Ritou, 81100 CASTRES<\/li>\n<li>email : <a href=\"mailto:81@alternatifs.org\">81@alternatifs.org<\/a>.<\/li>\n<\/ul>\n<h3><span style=\"color: #008000;\">Pour d\u00e9couvrir CONFLUENCES, ces liens : <\/span><br \/>\n&#8211; n\u00b0 96: <a href=\"http:\/\/www.alternatifs.org\/spip\/tarn-confluences-no96-mai-2012\" target=\"_blank\">http:\/\/www.alternatifs.org\/spip\/tarn-confluences-no96-mai-2012<\/a><br \/>\n&#8211; n\u00b0 97: <a href=\"http:\/\/www.alternatifs.org\/spip\/tarn-confluences-no97-juillet-2012\" target=\"_blank\">http:\/\/www.alternatifs.org\/spip\/tarn-confluences-no97-juillet-2012<\/a><br \/>\n&#8211; n\u00b0 98: <a href=\"http:\/\/www.alternatifs.org\/spip\/tarn-confluences-no98-septembre\" target=\"_blank\">http:\/\/www.alternatifs.org\/spip\/tarn-confluences-no98-septembre<\/a>\u00a0\u00a0\u00a0\u00a0<\/h3>\n<h3>&#8211; n\u00b0 99 <a href=\"http:\/\/www.alternatifs.org\/spip\/tarn-confluences-no99-novembre\">http:\/\/www.alternatifs.org\/spip\/tarn-confluences-no99-novembre<\/a><\/h3>\n<h3><a href=\"http:\/\/alternatifs81.fr\/wp-content\/uploads\/bandeau-Conflu-pour-blog-essai-4-copie3.jpg\" rel=\"lightbox[7023]\"><img loading=\"lazy\" decoding=\"async\" class=\"size-full wp-image-7041 aligncenter\" title=\"bandeau Conflu pour blog essai 4.indd\" src=\"http:\/\/alternatifs81.fr\/wp-content\/uploads\/bandeau-Conflu-pour-blog-essai-4-copie3.jpg\" alt=\"\" width=\"354\" height=\"142\" \/><\/a><\/h3>\n<gcse:search><\/gcse:search>","protected":false},"excerpt":{"rendered":"<p>\u00a0 Ce bimestriel est \u00e9dit\u00e9 par l\u2019association Confluences 81, cr\u00e9\u00e9e le 17 mars 2006. Tous les abonn\u00e9s, s\u2019ils le souhaitent, peuvent aussi \u00eatre adh\u00e9rents \u00e0 l\u2019association. Confluences 81 a \u00e9t\u00e9 cr\u00e9\u00e9 en avril 1996 par le groupe Tarnais de Convention pour une Alternative Progressiste (C.A.P.). Depuis il para\u00eet sans interruption \u00e0 raison de 6 num\u00e9ros [&hellip;]<\/p>\n","protected":false},"author":1,"featured_media":0,"comment_status":"open","ping_status":"closed","sticky":false,"template":"","format":"standard","meta":{"footnotes":""},"categories":[4],"tags":[38],"class_list":["post-7023","post","type-post","status-publish","format-standard","hentry","category-confluences81","tag-confluences-81"],"_links":{"self":[{"href":"https:\/\/alternatifs81.fr\/index.php?rest_route=\/wp\/v2\/posts\/7023","targetHints":{"allow":["GET"]}}],"collection":[{"href":"https:\/\/alternatifs81.fr\/index.php?rest_route=\/wp\/v2\/posts"}],"about":[{"href":"https:\/\/alternatifs81.fr\/index.php?rest_route=\/wp\/v2\/types\/post"}],"author":[{"embeddable":true,"href":"https:\/\/alternatifs81.fr\/index.php?rest_route=\/wp\/v2\/users\/1"}],"replies":[{"embeddable":true,"href":"https:\/\/alternatifs81.fr\/index.php?rest_route=%2Fwp%2Fv2%2Fcomments&post=7023"}],"version-history":[{"count":0,"href":"https:\/\/alternatifs81.fr\/index.php?rest_route=\/wp\/v2\/posts\/7023\/revisions"}],"wp:attachment":[{"href":"https:\/\/alternatifs81.fr\/index.php?rest_route=%2Fwp%2Fv2%2Fmedia&parent=7023"}],"wp:term":[{"taxonomy":"category","embeddable":true,"href":"https:\/\/alternatifs81.fr\/index.php?rest_route=%2Fwp%2Fv2%2Fcategories&post=7023"},{"taxonomy":"post_tag","embeddable":true,"href":"https:\/\/alternatifs81.fr\/index.php?rest_route=%2Fwp%2Fv2%2Ftags&post=7023"}],"curies":[{"name":"wp","href":"https:\/\/api.w.org\/{rel}","templated":true}]}}