{"id":7008,"date":"2012-12-02T13:45:16","date_gmt":"2012-12-02T12:45:16","guid":{"rendered":"http:\/\/alternatifs81.fr\/?p=7008"},"modified":"2013-01-02T16:30:18","modified_gmt":"2013-01-02T15:30:18","slug":"plus-de-35-000","status":"publish","type":"post","link":"https:\/\/alternatifs81.fr\/?p=7008","title":{"rendered":"Plus de 40 000"},"content":{"rendered":"<h2><span style=\"color: #0000ff;\">Ce n\u2019est (<em>pas encore !<\/em>) le nombre d\u2019adh\u00e9rentEs aux Alternatifs&#8230;<\/span>\u00a0<\/h2>\n<div>\n<p><!-- finde_surligneconditionnel--><\/p>\n<p><!-- debut_surligneconditionnel --><\/p>\n<div>\n<p style=\"text-align: justify;\"><span style=\"color: #808000;\">\u2026c\u2019est le total en euros des dons re\u00e7us fin novembre 2012 pour la souscription l\u00e9gislatives des Alternatifs.<\/span>\u00a0<\/p>\n<\/div>\n<div>\n<h3 style=\"text-align: justify;\">Il s\u2019agit d&rsquo;\u00e9ponger, ou au moins de r\u00e9duire fortement, le d\u00e9ficit de 54.000 Euros li\u00e9 \u00e0 notre pr\u00e9sence aux l\u00e9gislatives.<br \/>\nLe montant des dons est parfois important. Merci !\u00a0<\/h3>\n<h3><em><span style=\"color: #008000;\">Il nous reste encore \u00e0 trouver pr\u00e8s de 20 000 \u20ac.. . <\/span><\/em><\/h3>\n<p><em><strong>Chaque don, petit ou gros, nous sera utile. Nous comptons sur vous.<\/strong><\/em>\u00a0<\/p>\n<p><strong>Comment aider ?<\/strong><strong><br \/>\n<\/strong><\/p>\n<p><strong><em><span style=\"color: #808000;\"><span style=\"text-decoration: underline;\">Adresse d\u2019envoi : <!--more--><\/span><\/span><\/em><\/strong><\/p>\n<p><strong><em><span style=\"color: #008000;\">Les Alternatifs souscription 40, rue de Malte 75011 Paris<\/span><\/em><\/strong><strong><br \/>\n<em><span style=\"text-decoration: underline;\">Ch\u00e8ques \u00e0 l\u2019ordre de :<\/span><\/em><\/strong><\/p>\n<h3 style=\"text-align: justify;\"><span style=\"color: #0000ff;\">l&rsquo; \u00ab\u00a0Association de Financement des Alternatifs\u00a0\u00bb (<em>les dons ouvrent droit \u00e0 d\u00e9duction fiscale 66% pour les heureuses\/eux contribuables !<\/em>)<\/span>\u00a0<\/h3>\n<p><strong><em>Merci d&rsquo;avance<\/em><\/strong><\/p>\n<h2 style=\"text-align: justify;\"><strong><span style=\"color: #008000;\"><span style=\"color: #808000;\">Et il est toujours possible<\/span> d&rsquo;adh\u00e9rer aux Alternatifs <\/span><\/strong><\/h2>\n<h2 style=\"text-align: justify;\"><strong><span style=\"color: #008000;\"><a href=\"http:\/\/alternatifs81.fr\/wp-content\/uploads\/bandeau-Alters-pour-blog-essai-6-copie2.jpg\" rel=\"lightbox[7008]\"><img loading=\"lazy\" decoding=\"async\" class=\"aligncenter size-full wp-image-7011\" style=\"margin: 11px;\" title=\"bandeau Alters pour blog essai 6.indd\" src=\"http:\/\/alternatifs81.fr\/wp-content\/uploads\/bandeau-Alters-pour-blog-essai-6-copie2.jpg\" alt=\"\" width=\"354\" height=\"142\" srcset=\"https:\/\/alternatifs81.fr\/wp-content\/uploads\/bandeau-Alters-pour-blog-essai-6-copie2.jpg 354w, https:\/\/alternatifs81.fr\/wp-content\/uploads\/bandeau-Alters-pour-blog-essai-6-copie2-300x120.jpg 300w\" sizes=\"auto, (max-width: 354px) 100vw, 354px\" \/><\/a><\/span><\/strong><\/h2>\n<h2 style=\"text-align: justify;\"><strong><span style=\"color: #008000;\"><a href=\"http:\/\/alternatifs81.fr\/wp-content\/uploads\/bandeau-Alters-pour-blog-essai-6-copie.jpg\" rel=\"lightbox[7008]\"><\/a><\/span><\/strong><\/h2>\n<\/div>\n<\/div>\n<gcse:search><\/gcse:search>","protected":false},"excerpt":{"rendered":"<p>Ce n\u2019est (pas encore !) le nombre d\u2019adh\u00e9rentEs aux Alternatifs&#8230;\u00a0 \u2026c\u2019est le total en euros des dons re\u00e7us fin novembre 2012 pour la souscription l\u00e9gislatives des Alternatifs.\u00a0 Il s\u2019agit d&rsquo;\u00e9ponger, ou au moins de r\u00e9duire fortement, le d\u00e9ficit de 54.000 Euros li\u00e9 \u00e0 notre pr\u00e9sence aux l\u00e9gislatives. Le montant des dons est parfois important. Merci [&hellip;]<\/p>\n","protected":false},"author":1,"featured_media":0,"comment_status":"open","ping_status":"closed","sticky":false,"template":"","format":"standard","meta":{"footnotes":""},"categories":[126,5],"tags":[34,103],"class_list":["post-7008","post","type-post","status-publish","format-standard","hentry","category-gauche-de-combat","category-les-alters-kezako","tag-alternatifs","tag-demarche-citoyenne"],"_links":{"self":[{"href":"https:\/\/alternatifs81.fr\/index.php?rest_route=\/wp\/v2\/posts\/7008","targetHints":{"allow":["GET"]}}],"collection":[{"href":"https:\/\/alternatifs81.fr\/index.php?rest_route=\/wp\/v2\/posts"}],"about":[{"href":"https:\/\/alternatifs81.fr\/index.php?rest_route=\/wp\/v2\/types\/post"}],"author":[{"embeddable":true,"href":"https:\/\/alternatifs81.fr\/index.php?rest_route=\/wp\/v2\/users\/1"}],"replies":[{"embeddable":true,"href":"https:\/\/alternatifs81.fr\/index.php?rest_route=%2Fwp%2Fv2%2Fcomments&post=7008"}],"version-history":[{"count":0,"href":"https:\/\/alternatifs81.fr\/index.php?rest_route=\/wp\/v2\/posts\/7008\/revisions"}],"wp:attachment":[{"href":"https:\/\/alternatifs81.fr\/index.php?rest_route=%2Fwp%2Fv2%2Fmedia&parent=7008"}],"wp:term":[{"taxonomy":"category","embeddable":true,"href":"https:\/\/alternatifs81.fr\/index.php?rest_route=%2Fwp%2Fv2%2Fcategories&post=7008"},{"taxonomy":"post_tag","embeddable":true,"href":"https:\/\/alternatifs81.fr\/index.php?rest_route=%2Fwp%2Fv2%2Ftags&post=7008"}],"curies":[{"name":"wp","href":"https:\/\/api.w.org\/{rel}","templated":true}]}}