{"id":6938,"date":"2012-11-27T07:31:58","date_gmt":"2012-11-27T06:31:58","guid":{"rendered":"http:\/\/alternatifs81.fr\/?p=6938"},"modified":"2012-12-12T16:05:46","modified_gmt":"2012-12-12T15:05:46","slug":"on-est-en-guerre-6","status":"publish","type":"post","link":"https:\/\/alternatifs81.fr\/?p=6938","title":{"rendered":"On est en guerre (6)"},"content":{"rendered":"<p><a href=\"http:\/\/alternatifs81.fr\/wp-content\/uploads\/NDDL-banderole-17-nov-Alters.jpg\" rel=\"lightbox[6938]\"><img loading=\"lazy\" decoding=\"async\" class=\"alignleft size-medium wp-image-6939\" style=\"margin: 10px;\" title=\"NDDL banderole 17 nov Alters\" src=\"http:\/\/alternatifs81.fr\/wp-content\/uploads\/NDDL-banderole-17-nov-Alters-300x198.jpg\" alt=\"\" width=\"240\" height=\"158\" srcset=\"https:\/\/alternatifs81.fr\/wp-content\/uploads\/NDDL-banderole-17-nov-Alters-300x198.jpg 300w, https:\/\/alternatifs81.fr\/wp-content\/uploads\/NDDL-banderole-17-nov-Alters.jpg 320w\" sizes=\"auto, (max-width: 240px) 100vw, 240px\" \/><\/a><\/p>\n<h3 style=\"text-align: justify;\">L&rsquo;Etat est pr\u00eat \u00e0\u00a0<a href=\"http:\/\/conjugaison.lemonde.fr\/conjugaison\/premier-groupe\/stopper\" target=\"_blank\"><span style=\"color: #000000;\">stopper<\/span><\/a>\u00a0les op\u00e9rations de gendarmerie sur le site du futur a\u00e9roport controvers\u00e9 de Notre-Dame-des-Landes en \u00e9change d&rsquo;un gel de toutes les nouvelles constructions ill\u00e9gales sur la\u00a0ZAD\u00a0\u00bb\u00a0(zone d&rsquo;am\u00e9nagement diff\u00e9r\u00e9e r\u00e9serv\u00e9e \u00e0 l&rsquo;a\u00e9roport), a indiqu\u00e9 lundi la pr\u00e9fecture de Loire-Atlantique. (Sources : <em>Le Monde<\/em> du 26\/11\/2012)<\/h3>\n<p style=\"text-align: center;\"><strong><span style=\"color: #ff0000;\">Quelques images de la concertation (suite) ?<\/span><\/strong><\/p>\n<p>Cliquez sur : <a href=\"http:\/\/www.youtube.com\/watch?feature=player_embedded&amp;v=5Csjf-yLPPM\">http:\/\/www.youtube.com\/watch?feature=player_embedded&amp;v=5Csjf-yLPPM<\/a><\/p>\n<gcse:search><\/gcse:search>","protected":false},"excerpt":{"rendered":"<p>L&rsquo;Etat est pr\u00eat \u00e0\u00a0stopper\u00a0les op\u00e9rations de gendarmerie sur le site du futur a\u00e9roport controvers\u00e9 de Notre-Dame-des-Landes en \u00e9change d&rsquo;un gel de toutes les nouvelles constructions ill\u00e9gales sur la\u00a0ZAD\u00a0\u00bb\u00a0(zone d&rsquo;am\u00e9nagement diff\u00e9r\u00e9e r\u00e9serv\u00e9e \u00e0 l&rsquo;a\u00e9roport), a indiqu\u00e9 lundi la pr\u00e9fecture de Loire-Atlantique. (Sources : Le Monde du 26\/11\/2012) Quelques images de la concertation (suite) ? Cliquez sur [&hellip;]<\/p>\n","protected":false},"author":1,"featured_media":0,"comment_status":"open","ping_status":"closed","sticky":false,"template":"","format":"standard","meta":{"footnotes":""},"categories":[21,217,173],"tags":[204],"class_list":["post-6938","post","type-post","status-publish","format-standard","hentry","category-les-alters-dans-les-luttes","category-libertes","category-no-pasaran","tag-notre-dame-des-landes"],"_links":{"self":[{"href":"https:\/\/alternatifs81.fr\/index.php?rest_route=\/wp\/v2\/posts\/6938","targetHints":{"allow":["GET"]}}],"collection":[{"href":"https:\/\/alternatifs81.fr\/index.php?rest_route=\/wp\/v2\/posts"}],"about":[{"href":"https:\/\/alternatifs81.fr\/index.php?rest_route=\/wp\/v2\/types\/post"}],"author":[{"embeddable":true,"href":"https:\/\/alternatifs81.fr\/index.php?rest_route=\/wp\/v2\/users\/1"}],"replies":[{"embeddable":true,"href":"https:\/\/alternatifs81.fr\/index.php?rest_route=%2Fwp%2Fv2%2Fcomments&post=6938"}],"version-history":[{"count":0,"href":"https:\/\/alternatifs81.fr\/index.php?rest_route=\/wp\/v2\/posts\/6938\/revisions"}],"wp:attachment":[{"href":"https:\/\/alternatifs81.fr\/index.php?rest_route=%2Fwp%2Fv2%2Fmedia&parent=6938"}],"wp:term":[{"taxonomy":"category","embeddable":true,"href":"https:\/\/alternatifs81.fr\/index.php?rest_route=%2Fwp%2Fv2%2Fcategories&post=6938"},{"taxonomy":"post_tag","embeddable":true,"href":"https:\/\/alternatifs81.fr\/index.php?rest_route=%2Fwp%2Fv2%2Ftags&post=6938"}],"curies":[{"name":"wp","href":"https:\/\/api.w.org\/{rel}","templated":true}]}}