{"id":6934,"date":"2012-11-26T14:34:11","date_gmt":"2012-11-26T13:34:11","guid":{"rendered":"http:\/\/alternatifs81.fr\/?p=6934"},"modified":"2012-11-30T13:42:07","modified_gmt":"2012-11-30T12:42:07","slug":"notre-dame-des-landes-faire-atterrir-le-gouvernement-attac","status":"publish","type":"post","link":"https:\/\/alternatifs81.fr\/?p=6934","title":{"rendered":"Notre-Dame-des-Landes : FAIRE ATTERRIR LE GOUVERNEMENT ! (Attac)"},"content":{"rendered":"<h3 style=\"text-align: justify;\"><a href=\"http:\/\/alternatifs81.fr\/wp-content\/uploads\/arton46601-8dd0e.jpg\" rel=\"lightbox[6934]\"><img loading=\"lazy\" decoding=\"async\" class=\"alignleft size-medium wp-image-6935\" style=\"margin: 12px;\" title=\"arton46601-8dd0e\" src=\"http:\/\/alternatifs81.fr\/wp-content\/uploads\/arton46601-8dd0e-300x200.jpg\" alt=\"\" width=\"240\" height=\"160\" srcset=\"https:\/\/alternatifs81.fr\/wp-content\/uploads\/arton46601-8dd0e-300x200.jpg 300w, https:\/\/alternatifs81.fr\/wp-content\/uploads\/arton46601-8dd0e.jpg 440w\" sizes=\"auto, (max-width: 240px) 100vw, 240px\" \/><\/a>Moins d\u2019une semaine apr\u00e8s la journ\u00e9e de manifestation et de r\u00e9occupation de Notre Dame des Landes, le gouvernement a relanc\u00e9 l\u2019op\u00e9ration d\u2019\u00e9vacuation et de destruction de la ZAD (Zone \u00c0 D\u00e9fendre), qu\u2019occupent les opposants au projet de nouvel a\u00e9roport. Attac France r\u00e9affirme son soutien aux habitants de la ZAD et \u00e0 l\u2019ensemble des opposants au projet de nouvel a\u00e9roport \u00e0 Notre Dame des Landes.<\/h3>\n<h3 style=\"text-align: justify;\">Le gouvernement s\u2019ent\u00eate, et refuse d\u2019entendre la voix des opposants \u00e0 ce projet. Il se place m\u00eame d\u00e9sormais dans l\u2019ill\u00e9galit\u00e9 : les 500 gendarmes mobilis\u00e9s ce vendredi \u00e9vacuent des occupants de parcelles non-expulsables. Il rompt ainsi avec la promesse de campagne de Fran\u00e7ois<!--more-->\u00a0Hollande, qui s\u2019\u00e9tait engag\u00e9 \u00e0 d\u00e9fendre un \u00c9tat exemplaire.A l\u2019heure des politiques aust\u00e9ritaires, le maintien d\u2019un projet, \u00e0 la fois inutile, co\u00fbteux et n\u00e9faste pour l\u2019environnement est incompr\u00e9hensible. Tandis que le gouvernement plie sous la pression du Medef et des \u00ab pigeons \u00bb, il reste inflexible face \u00e0 ceux qui se battent pour une transition \u00e9cologique et sociale.<\/h3>\n<h3 style=\"text-align: justify;\">De la m\u00eame mani\u00e8re que le Larzac est devenu un symbole de la lutte contre la toute-puissance \u00e9tatique et militaire, Notre Dame des Landes est devenue le symbole d\u2019un refus : celui d\u2019une politique d\u2019am\u00e9nagement du territoire h\u00e9rit\u00e9e du si\u00e8cle pass\u00e9, qui pr\u00e9f\u00e8re la destruction et le b\u00e9tonnage des terres fertiles \u00e0 la promotion de la relocalisation de la production agricole et des \u00e9changes ; celui de la croyance que la sortie de crise se fera par le d\u00e9veloppement d\u2019infrastructures inutiles et impos\u00e9es, pr\u00e9datrices en \u00e9nergies fossiles plut\u00f4t que par la conversion \u00e9cologique de nos soci\u00e9t\u00e9s.<\/h3>\n<h3 style=\"text-align: justify;\">Mais, \u00e0 l\u2019instar du Larzac, Notre Dame des Landes n\u2019est pas seulement un symbole et un refus. Elle est un lieu o\u00f9 s\u2019exp\u00e9rimentent des alternatives \u2013 relocalisation, sobri\u00e9t\u00e9 \u00e9nerg\u00e9tique, autonomie -. La ZAD doit \u00eatre ardemment d\u00e9fendue. Ce soutien doit d\u00e9sormais se concr\u00e9tiser dans la multiplication d\u2019initiatives et d\u2019actions d\u00e9centralis\u00e9es partout en France.<\/h3>\n<p style=\"text-align: right;\"><em><span style=\"color: #808000;\">Attac France, le 23 novembre 2012<\/span><\/em><\/p>\n<p style=\"text-align: left;\"><span style=\"color: #008000;\"><span style=\"text-decoration: underline;\">Tous les rassemblements <\/span><\/span>: <a title=\"http:\/\/comites-ndl.blogspot.fr\/\" href=\"http:\/\/comites-ndl.blogspot.fr\/\">http:\/\/comites-ndl.blogspot.fr\/<\/a> et <a title=\"http:\/\/acipa.fr\/Newsletter\/Agenda\/agenda.htm\" href=\"http:\/\/acipa.fr\/Newsletter\/Agenda\/agenda.htm\">http:\/\/acipa.fr\/Newsletter\/Agenda\/agenda.htm<\/a><\/p>\n<gcse:search><\/gcse:search>","protected":false},"excerpt":{"rendered":"<p>Moins d\u2019une semaine apr\u00e8s la journ\u00e9e de manifestation et de r\u00e9occupation de Notre Dame des Landes, le gouvernement a relanc\u00e9 l\u2019op\u00e9ration d\u2019\u00e9vacuation et de destruction de la ZAD (Zone \u00c0 D\u00e9fendre), qu\u2019occupent les opposants au projet de nouvel a\u00e9roport. Attac France r\u00e9affirme son soutien aux habitants de la ZAD et \u00e0 l\u2019ensemble des opposants au [&hellip;]<\/p>\n","protected":false},"author":1,"featured_media":0,"comment_status":"open","ping_status":"closed","sticky":false,"template":"","format":"standard","meta":{"footnotes":""},"categories":[126,244,246],"tags":[117,204],"class_list":["post-6934","post","type-post","status-publish","format-standard","hentry","category-gauche-de-combat","category-point-de-vue","category-transition-energetique-2","tag-democratie","tag-notre-dame-des-landes"],"_links":{"self":[{"href":"https:\/\/alternatifs81.fr\/index.php?rest_route=\/wp\/v2\/posts\/6934","targetHints":{"allow":["GET"]}}],"collection":[{"href":"https:\/\/alternatifs81.fr\/index.php?rest_route=\/wp\/v2\/posts"}],"about":[{"href":"https:\/\/alternatifs81.fr\/index.php?rest_route=\/wp\/v2\/types\/post"}],"author":[{"embeddable":true,"href":"https:\/\/alternatifs81.fr\/index.php?rest_route=\/wp\/v2\/users\/1"}],"replies":[{"embeddable":true,"href":"https:\/\/alternatifs81.fr\/index.php?rest_route=%2Fwp%2Fv2%2Fcomments&post=6934"}],"version-history":[{"count":0,"href":"https:\/\/alternatifs81.fr\/index.php?rest_route=\/wp\/v2\/posts\/6934\/revisions"}],"wp:attachment":[{"href":"https:\/\/alternatifs81.fr\/index.php?rest_route=%2Fwp%2Fv2%2Fmedia&parent=6934"}],"wp:term":[{"taxonomy":"category","embeddable":true,"href":"https:\/\/alternatifs81.fr\/index.php?rest_route=%2Fwp%2Fv2%2Fcategories&post=6934"},{"taxonomy":"post_tag","embeddable":true,"href":"https:\/\/alternatifs81.fr\/index.php?rest_route=%2Fwp%2Fv2%2Ftags&post=6934"}],"curies":[{"name":"wp","href":"https:\/\/api.w.org\/{rel}","templated":true}]}}