{"id":6928,"date":"2012-11-25T22:14:38","date_gmt":"2012-11-25T21:14:38","guid":{"rendered":"http:\/\/alternatifs81.fr\/?p=6928"},"modified":"2012-11-30T13:42:38","modified_gmt":"2012-11-30T12:42:38","slug":"commission-du-dialogue-premier-recul-ou-simple-manoeuvre","status":"publish","type":"post","link":"https:\/\/alternatifs81.fr\/?p=6928","title":{"rendered":"Commission du dialogue ? Premier recul ou simple manoeuvre ?"},"content":{"rendered":"<p style=\"text-align: justify;\"><strong><a href=\"http:\/\/alternatifs81.fr\/wp-content\/uploads\/NDDLalter.jpg\" rel=\"lightbox[6928]\"><img loading=\"lazy\" decoding=\"async\" class=\"alignright size-medium wp-image-6929\" style=\"margin: 11px 10px;\" title=\"NDDLalter\" src=\"http:\/\/alternatifs81.fr\/wp-content\/uploads\/NDDLalter-300x199.jpg\" alt=\"\" width=\"300\" height=\"199\" srcset=\"https:\/\/alternatifs81.fr\/wp-content\/uploads\/NDDLalter-300x199.jpg 300w, https:\/\/alternatifs81.fr\/wp-content\/uploads\/NDDLalter.jpg 320w\" sizes=\"auto, (max-width: 300px) 100vw, 300px\" \/><\/a>Apr\u00e8s cinq semaines de violences polici\u00e8res croissantes sur le site m\u00eame de Notre dame des landes, une semaine apr\u00e8s la manifestation qui a rassembl\u00e9 pr\u00e8s de 40 000 personnes, au soir de la manifestation nantaise qui a r\u00e9uni plus de 7000 participants tandis que dans des rassemblements se tenaient dans de tr\u00e8s nombreux d\u00e9partements, le Premier Ministre annonce la mise en place d\u2019une commission du dialogue. Premier recul ou nouvelle man\u0153uvre ? Pour les Alternatifs 44, \u00e0 l\u2019\u00e9vidence un peu des deux. <\/strong><br \/>\n<strong><br \/>\n<\/strong><strong>Il suffisait d\u2019entendre les \u00ab <em>Ayrault d\u00e9mission<\/em> \u00bb repris en c\u0153ur par les milliers de<!--more-->\u00a0participant-e-s \u00e0 la manifestation nantaise d\u2019hier, pour comprendre le prix politique consid\u00e9rable que le gouvernement paie pour avoir choisi d\u2019\u00e9craser la r\u00e9sistance au projet de nouvel a\u00e9roport par la violence. <\/strong><br \/>\n<strong><br \/>\n<\/strong><strong>Que le Premier Ministre essaie aujourd\u2019hui de calmer le jeu apr\u00e8s avoir conduit une politique de terre br\u00fbl\u00e9e depuis cinq semaines est une bonne chose. A condition que les forces de police soient toutes \u00e9vacu\u00e9es de Notre Dame des Landes et que le bocage puisse panser ses plaies dans un peu de qui\u00e9tude. <\/strong><br \/>\n<strong><br \/>\n<\/strong><strong>Man\u0153uvre aussi parce que malgr\u00e9 leur nombre, les forces de police \u00e9taient en difficult\u00e9 du fait de la nature m\u00eame du terrain. Pas simple, en plein hiver, de faire man\u0153uvrer des mastodontes de chantier en zones humides. <\/strong><br \/>\n<strong><br \/>\n<\/strong><strong>L\u2019annonce de Jean-Marc Ayrault est peut-\u00eatre aussi une fa\u00e7on de tenter d\u2019\u00e9loigner les projecteurs de la r\u00e9sistance au projet d\u2019a\u00e9roport pour mieux porter l\u2019estocade au printemps. A lui de montrer qu\u2019il n\u2019en est rien en prenant enfin le temps, enfin, d\u2019un vrai dialogue avec celles et ceux qui depuis des ann\u00e9es se battent contre une d\u00e9cision \u00e9cologiquement et socialement d\u00e9sastreuse. <\/strong><br \/>\n<strong><br \/>\n<\/strong><strong>Pour leur part, avec et au sein de la coordination des opposants, les Alternatifs y sont pr\u00eats.<\/strong><\/p>\n<div><strong>\u00a0<\/strong><\/div>\n<div style=\"text-align: right;\"><em><span style=\"color: #0000ff;\">Publi\u00e9 par Les Alternatifs 44<\/span><\/em><\/div>\n<gcse:search><\/gcse:search>","protected":false},"excerpt":{"rendered":"<p>Apr\u00e8s cinq semaines de violences polici\u00e8res croissantes sur le site m\u00eame de Notre dame des landes, une semaine apr\u00e8s la manifestation qui a rassembl\u00e9 pr\u00e8s de 40 000 personnes, au soir de la manifestation nantaise qui a r\u00e9uni plus de 7000 participants tandis que dans des rassemblements se tenaient dans de tr\u00e8s nombreux d\u00e9partements, le [&hellip;]<\/p>\n","protected":false},"author":1,"featured_media":0,"comment_status":"open","ping_status":"closed","sticky":false,"template":"","format":"standard","meta":{"footnotes":""},"categories":[125,21,244,246],"tags":[34,204],"class_list":["post-6928","post","type-post","status-publish","format-standard","hentry","category-ecologie","category-les-alters-dans-les-luttes","category-point-de-vue","category-transition-energetique-2","tag-alternatifs","tag-notre-dame-des-landes"],"_links":{"self":[{"href":"https:\/\/alternatifs81.fr\/index.php?rest_route=\/wp\/v2\/posts\/6928","targetHints":{"allow":["GET"]}}],"collection":[{"href":"https:\/\/alternatifs81.fr\/index.php?rest_route=\/wp\/v2\/posts"}],"about":[{"href":"https:\/\/alternatifs81.fr\/index.php?rest_route=\/wp\/v2\/types\/post"}],"author":[{"embeddable":true,"href":"https:\/\/alternatifs81.fr\/index.php?rest_route=\/wp\/v2\/users\/1"}],"replies":[{"embeddable":true,"href":"https:\/\/alternatifs81.fr\/index.php?rest_route=%2Fwp%2Fv2%2Fcomments&post=6928"}],"version-history":[{"count":0,"href":"https:\/\/alternatifs81.fr\/index.php?rest_route=\/wp\/v2\/posts\/6928\/revisions"}],"wp:attachment":[{"href":"https:\/\/alternatifs81.fr\/index.php?rest_route=%2Fwp%2Fv2%2Fmedia&parent=6928"}],"wp:term":[{"taxonomy":"category","embeddable":true,"href":"https:\/\/alternatifs81.fr\/index.php?rest_route=%2Fwp%2Fv2%2Fcategories&post=6928"},{"taxonomy":"post_tag","embeddable":true,"href":"https:\/\/alternatifs81.fr\/index.php?rest_route=%2Fwp%2Fv2%2Ftags&post=6928"}],"curies":[{"name":"wp","href":"https:\/\/api.w.org\/{rel}","templated":true}]}}