{"id":6921,"date":"2012-11-25T11:14:57","date_gmt":"2012-11-25T10:14:57","guid":{"rendered":"http:\/\/alternatifs81.fr\/?p=6921"},"modified":"2012-11-30T13:43:23","modified_gmt":"2012-11-30T12:43:23","slug":"25-novembre-2012-journee-internationale-de-lutte-contre-les-violences-faites-aux-femmes","status":"publish","type":"post","link":"https:\/\/alternatifs81.fr\/?p=6921","title":{"rendered":"25 NOVEMBRE 2012 : Journ\u00e9e internationale de lutte contre les violences faites aux femmes"},"content":{"rendered":"<p style=\"text-align: justify;\">\n<div style=\"text-align: justify;\"><span style=\"font-size: medium;\"><strong><br \/>\n<a href=\"http:\/\/alternatifs81.fr\/wp-content\/uploads\/FMINIS1.png\" rel=\"lightbox[6921]\"><\/a><a href=\"http:\/\/alternatifs81.fr\/wp-content\/uploads\/FMINIS11.png\" rel=\"lightbox[6921]\"><img loading=\"lazy\" decoding=\"async\" class=\"alignleft size-medium wp-image-6923\" style=\"margin: 11px;\" title=\"FMINIS~1\" src=\"http:\/\/alternatifs81.fr\/wp-content\/uploads\/FMINIS11-300x132.png\" alt=\"\" width=\"270\" height=\"119\" srcset=\"https:\/\/alternatifs81.fr\/wp-content\/uploads\/FMINIS11-300x132.png 300w, https:\/\/alternatifs81.fr\/wp-content\/uploads\/FMINIS11.png 320w\" sizes=\"auto, (max-width: 270px) 100vw, 270px\" \/><\/a>Le verdict du proc\u00e8s pour viols collectifs de Cr\u00e9teil a soulev\u00e9 une vague d&rsquo;indignation : victimes maltrait\u00e9es et insult\u00e9es, proc\u00e9dure interminable, classement sans suite ant\u00e9rieur, victimes non prot\u00e9g\u00e9es habitant toujours dans le m\u00eame quartier que les agresseurs, acquittements \u00e9hont\u00e9s. Ce verdict cristallise la fa\u00e7on dont le \u00ab pays des droits de l&rsquo;Homme \u00bb prend en compte les violences faites aux femmes.<br \/>\nCar il n&rsquo;y a pas que le viol o\u00f9 les victimes sont parfois trait\u00e9es de la sorte. Les femmes victimes d&rsquo;autres violences peuvent aussi l&rsquo;\u00eatre. Et elles le savent puisque seules 10 % d&rsquo;entre elles portent plainte par peur de la justice. Un comble tout de m\u00eame ! Mais une attitude pour le moins r\u00e9aliste. Ce qui en r\u00e9sulte, c&rsquo;est que la grande majorit\u00e9 des violences ne sont pas d\u00e9nonc\u00e9es en France et que cela est parfaitement su !<br \/>\nQuel bel exemple de tol\u00e9rance sociale !<\/strong><\/span><\/div>\n<p><span style=\"font-size: medium;\"><strong>IL EST TEMPS QUE CECI CESSE !<\/p>\n<p>Le gouvernement va de nouveau l\u00e9gif\u00e9rer. C&rsquo;est une bonne<!--more-->\u00a0chose car les lois sont incompl\u00e8tes.<br \/>\nL&rsquo;ordonnance de protection, par exemple, ne prot\u00e8ge que<a href=\"http:\/\/alternatifs81.fr\/wp-content\/uploads\/FMINIS154.jpg\" rel=\"lightbox[6921]\"><img loading=\"lazy\" decoding=\"async\" class=\"alignright size-full wp-image-6924\" style=\"margin: 12px 8px;\" title=\"FMINIS15\" src=\"http:\/\/alternatifs81.fr\/wp-content\/uploads\/FMINIS154.jpg\" alt=\"\" width=\"124\" height=\"150\" \/><\/a> les victimes de violences conjugales et menac\u00e9es de mariage forc\u00e9. Si elle avait concern\u00e9 toutes les victimes de violences, les victimes de Cr\u00e9teil auraient pu en b\u00e9n\u00e9ficier \u00e0 partir du moment o\u00f9 elle a \u00e9t\u00e9 mise en application (1er octobre 2010). Ou alors, un procureur peut encore obliger une femme qui a port\u00e9 plainte pour violences conjugales \u00e0 aller, sous l&rsquo;\u00e9gide d&rsquo;un m\u00e9diateur, se r\u00e9concilier avec celui qu&rsquo;elle accuse. C&rsquo;est ce qu&rsquo;on appelle de la m\u00e9diation p\u00e9nale. Ou bien, la prostitution est la seule violence o\u00f9 l&rsquo;auteur ne tombe pas sous le coup de la loi et o\u00f9c&rsquo;est la victime qui est condamn\u00e9e pour racolage.<br \/>\nSi l&rsquo;on s&rsquo;appuie sur la r\u00e9alit\u00e9 des violences v\u00e9cues par les victimes, on se rend compte \u00e0 quel point les r\u00e9ticences et r\u00e9sistances de nombre de l\u00e9gislateurs et de repr\u00e9sentantes des pouvoirs publics sont le reflet de l&rsquo;id\u00e9ologie patriarcale.<\/p>\n<p>C&rsquo;est pourquoi il faut D\u00c9MONTRER UNE V\u00c9RITABLE VOLONT\u00c9 POLITIQUE.<\/p>\n<p>Il faut l\u00e9gif\u00e9rer mais en comblant les lacunes parfaitement identifi\u00e9es des lois pr\u00e9c\u00e9dentes. Et il ne faut laisser de c\u00f4t\u00e9 aucun \u00abaspect\u00bb des violences : \u00e9ducation, sensibilisation du public, \u00e9ducation non sexiste, formation des professionnel-les, social, de sant\u00e9, de solidarit\u00e9, d&rsquo;accompagnement, r\u00e9pressif, judiciaire, institutionnel, de proc\u00e9dure p\u00e9nale. Bref, il faut une loi globale, une loi-cadre.<br \/>\nIl faut en outre s&rsquo;assurer que ces lois soient appliqu\u00e9es et que les associations f\u00e9ministes qui soutiennent les femmes puissent continuer \u00e0 travailler.<br \/>\nEt, pour tout cela, il faut \u00e9videmment de l&rsquo;argent !!!<\/p>\n<p>NOS REVENDICATIONS<\/p>\n<p>Parce que les violences ne doivent pas \u00eatre une fatalit\u00e9 pour les femmes, nous exigeons, comme en Espagne une LOI CADRE CONTRE LES VIOLENCES FAITES AUX FEMMES qui donne toute sa coh\u00e9rence \u00e0 la l\u00e9gislation en vigueur et qui marque un pas d\u00e9cisif.<\/p>\n<p><em><span style=\"text-decoration: underline;\"><span>Elle comprendra notamment :<\/span><\/span><\/em><br \/>\n* Des campagnes d&rsquo;information, de sensibilisation p\u00e9rennes aupr\u00e8s de tous les publics et la mise en place<br \/>\nd&rsquo;une v\u00e9ritable \u00e9ducation non sexiste \u00e0 tous les stades de l&rsquo;\u00e9ducation nationale ;<br \/>\n* Une formation sp\u00e9cifique et obligatoire, assur\u00e9e par les associations f\u00e9ministes, en mati\u00e8re de<br \/>\npr\u00e9vention et de prise en charge des violences faites aux femmes pour tous les professionnels concern\u00e9s ;<br \/>\n* La possibilit\u00e9 que toutes les femmes en danger de violences soient prot\u00e9g\u00e9es, de par la loi, et non seulement celles victimes de violences conjugales ou menac\u00e9es de mariage forc\u00e9 ; l&rsquo;ordonnance de protection doit pouvoir b\u00e9n\u00e9ficier \u00e0 toutes ;<br \/>\n* L&rsquo; impossibilit\u00e9 de l&#8217;emploi de la m\u00e9diation p\u00e9nale dans toute affaire de violences conjugales ;<br \/>\n* En cas de condamnation d\u00e9finitive de l&rsquo;agresseur, l&rsquo;obtention syst\u00e9matique dans les plus brefs d\u00e9laisd&rsquo;une carte de r\u00e9sidente pour les femmes sans papiers victimes de violences conjugales ;<br \/>\n* Une carte de r\u00e9sidente pour toute femme demandant l&rsquo;asile parce que menac\u00e9e ou victime de violences lesbophobes et\/ ou de violences sexistes et\/ou de violences sexuelles ;<br \/>\n* Pour la mise en oeuvre d&rsquo;une v\u00e9ritable politique abolitionniste, reconnaissant donc la prostitution comme une violence, incluant une vraie r\u00e9insertion des personnes prostitu\u00e9es, l&rsquo;abolition du d\u00e9lit de racolage, et une politique de responsabilisation\/p\u00e9nalisation du client ;<br \/>\n* Une r\u00e9elle politique de logements prioritaires pour les femmes en danger ;<br \/>\n* La mise en place d&rsquo;un Observatoire national des violences qui \u00e9tudie, impulse, \u00e9value les politiques men\u00e9es ;<br \/>\nNous exigeons aussi que des moyens soient d\u00e9gag\u00e9s pour permettre un contr\u00f4le de l&rsquo;application des lois sur les violences faites aux femmes. Nous exigeons qu&rsquo;une commission de contr\u00f4le multipartite soit mise en place o\u00f9 si\u00e8geraient les pouvoirs publics, des repr\u00e9sentants des parlementaires et des associations en d\u00e9fense des droits des femmes.<br \/>\nNous exigeons que les associations f\u00e9ministes conservent les missions de service public aupr\u00e8s des victimes qui leur sont conf\u00e9r\u00e9es ce qui implique non seulement le maintien des moyens financiers qui leur \u00e9taient accord\u00e9s mais aussi leur augmentation. Il est hors de question que l&rsquo;\u00c9tat se d\u00e9sengage ! Si des missions de service public sont transf\u00e9r\u00e9es aux Collectivit\u00e9s territoriales, le budget doit suivre !<br \/>\nEn outre, nous exigeons la reconnaissance des viols en situation de conflit arm\u00e9 comme crimes de guerre passibles de poursuite devant la Cour Internationale de La Haye, et la fin de l&rsquo;impunit\u00e9 dont b\u00e9n\u00e9ficie l&rsquo;arm\u00e9e fran\u00e7aise dans le cas du Rwanda.<\/p>\n<p><\/strong><\/span><\/p>\n<h3 style=\"text-align: left;\"><span style=\"color: #808000;\">MANIFESTATION \u00e0 PARIS \u2013 14h30 &#8211; BASTILLE<br \/>\n<span style=\"color: #008000;\">Nous marcherons de Bastille au Minist\u00e8re de la Justice, Place Vend\u00f4me<\/span><\/span><\/h3>\n<p style=\"text-align: left;\">\n<div style=\"text-align: left;\"><span style=\"font-size: medium;\"><strong>\u00a0<\/strong><\/span><\/div>\n<p><span style=\"font-size: medium;\"><\/p>\n<p style=\"text-align: left;\">\n<div style=\"text-align: left;\"><em><span style=\"color: #0000ff;\"><span style=\"text-decoration: underline;\"><strong>Premiers signataires :<\/strong><\/span><\/span><\/em><\/div>\n<p><em><span style=\"color: #0000ff;\"><\/p>\n<p style=\"text-align: justify;\"><span style=\"font-size: medium;\"><em><span style=\"color: #0000ff;\">Collectif national pour les Droits des Femmes ; CADAC; PCF ; LOCs &#8211;<br \/>\nLesbiennes Of Color ; APPEL &#8211; \u00c9galit\u00e9 ; Groupe Nanas du Mantois ; Encore f\u00e9ministes ! ; Les Chiennesde garde ; les \u00e9FRONT-\u00e9es ; FSU ; \u00ab\u00a0Femmes Libres\u00a0\u00bb Radio Libertaire ; Femmes solidaires ; Gauche anticapitaliste ; Association droits des femmes XX\u00e8me, Collectif XX\u00e8me\/Tenon ; Coordination Lesbienne en France, ANEF ; Parti de Gauche ; Syndicat des minist\u00e8res des affaires sociales et du travail SMAST &#8211; CGT ; Initiative F\u00e9ministe pour une autre Europe France ; RAJFIRE ; Association Contre le Bizutage ; Osez le f\u00e9minisme ! ; UNEF ; Femmes en r\u00e9sistance ; Uni(e)s &#8211; vers-elles ; F\u00e9minisme Enjeux Th\u00e9\u00e2tre de l&rsquo;Opprim\u00e9 ; Du c\u00f4t\u00e9 des femmes 95, MJCF ; UEC ; Coordination fran\u00e7aise pour le Lobby europ\u00e9en des Femmes ; FIT, une femme, un toit ; Collectif de Pratiques et de R\u00e9flexions F\u00e9ministes \u00ab\u00a0Ruptures\u00a0\u00bb, R\u00e9seau F\u00e9ministe \u00ab\u00a0Ruptures, Le Monde \u00e0 Travers un Regard, CRIFIP, Collectif les moutons noirs, Mouvement Jeunes Femmes, F\u00e9d\u00e9ration Nationale Solidarit\u00e9 Femmes, Marche mondiale des femmes ; CATW Europe ; International Impunity Zero ; Gauche unitaire ; Z\u00e9RoMaChO ; Femmes pour le Dire Femmes pour Agir ; Collectif \u00ab\u00a0Fier-e-s &amp; R\u00e9volutionnaires\u00a0\u00bb\/P.C.F ; Ligue des Femmes Iraniennespour la D\u00e9mocratie\/LFID ; L&rsquo;\u00e9galit\u00e9, c&rsquo;est pas sorcier ; Collectif contre l&rsquo;impunit\u00e9 des viols au Rwanda, UFs d&rsquo;Actit, Zine pour les Femmes Kurdes ; Association Femmes Intercultures ; Front de Gauche ;Femmes \u00c9galit\u00e9 ; Mouvement du Nid, ATTAC ; &lsquo;Association Nationale des Sages-Femmes Orthog\u00e9nistes ; Mouvement des Jeunes Socialistes ; F\u00e9d\u00e9ration Sud Sant\u00e9 Sociaux ; Quarante ans de mouvement ; Elu-e-s contre les violences faites aux femmes, Maison des femmes de Montreuil.<\/span><\/em><\/span><\/p>\n<p>\u00a0<\/p>\n<p><\/span><\/em>\u00a0<\/p>\n<p><\/span><\/p>\n<p style=\"text-align: justify;\">\u00a0<\/p>\n<gcse:search><\/gcse:search>","protected":false},"excerpt":{"rendered":"<p>Le verdict du proc\u00e8s pour viols collectifs de Cr\u00e9teil a soulev\u00e9 une vague d&rsquo;indignation : victimes maltrait\u00e9es et insult\u00e9es, proc\u00e9dure interminable, classement sans suite ant\u00e9rieur, victimes non prot\u00e9g\u00e9es habitant toujours dans le m\u00eame quartier que les agresseurs, acquittements \u00e9hont\u00e9s. Ce verdict cristallise la fa\u00e7on dont le \u00ab pays des droits de l&rsquo;Homme \u00bb prend en [&hellip;]<\/p>\n","protected":false},"author":1,"featured_media":0,"comment_status":"open","ping_status":"closed","sticky":false,"template":"","format":"standard","meta":{"footnotes":""},"categories":[149,126,21],"tags":[103,50,23,20],"class_list":["post-6921","post","type-post","status-publish","format-standard","hentry","category-feminisme","category-gauche-de-combat","category-les-alters-dans-les-luttes","tag-demarche-citoyenne","tag-discriminations","tag-luttes","tag-manifestations"],"_links":{"self":[{"href":"https:\/\/alternatifs81.fr\/index.php?rest_route=\/wp\/v2\/posts\/6921","targetHints":{"allow":["GET"]}}],"collection":[{"href":"https:\/\/alternatifs81.fr\/index.php?rest_route=\/wp\/v2\/posts"}],"about":[{"href":"https:\/\/alternatifs81.fr\/index.php?rest_route=\/wp\/v2\/types\/post"}],"author":[{"embeddable":true,"href":"https:\/\/alternatifs81.fr\/index.php?rest_route=\/wp\/v2\/users\/1"}],"replies":[{"embeddable":true,"href":"https:\/\/alternatifs81.fr\/index.php?rest_route=%2Fwp%2Fv2%2Fcomments&post=6921"}],"version-history":[{"count":0,"href":"https:\/\/alternatifs81.fr\/index.php?rest_route=\/wp\/v2\/posts\/6921\/revisions"}],"wp:attachment":[{"href":"https:\/\/alternatifs81.fr\/index.php?rest_route=%2Fwp%2Fv2%2Fmedia&parent=6921"}],"wp:term":[{"taxonomy":"category","embeddable":true,"href":"https:\/\/alternatifs81.fr\/index.php?rest_route=%2Fwp%2Fv2%2Fcategories&post=6921"},{"taxonomy":"post_tag","embeddable":true,"href":"https:\/\/alternatifs81.fr\/index.php?rest_route=%2Fwp%2Fv2%2Ftags&post=6921"}],"curies":[{"name":"wp","href":"https:\/\/api.w.org\/{rel}","templated":true}]}}