{"id":6902,"date":"2012-11-24T01:21:28","date_gmt":"2012-11-24T00:21:28","guid":{"rendered":"http:\/\/alternatifs81.fr\/?p=6902"},"modified":"2012-11-30T13:44:10","modified_gmt":"2012-11-30T12:44:10","slug":"notre-dame-des-landes-communique-des-alternatifs-44","status":"publish","type":"post","link":"https:\/\/alternatifs81.fr\/?p=6902","title":{"rendered":"Notre Dame des Landes : Communiqu\u00e9 des Alternatifs 44"},"content":{"rendered":"<p style=\"text-align: justify;\"><strong>\u00a0<a href=\"http:\/\/alternatifs81.fr\/wp-content\/uploads\/autoNDDL4-185x3004.jpg\" rel=\"lightbox[6902]\"><img loading=\"lazy\" decoding=\"async\" class=\"alignleft size-full wp-image-6903\" style=\"margin: 11px;\" title=\"autoNDDL4-185x300\" src=\"http:\/\/alternatifs81.fr\/wp-content\/uploads\/autoNDDL4-185x3004.jpg\" alt=\"\" width=\"185\" height=\"300\" \/><\/a><\/strong><strong>Les Alternatifs condamnent la nouvelle intervention militaire contre les opposants au projet d\u0092a\u00e9roport de Notre Dame des Landes. Revendiqu\u00e9e au plus haut sommet de l\u0092Etat par le Premier Ministre lui-m\u00eame, mise en \u009cuvre par le ministre de l\u0092int\u00e9rieur qui a d\u00e9tach\u00e9 sur place son propre porte-parole Pierre-Henri Bardet (nomm\u00e9 en son temps \u00e0 ce poste par l\u0092UMP Claude Gu\u00e9ant), cette op\u00e9ration militaire n\u0092est qu\u0092une nouvelle crapulerie du gouvernement PS en riposte \u00e0 l\u0092immense et pacifique manifestation de samedi dernier. <\/strong><\/p>\n<p style=\"text-align: justify;\"><strong>Aux c\u00f4t\u00e9s des habitants de Notre Dame des Landes et des associations de r\u00e9sistance, Les Alternatifs appellent et soutiennent toutes les actions pacifiques de protestation contre cette nouvelle provocation politique du gouvernement PS \u00e0 l\u0092habillage l\u00e9gal hasardeux. <\/strong><\/p>\n<h2 style=\"text-align: justify;\"><span style=\"color: #008000;\"><span style=\"color: #808000;\">Comme au Larzac, comme \u00e0 Plogoff, plus que jamais, Nantes Dame des Landes <\/span>= culture de R\u00e9sistances. Gardarem Notre Dame des landes !<\/span><\/h2>\n<p style=\"text-align: right;\"><em><span style=\"color: #0000ff;\"><strong>23 novembre <\/strong><strong>2012<\/strong><\/span><\/em><\/p>\n<gcse:search><\/gcse:search>","protected":false},"excerpt":{"rendered":"<p>\u00a0Les Alternatifs condamnent la nouvelle intervention militaire contre les opposants au projet d\u0092a\u00e9roport de Notre Dame des Landes. Revendiqu\u00e9e au plus haut sommet de l\u0092Etat par le Premier Ministre lui-m\u00eame, mise en \u009cuvre par le ministre de l\u0092int\u00e9rieur qui a d\u00e9tach\u00e9 sur place son propre porte-parole Pierre-Henri Bardet (nomm\u00e9 en son temps \u00e0 ce poste [&hellip;]<\/p>\n","protected":false},"author":1,"featured_media":0,"comment_status":"open","ping_status":"closed","sticky":false,"template":"","format":"standard","meta":{"footnotes":""},"categories":[9,125,126,21],"tags":[34,103,117,23,204],"class_list":["post-6902","post","type-post","status-publish","format-standard","hentry","category-communiques","category-ecologie","category-gauche-de-combat","category-les-alters-dans-les-luttes","tag-alternatifs","tag-demarche-citoyenne","tag-democratie","tag-luttes","tag-notre-dame-des-landes"],"_links":{"self":[{"href":"https:\/\/alternatifs81.fr\/index.php?rest_route=\/wp\/v2\/posts\/6902","targetHints":{"allow":["GET"]}}],"collection":[{"href":"https:\/\/alternatifs81.fr\/index.php?rest_route=\/wp\/v2\/posts"}],"about":[{"href":"https:\/\/alternatifs81.fr\/index.php?rest_route=\/wp\/v2\/types\/post"}],"author":[{"embeddable":true,"href":"https:\/\/alternatifs81.fr\/index.php?rest_route=\/wp\/v2\/users\/1"}],"replies":[{"embeddable":true,"href":"https:\/\/alternatifs81.fr\/index.php?rest_route=%2Fwp%2Fv2%2Fcomments&post=6902"}],"version-history":[{"count":0,"href":"https:\/\/alternatifs81.fr\/index.php?rest_route=\/wp\/v2\/posts\/6902\/revisions"}],"wp:attachment":[{"href":"https:\/\/alternatifs81.fr\/index.php?rest_route=%2Fwp%2Fv2%2Fmedia&parent=6902"}],"wp:term":[{"taxonomy":"category","embeddable":true,"href":"https:\/\/alternatifs81.fr\/index.php?rest_route=%2Fwp%2Fv2%2Fcategories&post=6902"},{"taxonomy":"post_tag","embeddable":true,"href":"https:\/\/alternatifs81.fr\/index.php?rest_route=%2Fwp%2Fv2%2Ftags&post=6902"}],"curies":[{"name":"wp","href":"https:\/\/api.w.org\/{rel}","templated":true}]}}