{"id":6881,"date":"2012-11-23T10:02:04","date_gmt":"2012-11-23T09:02:04","guid":{"rendered":"http:\/\/alternatifs81.fr\/?p=6881"},"modified":"2012-11-30T13:44:50","modified_gmt":"2012-11-30T12:44:50","slug":"on-est-en-guerre-4","status":"publish","type":"post","link":"https:\/\/alternatifs81.fr\/?p=6881","title":{"rendered":"On est en guerre (4)"},"content":{"rendered":"<p><em><span style=\"text-decoration: underline;\"><span style=\"color: #0000ff;\">D&rsquo;apr\u00e8s <strong>Ouest-France :<\/strong><\/span><\/span><\/em><\/p>\n<h3 style=\"text-align: justify;\"><a href=\"http:\/\/alternatifs81.fr\/wp-content\/uploads\/vacuation-muscl-e-du-23-nov-1.jpg\" rel=\"lightbox[6881]\"><\/a><a href=\"http:\/\/alternatifs81.fr\/wp-content\/uploads\/vacuation-muscl-e-du-23-nov-21.jpg\" rel=\"lightbox[6881]\"><img loading=\"lazy\" decoding=\"async\" class=\"alignleft size-medium wp-image-6899\" style=\"margin: 10px;\" title=\"-vacuation muscl-e du 23 nov 2\" src=\"http:\/\/alternatifs81.fr\/wp-content\/uploads\/vacuation-muscl-e-du-23-nov-21-300x206.jpg\" alt=\"\" width=\"270\" height=\"185\" srcset=\"https:\/\/alternatifs81.fr\/wp-content\/uploads\/vacuation-muscl-e-du-23-nov-21-300x206.jpg 300w, https:\/\/alternatifs81.fr\/wp-content\/uploads\/vacuation-muscl-e-du-23-nov-21.jpg 302w\" sizes=\"auto, (max-width: 270px) 100vw, 270px\" \/><\/a>Samedi dernier, des milliers de manifestants lan\u00e7aient la\u00a0 \u00ab\u00a0r\u00e9occupation\u00a0\u00bb\u00a0 de la zone de Notre-Dame-des-Landes. Depuis, six maisons de bois ont \u00e9t\u00e9 construites.<\/h3>\n<h3 style=\"text-align: justify;\">En moins d&rsquo;une semaine, six \u00e9difices ont vu le jour entre la for\u00eat de Rohanne et la maison barricad\u00e9e du Rosier. On atteint la premi\u00e8re clairi\u00e8re, apr\u00e8s 300 m\u00e8tres d&rsquo;une boue qui aspire les bottes. Ici, les reconstructeurs ont \u00e9difi\u00e9 une maison cuisine, une maison atelier d&rsquo;un \u00e9tage et un b\u00e2timent de 80 m2 destin\u00e9 aux r\u00e9unions et assembl\u00e9es g\u00e9n\u00e9rales.<!--more--><\/h3>\n<h3 style=\"text-align: justify;\">Une vaste op\u00e9ration de d\u00e9mant\u00e8lement des zones ill\u00e9gales et d&rsquo;\u00e9vacuation des squatteurs a lieu depuis ce matin 23 novembre 7heures, sur le site de Notre-Dame des Landes. \u00abUne importante op\u00e9ration est actuellement men\u00e9e en plusieurs points sur la zone d&rsquo;implantation de l&rsquo;a\u00e9roport du grand-ouest \u00e0 Notre-dame des Landes en Loire-Atlantique\u00bb, a d\u00e9clar\u00e9 le porte-parole du minist\u00e8re de l&rsquo;Int\u00e9rieur Pierre-Henry Brandet pr\u00e9sent sur place.<\/h3>\n<h3 style=\"text-align: justify;\">500 gendarmes, des engins de chantiers et de terrassement&#8230; Une<a href=\"http:\/\/alternatifs81.fr\/wp-content\/uploads\/vacuation-muscl-e-du-23-nov-11.jpg\" rel=\"lightbox[6881]\"><img loading=\"lazy\" decoding=\"async\" class=\"alignright size-medium wp-image-6900\" style=\"margin: 11px;\" title=\"-vacuation muscl-e du 23 nov 1\" src=\"http:\/\/alternatifs81.fr\/wp-content\/uploads\/vacuation-muscl-e-du-23-nov-11-300x199.jpg\" alt=\"\" width=\"270\" height=\"179\" srcset=\"https:\/\/alternatifs81.fr\/wp-content\/uploads\/vacuation-muscl-e-du-23-nov-11-300x199.jpg 300w, https:\/\/alternatifs81.fr\/wp-content\/uploads\/vacuation-muscl-e-du-23-nov-11.jpg 302w\" sizes=\"auto, (max-width: 270px) 100vw, 270px\" \/><\/a><a href=\"http:\/\/alternatifs81.fr\/wp-content\/uploads\/vacuation-muscl-e-du-23-nov-2.jpg\" rel=\"lightbox[6881]\"><\/a> op\u00e9ration pour d\u00e9manteler les trois sites occup\u00e9s ill\u00e9galement \u00e0 Notre-Dame des Landes a d\u00e9marr\u00e9. Il s&rsquo;agit des sites de Le Rosier, La Lande de Rohanne et la Ch\u00e2taigneraie, o\u00f9 depuis des mois des opposants au projet se sont install\u00e9s, d\u00e9termin\u00e9s \u00e0 y rester.<\/h3>\n<h3 style=\"text-align: justify;\">7h. D\u00e9but de l&rsquo;op\u00e9ration<\/h3>\n<h3 style=\"text-align: justify;\">L&rsquo;op\u00e9ration militaire \u00e0 Notre-Dame-des-Landes qui a d\u00e9but\u00e9 ce matin vers 7h vise \u00e0 \u00e9vacuer les squatters et non \u00e0 d\u00e9truire les cabanes qui ont \u00e9t\u00e9 construites suite \u00e0 la manifestation de r\u00e9occupation de samedi.<\/h3>\n<h3 style=\"text-align: justify;\">En revanche les forces de police enl\u00e8vent actuellement tous les mat\u00e9riaux de construction sur le site. Concernant les destruction des cabanes, exception faite de la construction au Rosier qui fait l&rsquo;objet d&rsquo;une destruction en cours les forces de police sont en attente d&rsquo;une d\u00e9cision de justice<\/h3>\n<h3 style=\"text-align: justify;\">8h. La zone Le Rosier en cours d&rsquo;\u00e9vacuation<\/h3>\n<h3 style=\"text-align: justify;\">Les forces de police sont actuellement en train de d\u00e9gager \u00e0 la pelleteuse des barrages de branchages sur le chemin qui m\u00eame au lieu-dit le Rosier o\u00f9 sont stationn\u00e9es les tracteurs de la conf\u00e9d\u00e9ration paysanne. Une intervention sur ce site est en train de se mettre en place. Par ailleurs les militants anti-a\u00e9roport appellent sur twitter \u00e0 une rassemblement \u00e0 9h au site de la Vacherie.<\/h3>\n<h3 style=\"text-align: justify;\">8h30. Les squatteurs surpris dans leur sommeil<\/h3>\n<h3 style=\"text-align: justify;\">Suivant nos reporters sur le terrain, les squatters qui \u00e9taient au Rosier ont \u00e9t\u00e9 \u00e9vacu\u00e9s d\u00e8s 6h , surpris dans leur sommeil, il n\u2019ont pas oppos\u00e9s de r\u00e9sistance.<\/h3>\n<h3 style=\"text-align: justify;\">Appel des opposants sur Twitter<\/h3>\n<h3 style=\"text-align: justify;\">La ferme du Rosier est entour\u00e9e d&rsquo;importantes barricades et de tracteurs mass\u00e9s autour. La Ch\u00e2taignerie et la Lande de Rohanne sont les lieux o\u00f9 les opposants avaient collectivement construit de nouvelles habitations le 17 novembre.<\/h3>\n<h3 style=\"text-align: justify;\">Les forces de police sont actuellement en train de d\u00e9gager \u00e0 la pelleteuse des barrages de branchages sur le chemin qui m\u00eame au lieu-dit, o\u00f9 sont stationn\u00e9es les tracteurs de la conf\u00e9d\u00e9ration paysanne.<\/h3>\n<p style=\"text-align: right;\"><strong>Sources : Ouest-France<\/strong><\/p>\n<gcse:search><\/gcse:search>","protected":false},"excerpt":{"rendered":"<p>D&rsquo;apr\u00e8s Ouest-France : Samedi dernier, des milliers de manifestants lan\u00e7aient la\u00a0 \u00ab\u00a0r\u00e9occupation\u00a0\u00bb\u00a0 de la zone de Notre-Dame-des-Landes. Depuis, six maisons de bois ont \u00e9t\u00e9 construites. En moins d&rsquo;une semaine, six \u00e9difices ont vu le jour entre la for\u00eat de Rohanne et la maison barricad\u00e9e du Rosier. On atteint la premi\u00e8re clairi\u00e8re, apr\u00e8s 300 m\u00e8tres d&rsquo;une [&hellip;]<\/p>\n","protected":false},"author":1,"featured_media":0,"comment_status":"open","ping_status":"closed","sticky":false,"template":"","format":"standard","meta":{"footnotes":""},"categories":[126,173],"tags":[204],"class_list":["post-6881","post","type-post","status-publish","format-standard","hentry","category-gauche-de-combat","category-no-pasaran","tag-notre-dame-des-landes"],"_links":{"self":[{"href":"https:\/\/alternatifs81.fr\/index.php?rest_route=\/wp\/v2\/posts\/6881","targetHints":{"allow":["GET"]}}],"collection":[{"href":"https:\/\/alternatifs81.fr\/index.php?rest_route=\/wp\/v2\/posts"}],"about":[{"href":"https:\/\/alternatifs81.fr\/index.php?rest_route=\/wp\/v2\/types\/post"}],"author":[{"embeddable":true,"href":"https:\/\/alternatifs81.fr\/index.php?rest_route=\/wp\/v2\/users\/1"}],"replies":[{"embeddable":true,"href":"https:\/\/alternatifs81.fr\/index.php?rest_route=%2Fwp%2Fv2%2Fcomments&post=6881"}],"version-history":[{"count":0,"href":"https:\/\/alternatifs81.fr\/index.php?rest_route=\/wp\/v2\/posts\/6881\/revisions"}],"wp:attachment":[{"href":"https:\/\/alternatifs81.fr\/index.php?rest_route=%2Fwp%2Fv2%2Fmedia&parent=6881"}],"wp:term":[{"taxonomy":"category","embeddable":true,"href":"https:\/\/alternatifs81.fr\/index.php?rest_route=%2Fwp%2Fv2%2Fcategories&post=6881"},{"taxonomy":"post_tag","embeddable":true,"href":"https:\/\/alternatifs81.fr\/index.php?rest_route=%2Fwp%2Fv2%2Ftags&post=6881"}],"curies":[{"name":"wp","href":"https:\/\/api.w.org\/{rel}","templated":true}]}}