{"id":6746,"date":"2012-11-14T22:51:10","date_gmt":"2012-11-14T21:51:10","guid":{"rendered":"http:\/\/alternatifs81.fr\/?p=6746"},"modified":"2012-11-23T00:43:45","modified_gmt":"2012-11-22T23:43:45","slug":"lettre-ouverte-de-francoise-verchere-a-manuel-valls","status":"publish","type":"post","link":"https:\/\/alternatifs81.fr\/?p=6746","title":{"rendered":"Lettre ouverte de Fran\u00e7oise Verch\u00e8re \u00e0 Manuel Valls"},"content":{"rendered":"<p style=\"text-align: justify;\"><em><a href=\"http:\/\/alternatifs81.fr\/wp-content\/uploads\/Gd-proj-inutiles-red.jpg\" rel=\"lightbox[6746]\"><img loading=\"lazy\" decoding=\"async\" class=\"alignleft size-full wp-image-6747\" style=\"margin: 12px;\" title=\"Gd-proj-inutiles-red\" src=\"http:\/\/alternatifs81.fr\/wp-content\/uploads\/Gd-proj-inutiles-red.jpg\" alt=\"\" width=\"240\" height=\"125\" \/><\/a>\u00a0<span style=\"color: #808000;\">Sur le blog des Alternatifs de Loire Atlantique(<a href=\"http:\/\/www.alternatifs44.com\/\">http:\/\/www.alternatifs44.com\/<\/a>), cette lettre de Fran\u00e7oise Verch\u00e8re \u00e0 Manuel VALLS . Mettons en exergue , pour \u00ab\u00a0donner le ton\u00a0\u00bb, ce simple extrait :<\/span><\/em> <span style=\"color: #008000;\">\u00ab\u00a0sans doute pense-t-il qu&rsquo;il faudrait un peu plus de socialisme et un peu moins d&rsquo;int\u00e9r\u00eats \u00e9go\u00efstes ?\u00a0\u00bb<\/span><\/p>\n<div id=\"post-body-4370218597317733335\" style=\"text-align: justify;\"><strong><br \/>\n<\/strong><strong>\u00ab Cher \u00bb Manuel, Il para\u00eet que tu es pass\u00e9 voir St\u00e9phane Gatignon sous sa tente devant le Palais Bourbon pour lui dire ta compr\u00e9hension. Il para\u00eet que Claude Bartolone en a fait autant et que de l&rsquo;argent aurait \u00e9t\u00e9 promis pour Sevran. J&rsquo;en suis heureuse. Tu conviendras que si un \u00e9lu en arrive \u00e0 une gr\u00e8ve de la faim, c&rsquo;est qu&rsquo;il y a quelque chose de pourri au royaume&#8230;de notre R\u00e9publique ! St\u00e9phane Gatignon a tout \u00e0 fait raison de d\u00e9noncer l&rsquo;insuffisante redistribution de solidarit\u00e9 entre villes et agglom\u00e9rations, sans doute pense-t-il qu&rsquo;il faudrait un peu plus de socialisme et un peu moins d&rsquo;int\u00e9r\u00eats \u00e9go\u00efstes ? Mais les grands barons r\u00e9sistent<!--more-->\u00a0autant \u00e0 la redistribution qu&rsquo;au non cumul des mandats. En tout cas, je suis contente de voir la compr\u00e9hension de membres \u00e9minents de l&rsquo;\u00c9tat. <\/strong><br \/>\n<strong><br \/>\n<\/strong><strong>Et je regrette que les gr\u00e9vistes de la faim du printemps dernier, agriculteurs et \u00e9lus, n&rsquo;aient pas \u00e9t\u00e9 trait\u00e9s pareillement par les \u00e9lus socialistes locaux&#8230; Il est vrai que nous n&rsquo;\u00e9tions pas devant le Palais Bourbon mais au centre de Nantes. Il est vrai que chez nous, les trois \u00ab grands barons \u00bb, Jacques Auxiette, pr\u00e9sident de la R\u00e9gion, Philippe Grosvalet, pr\u00e9sident du D\u00e9partement et JMAyrault, pr\u00e9sident de Nantes-M\u00e9tropole nous avaient par lettre signifi\u00e9 qu&rsquo;une gr\u00e8ve de la faim ne se justifiait que dans une dictature&#8230;Il est vrai aussi que nous ne demandions pas d&rsquo;argent \u00e0 l&rsquo;\u00c9tat mais que nous lui proposions au contraire d&rsquo;en \u00e9conomiser en arr\u00eatant le projet inutile de Notre Dame des Landes&#8230;<\/strong><br \/>\n<strong><br \/>\n<\/strong><strong>Tout cela explique sans doute qu&rsquo;il nous ait fallu 28 jours de gr\u00e8ve pour obtenir une toute petite concession de Jean-Marc Ayrault, venu sur le march\u00e9 tout \u00e0 c\u00f4t\u00e9 serrer des mains mais qui n&rsquo;a jamais eu le courage d&rsquo;entrer sous notre tente ! <\/strong><br \/>\n<strong><br \/>\n<\/strong><strong>Tu n&rsquo;as pas, \u00ab cher \u00bb Manuel, eu l&rsquo;occasion de nous rencontrer au printemps. Mais tu as envoy\u00e9 depuis la mi-octobre beaucoup de forces de l&rsquo;ordre pour d\u00e9truire des maisons et tenter de vider de leurs habitants une ZAD devenue une Zone \u00e0 D\u00e9fendre pour eux. Peut-\u00eatre devrais-tu regarder de pr\u00e8s ce dossier d&rsquo;a\u00e9roport ? Qu&rsquo;il soit voulu par le premier ministre rend-il tous les socialistes sourds, aveugles et muets ? <\/strong><br \/>\n<a name=\"more\"><\/a><br \/>\n<strong><br \/>\n<\/strong><strong>\u00ab Cher \u00bbManuel, samedi prochain, nous serons tr\u00e8s nombreux \u00e0 NDL. Le mieux serait que tu ne viennes pas et que tu ne te fasses pas repr\u00e9senter par tes gardes mobiles. On est mieux sans vous pour reb\u00e2tir et penser \u00e0 un autre monde possible. Mais si tu veux en savoir plus sur cette \u00ab petite affaire \u00bb d&rsquo;a\u00e9roport inutile, nous sommes disponibles pour t&rsquo;en parler. Il para\u00eet que le gouvernement pr\u00f4ne le dialogue. <span style=\"color: #808000;\">Pour l&rsquo;instant, ici, on n&rsquo;a pas encore vu mais on veut bien que tu nous montres comment c&rsquo;est le dialogue maintenant et le changement aussi !<\/span> <\/strong><br \/>\n<strong><br \/>\n<\/strong><strong><span style=\"color: #808000;\">Sois s\u00fbr de la totale d\u00e9termination des opposants \u00e0 continuer leur juste combat.<\/span><\/strong><br \/>\n<strong><br \/>\n<\/strong><strong><span style=\"color: #808000;\">Fran\u00e7oise Verch\u00e8re, <span style=\"color: #008000;\"><em>Conseill\u00e8re g\u00e9n\u00e9rale de Loire-Atlantique, militante du Parti de Gauche<\/em><\/span><\/span><\/strong><\/div>\n<div style=\"text-align: right;\"><em><span style=\"color: #0000ff;\">Publi\u00e9 par Les Alternatifs 44<\/span><\/em><\/div>\n<gcse:search><\/gcse:search>","protected":false},"excerpt":{"rendered":"<p>\u00a0Sur le blog des Alternatifs de Loire Atlantique(http:\/\/www.alternatifs44.com\/), cette lettre de Fran\u00e7oise Verch\u00e8re \u00e0 Manuel VALLS . Mettons en exergue , pour \u00ab\u00a0donner le ton\u00a0\u00bb, ce simple extrait : \u00ab\u00a0sans doute pense-t-il qu&rsquo;il faudrait un peu plus de socialisme et un peu moins d&rsquo;int\u00e9r\u00eats \u00e9go\u00efstes ?\u00a0\u00bb \u00ab Cher \u00bb Manuel, Il para\u00eet que tu es [&hellip;]<\/p>\n","protected":false},"author":1,"featured_media":0,"comment_status":"open","ping_status":"closed","sticky":false,"template":"","format":"standard","meta":{"footnotes":""},"categories":[154,125,126,244,123,246],"tags":[103,23,204,72],"class_list":["post-6746","post","type-post","status-publish","format-standard","hentry","category-agriculture","category-ecologie","category-gauche-de-combat","category-point-de-vue","category-rouge-et-vert","category-transition-energetique-2","tag-demarche-citoyenne","tag-luttes","tag-notre-dame-des-landes","tag-transports"],"_links":{"self":[{"href":"https:\/\/alternatifs81.fr\/index.php?rest_route=\/wp\/v2\/posts\/6746","targetHints":{"allow":["GET"]}}],"collection":[{"href":"https:\/\/alternatifs81.fr\/index.php?rest_route=\/wp\/v2\/posts"}],"about":[{"href":"https:\/\/alternatifs81.fr\/index.php?rest_route=\/wp\/v2\/types\/post"}],"author":[{"embeddable":true,"href":"https:\/\/alternatifs81.fr\/index.php?rest_route=\/wp\/v2\/users\/1"}],"replies":[{"embeddable":true,"href":"https:\/\/alternatifs81.fr\/index.php?rest_route=%2Fwp%2Fv2%2Fcomments&post=6746"}],"version-history":[{"count":0,"href":"https:\/\/alternatifs81.fr\/index.php?rest_route=\/wp\/v2\/posts\/6746\/revisions"}],"wp:attachment":[{"href":"https:\/\/alternatifs81.fr\/index.php?rest_route=%2Fwp%2Fv2%2Fmedia&parent=6746"}],"wp:term":[{"taxonomy":"category","embeddable":true,"href":"https:\/\/alternatifs81.fr\/index.php?rest_route=%2Fwp%2Fv2%2Fcategories&post=6746"},{"taxonomy":"post_tag","embeddable":true,"href":"https:\/\/alternatifs81.fr\/index.php?rest_route=%2Fwp%2Fv2%2Ftags&post=6746"}],"curies":[{"name":"wp","href":"https:\/\/api.w.org\/{rel}","templated":true}]}}