{"id":6738,"date":"2012-11-13T11:28:44","date_gmt":"2012-11-13T10:28:44","guid":{"rendered":"http:\/\/alternatifs81.fr\/?p=6738"},"modified":"2012-12-03T22:38:45","modified_gmt":"2012-12-03T21:38:45","slug":"chomage-precarite-cest-maintenant-quil-faut-lutter-ensemble","status":"publish","type":"post","link":"https:\/\/alternatifs81.fr\/?p=6738","title":{"rendered":"Ch\u00f4mage, pr\u00e9carit\u00e9 : c&rsquo;est MAINTENANT qu&rsquo;il faut LUTTER ! ENSEMBLE"},"content":{"rendered":"<h3><em><span style=\"color: #808000;\"><strong>Manifestation samedi 1<sup>er<\/sup> d\u00e9cembre 2012<\/strong> <\/span><\/em><\/h3>\n<div>\n<h3>\n<div><em><span style=\"color: #808000;\">RDV Place de Stalingrad &#8211; Paris -14h<\/span><\/em><\/div>\n<div><em><br \/>\n<span style=\"color: #008000;\">\u00a0<\/span><\/em><\/div>\n<div style=\"text-align: justify;\"><span style=\"color: #000000;\"><a href=\"http:\/\/alternatifs81.fr\/wp-content\/uploads\/arton239-914f2.jpg\" rel=\"lightbox[6738]\"><img loading=\"lazy\" decoding=\"async\" class=\"alignleft size-full wp-image-6739\" style=\"margin: 10px;\" title=\"arton239-914f2\" src=\"http:\/\/alternatifs81.fr\/wp-content\/uploads\/arton239-914f2.jpg\" alt=\"\" width=\"150\" height=\"100\" \/><\/a>Pour la 10<sup>e<\/sup> ann\u00e9e cons\u00e9cutive, les ch\u00f4meurs et pr\u00e9caires feront entendre leur voix dans la rue et manifesteront publiquement samedi 1<sup>er<\/sup> d\u00e9cembre pour d\u00e9noncer une situation scandaleuse faite \u00e0 un nombre croissant de personnes exclues des droits \u00e9l\u00e9mentaires que sont un emploi, un revenu, un logement, l\u2019acc\u00e8s aux soins et \u00e0 la culture\u2026<\/span><\/div>\n<div style=\"text-align: justify;\"><span style=\"color: #000000;\">\u00a0<\/span><\/div>\n<div style=\"text-align: justify;\"><span style=\"color: #000000;\">6 mois apr\u00e8s les \u00e9lections, rien de nouveau sous les nuages de la pr\u00e9carit\u00e9.<\/span><\/div>\n<div style=\"text-align: justify;\"><span style=\"color: #000000;\">\u00a0<\/span><\/div>\n<div style=\"text-align: justify;\"><span style=\"color: #000000;\">Un coup de pouce d\u00e9risoire aux allocations ch\u00f4mage, pas un centime d\u2019euro pour les allocataires du RSA et de l&rsquo;ASS, un manque d\u2019emplois de plus en plus terrible et une pression de P\u00f4le Emploi de plus en plus forte, voil\u00e0 le changement dans la continuit\u00e9 que vivent quotidiennement ch\u00f4meurs et pr\u00e9caires.<\/span><\/div>\n<div style=\"text-align: justify;\"><span style=\"color: #000000;\">Par ailleurs, les ch\u00f4meurs et les pr\u00e9caires exigent des r\u00e9ponses \u00e0 leurs besoins imm\u00e9diats et \u00e0 leurs l\u00e9gitimes revendications.<\/span><\/div>\n<div style=\"text-align: justify;\"><span style=\"color: #000000;\">\u00a0<\/span><\/div>\n<div style=\"text-align: justify;\"><span style=\"color: #000000;\">Ils affirment aussi qu&rsquo;une v\u00e9ritable politique de l&#8217;emploi et des revenus est possible gr\u00e2ce \u00e0 une r\u00e9partition \u00e9quitable des richesses.<\/span><\/div>\n<div style=\"text-align: justify;\"><span style=\"color: #000000;\">Ils rappellent leurs principales revendications :<\/span><\/div>\n<div style=\"text-align: justify;\"><span style=\"color: #000000;\">\u00a0<\/span><\/div>\n<div style=\"text-align: justify;\"><span style=\"color: #000000;\">\u00b7 Un emploi stable pour tous, librement choisi et permettant de vivre d\u00e9cemment.<\/span><\/div>\n<div style=\"text-align: justify;\"><span style=\"color: #000000;\">\u00b7 Une indemnisation d\u00e9cente de toutes les formes de ch\u00f4mage et la revalorisation des diff\u00e9rents revenus des ch\u00f4meurs et pr\u00e9caires<\/span><\/div>\n<div style=\"text-align: justify;\"><span style=\"color: #000000;\">\u00b7 Une meilleure r\u00e9partition du travail par le respect des 35 heures et par une nouvelle r\u00e9duction du temps de travail.<\/span><\/div>\n<div style=\"text-align: justify;\"><span style=\"color: #000000;\">\u00b7 Davantage de moyens pour que les ch\u00f4meurs acc\u00e8dent \u00e0 de vraies formations, et librement choisies.<\/span><\/div>\n<div style=\"text-align: justify;\"><span style=\"color: #000000;\">\u00b7 Une retraite d\u00e9cente pour tous \u00e0 60 ans y compris pour les ch\u00f4meurs non indemnis\u00e9s et les allocataires du RSA.<\/span><\/div>\n<div style=\"text-align: justify;\"><span style=\"color: #000000;\">\u00b7 Une r\u00e9forme de P\u00f4le emploi : plus de moyens pour accompagner les ch\u00f4meurs vers l\u2019emploi, une s\u00e9paration claire des deux fonctions principales: \u00ab indemnisation \u00bb et \u00ab accompagnement vers l&#8217;emploi \u00bb<\/span><\/div>\n<div style=\"text-align: justify;\"><span style=\"color: #000000;\">\u00b7 L\u2019arr\u00eat imm\u00e9diat des radiations-sanctions !<\/span><\/div>\n<div style=\"text-align: justify;\"><span style=\"color: #000000;\">\u00b7 La revalorisation de l&rsquo;allocation exceptionnelle de fin d&rsquo;ann\u00e9e (dite \u00ab prime de No\u00ebl \u00bb) \u00e0 500 euros, pour tous.<\/span><\/div>\n<div style=\"text-align: justify;\"><span style=\"color: #000000;\">Le ch\u00f4mage et ses cons\u00e9quences concernent l&rsquo;ensemble de la soci\u00e9t\u00e9, nous appelons tous les ch\u00f4meurs, pr\u00e9caires, salari\u00e9s, retrait\u00e9s et tous les citoyens \u00e0 nous rejoindre pour manifester avec nous ! <\/span><\/div>\n<div>\u00a0<\/div>\n<div><span style=\"color: #0000ff;\">AC ! \u2013 APEIS \u2013 CGT ch\u00f4meurs \u2013 MNCP<\/span><\/div>\n<div><em><span style=\"color: #0000ff;\">Avec le soutien de nombreux collectifs, associations et syndicats<\/span><\/em><\/div>\n<\/h3>\n<\/div>\n<gcse:search><\/gcse:search>","protected":false},"excerpt":{"rendered":"<p>Manifestation samedi 1er d\u00e9cembre 2012 RDV Place de Stalingrad &#8211; Paris -14h \u00a0 Pour la 10e ann\u00e9e cons\u00e9cutive, les ch\u00f4meurs et pr\u00e9caires feront entendre leur voix dans la rue et manifesteront publiquement samedi 1er d\u00e9cembre pour d\u00e9noncer une situation scandaleuse faite \u00e0 un nombre croissant de personnes exclues des droits \u00e9l\u00e9mentaires que sont un emploi, [&hellip;]<\/p>\n","protected":false},"author":1,"featured_media":0,"comment_status":"open","ping_status":"closed","sticky":false,"template":"","format":"standard","meta":{"footnotes":""},"categories":[8,126,193,295],"tags":[103,23],"class_list":["post-6738","post","type-post","status-publish","format-standard","hentry","category-dtm-agenda","category-gauche-de-combat","category-social","category-travail-2","tag-demarche-citoyenne","tag-luttes"],"_links":{"self":[{"href":"https:\/\/alternatifs81.fr\/index.php?rest_route=\/wp\/v2\/posts\/6738","targetHints":{"allow":["GET"]}}],"collection":[{"href":"https:\/\/alternatifs81.fr\/index.php?rest_route=\/wp\/v2\/posts"}],"about":[{"href":"https:\/\/alternatifs81.fr\/index.php?rest_route=\/wp\/v2\/types\/post"}],"author":[{"embeddable":true,"href":"https:\/\/alternatifs81.fr\/index.php?rest_route=\/wp\/v2\/users\/1"}],"replies":[{"embeddable":true,"href":"https:\/\/alternatifs81.fr\/index.php?rest_route=%2Fwp%2Fv2%2Fcomments&post=6738"}],"version-history":[{"count":0,"href":"https:\/\/alternatifs81.fr\/index.php?rest_route=\/wp\/v2\/posts\/6738\/revisions"}],"wp:attachment":[{"href":"https:\/\/alternatifs81.fr\/index.php?rest_route=%2Fwp%2Fv2%2Fmedia&parent=6738"}],"wp:term":[{"taxonomy":"category","embeddable":true,"href":"https:\/\/alternatifs81.fr\/index.php?rest_route=%2Fwp%2Fv2%2Fcategories&post=6738"},{"taxonomy":"post_tag","embeddable":true,"href":"https:\/\/alternatifs81.fr\/index.php?rest_route=%2Fwp%2Fv2%2Ftags&post=6738"}],"curies":[{"name":"wp","href":"https:\/\/api.w.org\/{rel}","templated":true}]}}