{"id":6721,"date":"2012-11-13T09:28:16","date_gmt":"2012-11-13T08:28:16","guid":{"rendered":"http:\/\/alternatifs81.fr\/?p=6721"},"modified":"2012-11-13T10:14:04","modified_gmt":"2012-11-13T09:14:04","slug":"tous-a-notre-dames-des-landes-le-17-novembre-appel-a-mobilisation-de-la-confederation-paysanne","status":"publish","type":"post","link":"https:\/\/alternatifs81.fr\/?p=6721","title":{"rendered":"Tous \u00e0 Notre Dame des Landes le 17 novembre ! Appel \u00e0 mobilisation de la Conf\u00e9d\u00e9ration paysanne"},"content":{"rendered":"<p style=\"text-align: justify;\"><strong><a href=\"http:\/\/alternatifs81.fr\/wp-content\/uploads\/Manif_17nov_NDDL_m.jpg\" rel=\"lightbox[6721]\"><img loading=\"lazy\" decoding=\"async\" class=\"alignleft size-medium wp-image-6722\" title=\"Manif_17nov_NDDL_m\" src=\"http:\/\/alternatifs81.fr\/wp-content\/uploads\/Manif_17nov_NDDL_m-300x211.jpg\" alt=\"\" width=\"240\" height=\"169\" srcset=\"https:\/\/alternatifs81.fr\/wp-content\/uploads\/Manif_17nov_NDDL_m-300x211.jpg 300w, https:\/\/alternatifs81.fr\/wp-content\/uploads\/Manif_17nov_NDDL_m.jpg 656w\" sizes=\"auto, (max-width: 240px) 100vw, 240px\" \/><\/a>Ce qui se passe \u00e0 Notre Dame des Landes en ce moment est crucial pour le monde paysan, et donc aussi pour notre syndicat. La Conf\u00e9d\u00e9ration Paysanne, et tout particuli\u00e8rement les jeunes, soulignent depuis plusieurs ann\u00e9es que l&rsquo;acc\u00e8s \u00e0 la terre est un sujet essentiel pour l&rsquo;avenir de l&rsquo;agriculture paysanne, car il conditionne les possibilit\u00e9s d&rsquo;installation de milliers de paysans et paysannes en devenir. <\/strong><br \/>\n<strong><br \/>\n<\/strong><strong>Voici une lutte d&rsquo;envergure nationale, port\u00e9e par une base solide de paysans, de citoyens et de jeunes dont beaucoup souhaiteraient s&rsquo;installer, qui allie une v\u00e9ritable radicalit\u00e9 dans son discours (qui rejoint celui de la Conf\u2019 \u00e0 plusieurs niveaux : contre l&rsquo;artificialisation des terres, pour la relocalisation de la production alimentaire, contre la malbouffe et l&rsquo;agriculture industrielle, pour la<!--more-->\u00a0souverainet\u00e9 alimentaire, pour une gestion des terres bas\u00e9es sur leur usage et non sur la propri\u00e9t\u00e9,&#8230;) et des m\u00e9thodes cr\u00e9atives de r\u00e9sistance pacifique. <\/strong><br \/>\n<strong><br \/>\n<\/strong><strong>Cette lutte arrive \u00e0 un moment charni\u00e8re : suite aux op\u00e9rations d&rsquo;expulsions qui ont cr\u00e9\u00e9 une \u00e9motion tr\u00e8s forte du fait de leur violence, nous devons r\u00e9pondre par une mobilisation massive, populaire et d&rsquo;envergure nationale. Ce sera la manifestation de r\u00e9occupation et de reconstruction le 17 novembre prochain. <\/strong><br \/>\n<a name=\"more\"><\/a><br \/>\n<strong><br \/>\n<\/strong><strong>Notre syndicat doit jouer un r\u00f4le important pour la r\u00e9ussite de cette mobilisation. C&rsquo;est \u00e0 chaque structure d\u00e9partementale de prendre la mesure de ce qui se joue \u00e0 Notre Dame des Landes : le succ\u00e8s de cette lutte peut changer profond\u00e9ment les termes du d\u00e9bat sur l&rsquo;avenir de l&rsquo;agriculture en France. <\/strong><br \/>\n<strong><br \/>\n<\/strong><strong>Si nous gagnons \u00e0 Notre Dame des Landes, le mouvement social dans son ensemble, et notre syndicat en particulier, sortira profond\u00e9ment renforc\u00e9, capable de gagner d&rsquo;autres luttes. <\/strong><br \/>\n<strong><br \/>\n<\/strong><strong>Notre Dame des Landes est bien notre Larzac actuel. C&rsquo;est une lutte paysanne, pour un autre mod\u00e8le de soci\u00e9t\u00e9 bas\u00e9 sur la solidarit\u00e9 et le respect du vivant, contre le r\u00e8gne de l&rsquo;argent. Nous pouvons et nous devons donner un \u00e9lan d\u00e9cisif \u00e0 la lutte, en nous mobilisant massivement le 17 novembre et en appelant tous les citoyens \u00e0 venir ce jour l\u00e0 \u00e0 Notre Dame des Landes. Alors bougeons-nous ! <\/strong><br \/>\n<strong><br \/>\n<\/strong><strong><em><span style=\"color: #0000ff;\">Appel r\u00e9dig\u00e9 par le Groupe jeunes de la Conf\u00e9d\u00e9ration paysanne<\/span><\/em><\/strong><\/p>\n<gcse:search><\/gcse:search>","protected":false},"excerpt":{"rendered":"<p>Ce qui se passe \u00e0 Notre Dame des Landes en ce moment est crucial pour le monde paysan, et donc aussi pour notre syndicat. La Conf\u00e9d\u00e9ration Paysanne, et tout particuli\u00e8rement les jeunes, soulignent depuis plusieurs ann\u00e9es que l&rsquo;acc\u00e8s \u00e0 la terre est un sujet essentiel pour l&rsquo;avenir de l&rsquo;agriculture paysanne, car il conditionne les possibilit\u00e9s [&hellip;]<\/p>\n","protected":false},"author":1,"featured_media":0,"comment_status":"open","ping_status":"closed","sticky":false,"template":"","format":"standard","meta":{"footnotes":""},"categories":[154,126,232,244],"tags":[43,103,117,204],"class_list":["post-6721","post","type-post","status-publish","format-standard","hentry","category-agriculture","category-gauche-de-combat","category-notre-economie-et-la-leur","category-point-de-vue","tag-appel","tag-demarche-citoyenne","tag-democratie","tag-notre-dame-des-landes"],"_links":{"self":[{"href":"https:\/\/alternatifs81.fr\/index.php?rest_route=\/wp\/v2\/posts\/6721","targetHints":{"allow":["GET"]}}],"collection":[{"href":"https:\/\/alternatifs81.fr\/index.php?rest_route=\/wp\/v2\/posts"}],"about":[{"href":"https:\/\/alternatifs81.fr\/index.php?rest_route=\/wp\/v2\/types\/post"}],"author":[{"embeddable":true,"href":"https:\/\/alternatifs81.fr\/index.php?rest_route=\/wp\/v2\/users\/1"}],"replies":[{"embeddable":true,"href":"https:\/\/alternatifs81.fr\/index.php?rest_route=%2Fwp%2Fv2%2Fcomments&post=6721"}],"version-history":[{"count":0,"href":"https:\/\/alternatifs81.fr\/index.php?rest_route=\/wp\/v2\/posts\/6721\/revisions"}],"wp:attachment":[{"href":"https:\/\/alternatifs81.fr\/index.php?rest_route=%2Fwp%2Fv2%2Fmedia&parent=6721"}],"wp:term":[{"taxonomy":"category","embeddable":true,"href":"https:\/\/alternatifs81.fr\/index.php?rest_route=%2Fwp%2Fv2%2Fcategories&post=6721"},{"taxonomy":"post_tag","embeddable":true,"href":"https:\/\/alternatifs81.fr\/index.php?rest_route=%2Fwp%2Fv2%2Ftags&post=6721"}],"curies":[{"name":"wp","href":"https:\/\/api.w.org\/{rel}","templated":true}]}}