{"id":6709,"date":"2012-11-10T23:29:03","date_gmt":"2012-11-10T22:29:03","guid":{"rendered":"http:\/\/alternatifs81.fr\/?p=6709"},"modified":"2012-11-11T00:47:48","modified_gmt":"2012-11-10T23:47:48","slug":"firenze-terzio-giorno","status":"publish","type":"post","link":"https:\/\/alternatifs81.fr\/?p=6709","title":{"rendered":"Firenze terzio giorno"},"content":{"rendered":"<h3 style=\"text-align: justify;\"><a href=\"http:\/\/alternatifs81.fr\/wp-content\/uploads\/452.gif\" rel=\"lightbox[6709]\"><\/a><a href=\"http:\/\/alternatifs81.fr\/wp-content\/uploads\/firenze10+101.jpg\" rel=\"lightbox[6709]\"><img loading=\"lazy\" decoding=\"async\" class=\"alignleft size-medium wp-image-6712\" style=\"margin: 11px;\" title=\"firenze10+10\" src=\"http:\/\/alternatifs81.fr\/wp-content\/uploads\/firenze10+101-300x161.jpg\" alt=\"\" width=\"240\" height=\"129\" srcset=\"https:\/\/alternatifs81.fr\/wp-content\/uploads\/firenze10+101-300x161.jpg 300w, https:\/\/alternatifs81.fr\/wp-content\/uploads\/firenze10+101.jpg 320w\" sizes=\"auto, (max-width: 240px) 100vw, 240px\" \/><\/a>Ce matin avait lieu en s\u00e9ance pl\u00e9ni\u00e8re la pr\u00e9sentation des synth\u00e8ses des 5 th\u00e8mes. L&rsquo;objectif \u00e9tait d&rsquo;arriver \u00e0 un texte final et des propositions de campagne avec, si possible, une action transversale commune aux 5 th\u00e8mes : d\u00e9mocratie, finances\/dette\/aust\u00e9rit\u00e9, biens communs, Europe et monde, droits sociaux et du travail.<\/h3>\n<h3 style=\"text-align: justify;\">Quel que soit le th\u00e8me, les constats \u00e9taient identiques : sous pr\u00e9texte de dette, les politiques d&rsquo;aust\u00e9rit\u00e9 imposent la destruction des droits , des acquis, des ressources naturelles, le recul de la d\u00e9mocratie&#8230; et mettent les peuples \u00e0 genoux. Certains ateliers ont propos\u00e9 un calendrier d&rsquo;actions. Le texte de conclusion soumis \u00e0 l&rsquo;assembl\u00e9e ne reprenait qu&rsquo;en partie les propositions mais il a fait l&rsquo;objet d&rsquo;ateliers de r\u00e9flexion et de critiques ; il sera compl\u00e9t\u00e9 et finalis\u00e9 demain.<\/h3>\n<h3 style=\"text-align: justify;\">Des questions br\u00fblantes d&rsquo;ordre divers ont \u00e9galement \u00e9t\u00e9 largement trait\u00e9es durant les deux journ\u00e9es \u00e9coul\u00e9es :<\/h3>\n<ul style=\"text-align: justify;\">\n<li>\n<h3>la mont\u00e9e de l&rsquo;extr\u00eame-droite qui se nourrit de la crise : c&rsquo;est en<!--more-->\u00a0Gr\u00e8ce que la situation est la plus grave avec les options ouvertement nazies de l&rsquo;Aube Dor\u00e9e ;<\/h3>\n<\/li>\n<li>\n<h3>les mobilisations contre les grands projets inutiles et ruineux , en particulier celui de Notre Dame des Landes bien s\u00fbr ;<\/h3>\n<\/li>\n<li>\n<h3>la r\u00e9sistance du peuple palestinien et les campagnes de solidarit\u00e9 , notamment BDS et ses avanc\u00e9es;<\/h3>\n<\/li>\n<li>\n<h3>la situation en Syrie et l&rsquo;appr\u00e9ciation des enjeux et des t\u00e2ches de solidarit\u00e9 qui en d\u00e9coulent. Sur ce dernier point plus br\u00fblant encore que tous les autres, les \u00e9changes furent difficiles : de r\u00e9elles divergences existent entre les participant-e-s aux d\u00e9bats, dans une situation par ailleurs extr\u00eamement complexe et de surcro\u00eet tr\u00e8s mouvante. Des points de vue syriens diff\u00e9rents se sont exprim\u00e9s. Dans les r\u00e9seaux europ\u00e9ens pr\u00e9sents, il y avait une option pacifiste n&rsquo;excluant pas un soutien \u00e0 la r\u00e9sistance, \u00e0 quoi s&rsquo;opposait un refus de ce soutien sous pr\u00e9texte que la r\u00e9sistance syrienne a des soutiens ambigus. Dans certains propos, il se disait m\u00eame que cette r\u00e9sistance \u00e9tait manipul\u00e9e par l&rsquo;imp\u00e9rialisme, avec en conclusion ce qui ressemblait \u00e0 une d\u00e9fense du r\u00e9gime syrien.<\/h3>\n<\/li>\n<\/ul>\n<h3 style=\"text-align: justify;\">L&rsquo;\u00e9v\u00e9nement de l&rsquo;apr\u00e8s-midi et de \u00abFlorence10+10 \u00bb fut le lancement officiel du processus de l&rsquo;Altersummit.<\/h3>\n<h3 style=\"text-align: justify;\">Pourquoi ? Pour quoi faire ? Avec qui ? Comment ? O\u00f9 et quand ?<\/h3>\n<h3 style=\"text-align: justify;\">Apr\u00e8s avoir r\u00e9affirm\u00e9 la n\u00e9cessit\u00e9 et l&rsquo;urgence d&rsquo;un mouvement europ\u00e9en pour construire un rapport de force face aux attaques tr\u00e8s organis\u00e9es des capitalistes, les intervenants et intervenantes ont r\u00e9pondu \u00e0 ces questions. La liste est politiquement et symboliquement importante ; Aur\u00e9lie Trouv\u00e9 d&rsquo;ATTAC, Suzan George, Felipe Van Keirsbilck Joint Social Conference, Jean Michel Joubier de la CGT, Walter Baier de Transform !, des \u00e9conomistes critiques maintenant organis\u00e9s en r\u00e9seau europ\u00e9en , Nicoletta Pirotta de Initiative F\u00e9ministe, Natasha Theodorakopoulou de Gr\u00e8ce, &#8230; Parmi, les messages de soutien, on mentionnera Ken Loach, Gabi Zimmer pr\u00e9sident de la Gauche Unie Europ\u00e9enne&#8230;<\/h3>\n<h3 style=\"text-align: justify;\">Comme la Gr\u00e8ce est le laboratoire des politiques d&rsquo;aust\u00e9rit\u00e9, elle doit \u00eatre \u00e0 l&rsquo;inverse laboratoire de la r\u00e9sistance des peuples et de la solidarit\u00e9 et en m\u00eame temps le point de d\u00e9part de la contre-offensive. L&rsquo;Altersummit aurait donc un moment fort \u00e0 Ath\u00e8nes en juin 2013 peut-\u00eatre les 7, 8 et 9.<\/h3>\n<h3 style=\"text-align: justify;\">Entre temps, d&rsquo;autre rendez-vous sont d&rsquo;ores et d\u00e9j\u00e0 fix\u00e9s : la manifestation du 14 novembre avec des gr\u00e8ves g\u00e9n\u00e9rales dans plusieurs pays d&rsquo;Europe, une r\u00e9union de pr\u00e9paration en d\u00e9cembre \u00e0 Bruxelles, une action des f\u00e9ministes contre les politiques d&rsquo;aust\u00e9rit\u00e9 le 8 mars, une initiative \u00e0 Bruxelles contre les institutions europ\u00e9ennes et la tro\u00efka mi mars, le FSM de Tunis fin mars.<\/h3>\n<h3 style=\"text-align: justify;\">La feuille de route est prometteuse, l&rsquo;implication de tous et toutes est maintenant indispensable<\/h3>\n<p><span style=\"color: #0000ff;\"><strong><span style=\"text-decoration: underline;\">La d\u00e9l\u00e9gation des Alternatifs<\/span><\/strong>: <em>Bruno Della Sudda, Nathalie Marcu, Alain Marcu, Florence Ciaravola<\/em><\/span><\/p>\n<gcse:search><\/gcse:search>","protected":false},"excerpt":{"rendered":"<p>Ce matin avait lieu en s\u00e9ance pl\u00e9ni\u00e8re la pr\u00e9sentation des synth\u00e8ses des 5 th\u00e8mes. L&rsquo;objectif \u00e9tait d&rsquo;arriver \u00e0 un texte final et des propositions de campagne avec, si possible, une action transversale commune aux 5 th\u00e8mes : d\u00e9mocratie, finances\/dette\/aust\u00e9rit\u00e9, biens communs, Europe et monde, droits sociaux et du travail. Quel que soit le th\u00e8me, les [&hellip;]<\/p>\n","protected":false},"author":1,"featured_media":0,"comment_status":"open","ping_status":"closed","sticky":false,"template":"","format":"standard","meta":{"footnotes":""},"categories":[126,147],"tags":[34,302],"class_list":["post-6709","post","type-post","status-publish","format-standard","hentry","category-gauche-de-combat","category-international","tag-alternatifs","tag-forum-social"],"_links":{"self":[{"href":"https:\/\/alternatifs81.fr\/index.php?rest_route=\/wp\/v2\/posts\/6709","targetHints":{"allow":["GET"]}}],"collection":[{"href":"https:\/\/alternatifs81.fr\/index.php?rest_route=\/wp\/v2\/posts"}],"about":[{"href":"https:\/\/alternatifs81.fr\/index.php?rest_route=\/wp\/v2\/types\/post"}],"author":[{"embeddable":true,"href":"https:\/\/alternatifs81.fr\/index.php?rest_route=\/wp\/v2\/users\/1"}],"replies":[{"embeddable":true,"href":"https:\/\/alternatifs81.fr\/index.php?rest_route=%2Fwp%2Fv2%2Fcomments&post=6709"}],"version-history":[{"count":0,"href":"https:\/\/alternatifs81.fr\/index.php?rest_route=\/wp\/v2\/posts\/6709\/revisions"}],"wp:attachment":[{"href":"https:\/\/alternatifs81.fr\/index.php?rest_route=%2Fwp%2Fv2%2Fmedia&parent=6709"}],"wp:term":[{"taxonomy":"category","embeddable":true,"href":"https:\/\/alternatifs81.fr\/index.php?rest_route=%2Fwp%2Fv2%2Fcategories&post=6709"},{"taxonomy":"post_tag","embeddable":true,"href":"https:\/\/alternatifs81.fr\/index.php?rest_route=%2Fwp%2Fv2%2Ftags&post=6709"}],"curies":[{"name":"wp","href":"https:\/\/api.w.org\/{rel}","templated":true}]}}