{"id":6698,"date":"2012-11-10T19:33:29","date_gmt":"2012-11-10T18:33:29","guid":{"rendered":"http:\/\/alternatifs81.fr\/?p=6698"},"modified":"2012-11-12T00:22:10","modified_gmt":"2012-11-11T23:22:10","slug":"la-greve-generale-du-14-novembre-doit-etre-une-nouvelle-etape-dans-la-revolution-sociale","status":"publish","type":"post","link":"https:\/\/alternatifs81.fr\/?p=6698","title":{"rendered":"La Gr\u00e8ve G\u00e9n\u00e9rale du 14 Novembre doit \u00eatre une nouvelle \u00e9tape dans la r\u00e9volution sociale"},"content":{"rendered":"<p style=\"text-align: justify;\">\u00a0<span style=\"color: #0000ff;\"><strong>R\u00e9solution adopt\u00e9e par l&rsquo;Assembl\u00e9e ouverte des Alternatifs &#8211; Alternative Rouge-Vert de la Manche (La Mancha), qui s&rsquo;est tenue \u00e0 Quintanar de la Orden le 1 Novembre 2012.<\/strong><strong>\u00a0 Traduction Richard NEUVILLE <\/strong><\/span><\/p>\n<h3><a href=\"http:\/\/alternatifs81.fr\/wp-content\/uploads\/el-logo1.jpg\" rel=\"lightbox[6698]\"><img loading=\"lazy\" decoding=\"async\" class=\"alignleft size-full wp-image-6699\" style=\"margin: 11px;\" title=\"el-logo\" src=\"http:\/\/alternatifs81.fr\/wp-content\/uploads\/el-logo1.jpg\" alt=\"\" width=\"150\" height=\"68\" \/><\/a>\u00a0<span style=\"color: #808000;\">La Gr\u00e8ve G\u00e9n\u00e9rale du 14 Novembre doit \u00eatre une nouvelle \u00e9tape dans la r\u00e9volution sociale<\/span><\/h3>\n<h3 style=\"text-align: justify;\">Une Gr\u00e8ve G\u00e9n\u00e9rale est fix\u00e9e le 14 novembre. Elle n\u2019aura pas lieu uniquement dans l&rsquo;\u00c9tat espagnol, mais \u00e9galement au Portugal, en Gr\u00e8ce, en Italie, \u00e0 Chypre et \u00e0 Malte. Il y aura \u00e9galement des mobilisations dans le reste de l&rsquo;Union europ\u00e9enne, comme en France. Dans ces conditions, l\u2019extension et la coordination des gr\u00e8ves et des manifestations, au-del\u00e0 des fronti\u00e8res nationales, rev\u00eat une importance \u00e9norme. Le fait que des millions de travailleur-se-s \u00e0 travers l&rsquo;Europe convergent vers un seul objectif repr\u00e9sente un saut qualitatif dans le processus de la lutte contre le capitalisme mondial en crise terminale. C\u2019est pourquoi, les militants de Los alternativos (mais aussi nos camarades des Alternatifs en France) soutiendront, dans tous les territoires o\u00f9 nous sommes pr\u00e9sents, aussi activement que possible, la gr\u00e8ve g\u00e9n\u00e9rale et les manifestations.<\/h3>\n<h3 style=\"text-align: justify;\">Mais notre attitude, en tant que militants r\u00e9volutionnaires, ne se limitera pas \u00e0 une simple protestation isol\u00e9e. Cela, c\u2019est ce que voudraient les directions bureaucratiques des \u00absyndicats repr\u00e9sentatifs\u00bb<!--more-->\u00a0autoproclam\u00e9s. Celles qui se soumettent \u00e0 la CES (Conf\u00e9d\u00e9ration europ\u00e9enne des syndicats), dans le cas espagnol, les Commissions ouvri\u00e8res (CC.OO.) et l\u2019UGT. Ces organisations, fid\u00e8les serviteurs du capitalisme, entendent seulement canaliser la contestation avec leur strat\u00e9gie de n\u00e9gociations avec le pouvoir, comme elles l\u2019ont d\u00e9montr\u00e9 tant de fois, et comme elles le d\u00e9montrent encore aujourd&rsquo;hui. Elles ne se d\u00e9cident \u00e0 d\u00e9clencher la gr\u00e8ve uniquement quand elles sont pouss\u00e9es en cela par leurs bases et leurs d\u00e9l\u00e9gu\u00e9s (ou par d\u2019autres syndicats et organisations sociales), tout en essayant de les maintenir isol\u00e9s et sous contr\u00f4le, de telle sorte que cela ne d\u00e9bouche pas sur une lutte ouverte contre le capitalisme. Leurs membres et leurs d\u00e9l\u00e9gu\u00e9s ne devraient pas s\u2019y tromper : il ne leur reste seulement que la possibilit\u00e9 d\u2019abandonner ces \u00ab nids de bureaucrates \u00bb et de chercher d&rsquo;autres outils pour la lutte.<\/h3>\n<h3 style=\"text-align: justify;\">\u00a0On ne fait pas une gr\u00e8ve g\u00e9n\u00e9rale pour atteindre un objectif sp\u00e9cifique et particulier, comme lors d\u2019une gr\u00e8ve dans une entreprise. Une gr\u00e8ve g\u00e9n\u00e9rale est toujours -quoi que l\u2019on en dise ou quoi que l\u2019on en veuille- une gr\u00e8ve \u00abpolitique\u00bb. Pas dans le mauvais sens du terme que pratiquent les \u00abpartis\u00bb en g\u00e9n\u00e9ral, sinon dans le sens de changer une situation globale donn\u00e9e. Et, dans un moment comme celui-ci, c&rsquo;est la mani\u00e8re de renforcer la lutte. Parce que la gr\u00e8ve sert, avant tout, \u00e0 ce que nous les travailleurs apprenions que c\u2019est nous qui faisons que le monde fonctionne, ce ne sont pas les capitalistes parasites et leurs laquais dans tous les gouvernements. Ils sont superflus. Cela ne peut s\u2019apprendre v\u00e9ritablement que dans la lutte collective, dans la gr\u00e8ve, quand c\u2019est nous qui nous organisons, d\u00e9battons et agissons. C&rsquo;est pour cela, que le pouvoir nous impose un service minimum, pour saboter la gr\u00e8ve et notre prise de conscience. C\u2019est pour cela \u00e9galement que le pouvoir nous vole le \u00ab\u00a0droit de gr\u00e8ve\u00a0\u00bb et le d\u00e9l\u00e8gue aux syndicats. Mais la gr\u00e8ve ne leur appartient pas, m\u00eame si seulement eux peuvent la rendre l\u00e9gale. La gr\u00e8ve appartient toujours aux travailleurs qui la font. La faire ne signifie en aucun cas \u00abse plier\u00bb \u00e0 quiconque. Encore moins aux syndicats \u00abmajoritaires\u00bb.\u00a0<\/h3>\n<h3 style=\"text-align: justify;\">Nous\u00a0participerons, avec beaucoup d&rsquo;autres,\u00a0\u00a0pour crier ce que l&rsquo;on entend aujourd\u2019hui dans toutes les manifestations: la paix sociale va se terminer ! Parce que s&rsquo;il existe un r\u00e9el potentiel d&rsquo;explosion sociale permettant de rompre d\u00e9finitivement avec le capitalisme, comme c&rsquo;est le cas aujourd&rsquo;hui, les r\u00e9volutionnaires, de toute tendance et de couleur, ne doivent pas seulement y participer, mais \u00e9galement la d\u00e9velopper. A plus forte raison quand on peut parler d&rsquo;un processus de gr\u00e8ve de masse r\u00e9elle dans le monde entier. Nous n&rsquo;avons pas d\u2019autres choix, parce que nous savons que cette crise \u00ab\u00a0est sans retour,\u00a0\u00bb elle ne pourra pas \u00eatre d\u00e9pass\u00e9e par le capitalisme lui-m\u00eame. Il ne nous reste que la r\u00e9volution sociale ou la barbarie.<\/h3>\n<h3 style=\"text-align: justify;\">C\u2019est pour cela, qu\u2019actuellement, les travailleuses et les travailleurs doivent soutenir les syndicats combatifs et r\u00e9volutionnaires: CGT, CNT, Solidarit\u00e9 des Travailleurs, CSI, SAT, &#8230; Et les assembl\u00e9es qui se d\u00e9veloppent partout. Nous sommes bien conscients qu\u2019elles sont encore faibles. Que leur implantation est dispers\u00e9e et irr\u00e9guli\u00e8re. Mais, ensemble, elles f\u00e9d\u00e8rent plusieurs milliers de membres et de militants qui sont clairement conscients de la n\u00e9cessit\u00e9 de radicaliser les luttes. Ces militants sont le r\u00e9sultat des luttes pass\u00e9es et l&rsquo;entr\u00e9e en sc\u00e8ne de nouveaux militants oppos\u00e9s au syst\u00e8me.<\/h3>\n<h3 style=\"text-align: justify;\">Et, ils incarnent aujourd\u2019hui la dignit\u00e9 de la classe ouvri\u00e8re organis\u00e9e. C&rsquo;est ce que la CGT a d\u00e9montr\u00e9, en appelant \u00e0 la gr\u00e8ve g\u00e9n\u00e9rale pour le 31 Octobre, sans attendre les \u00abmajoritaires\u00bb. Et, ensuite, la d\u00e9placer au 14 novembre, en mettant en avant les int\u00e9r\u00eats et l&rsquo;unit\u00e9 d&rsquo;action de la classe ouvri\u00e8re plut\u00f4t que le r\u00f4le du syndicat. Sans se soucier de l&rsquo;\u00e9norme co\u00fbt, y compris \u00e9conomique, que pourrait avoir cette d\u00e9cision. Nous voulons saluer ici cette attitude coh\u00e9rente, courageuse et d\u00e9termin\u00e9e. Et nous voulons appeler \u00e0 la convergence de tout le syndicalisme r\u00e9volutionnaire, avec les organisations sociales, pour former un bloc radicalement anticapitaliste qui soit une v\u00e9ritable alternative aux bureaucrates et \u00e0 leur \u00ab\u00a0Sommet Social\u00a0\u00bb, le dernier mensonge invent\u00e9 par la CCOO et de l\u2019UGT pour se laver les mains apr\u00e8s tant de trahisons.<\/h3>\n<h3 style=\"text-align: justify;\">\u00a0<\/h3>\n<h3 style=\"text-align: justify;\">Que personne ne se m\u00e9prenne : le \u00ab\u00a0Sommet social\u00a0\u00bb n&rsquo;est rien de plus qu&rsquo;un simple amalgame de satellites du PSOE, qui est celui qui contr\u00f4le parfaitement son processus, et \u00e0 la fois les CC.OO et l\u2019UGT. Le peu d\u2019organisations r\u00e9ellement de gauche qui participeront au \u00ab\u00a0Sommet social\u00a0\u00bb ne repr\u00e9sentent qu&rsquo;une minorit\u00e9, qui ne pourra rien faire pour contrer les bureaucrates. Par coh\u00e9rence, elles devraient suivre l&rsquo;exemple d&rsquo;autres organisations qui ont particip\u00e9 \u00e0 la premi\u00e8re r\u00e9union du \u00abSommet Social\u00bb comme les \u00c9cologistes en Action, la CGT, &#8230;: quand elles se sont rendu compte de la supercherie (une de plus) des syndicats \u00abmajoritaires\u00bb, elles ont rompu avec le processus. Le communiqu\u00e9 publi\u00e9 par les \u00c9cologistes en Action est tr\u00e8s \u00e9clairant sur le stratag\u00e8me des CCOO et de l\u2019UGT (consultable \u00e0 l&rsquo;adresse suivante: <a href=\"http:\/\/www.ecologistasenaccion.org\/article23974.html\" target=\"_blank\">http:\/\/www.ecologistasenaccion.org\/article23974.html<\/a>)<\/h3>\n<h3 style=\"text-align: justify;\">\u00a0<\/h3>\n<h3>Nous ne pouvons pas savoir ce qui se produira. Ce que nous savons, c&rsquo;est ce que l&rsquo;histoire nous d\u00e9montre : que tout ce que nous poss\u00e9dons, les travailleurs et le peuple l\u2019ont obtenu par la lutte. Personne ne nous a jamais rien donn\u00e9. Les militant-e-s des alternatifs continueront \u00e0 soutenir l&rsquo;extension et la radicalisation des luttes.<\/h3>\n<h2>\u00a0<span style=\"color: #808000;\">SI VOUS VOUS BATTEZ,<\/span> <span style=\"color: #008000;\">VOUS POUVEZ GAGNER.<\/span><\/h2>\n<h2><span style=\"color: #808000;\">SI VOUS NE VOUS BATTEZ PAS, VOUS AVEZ DEJA PERDU.<\/span><\/h2>\n<h2><span style=\"color: #008000;\">\u00a0CONTRE LE CAPITALISME, IL FAUT \u00c9TENDRE LA R\u00c9VOLUTION SOCIALE !<\/span><\/h2>\n<gcse:search><\/gcse:search>","protected":false},"excerpt":{"rendered":"<p>\u00a0R\u00e9solution adopt\u00e9e par l&rsquo;Assembl\u00e9e ouverte des Alternatifs &#8211; Alternative Rouge-Vert de la Manche (La Mancha), qui s&rsquo;est tenue \u00e0 Quintanar de la Orden le 1 Novembre 2012.\u00a0 Traduction Richard NEUVILLE \u00a0La Gr\u00e8ve G\u00e9n\u00e9rale du 14 Novembre doit \u00eatre une nouvelle \u00e9tape dans la r\u00e9volution sociale Une Gr\u00e8ve G\u00e9n\u00e9rale est fix\u00e9e le 14 novembre. Elle n\u2019aura [&hellip;]<\/p>\n","protected":false},"author":1,"featured_media":0,"comment_status":"open","ping_status":"closed","sticky":false,"template":"","format":"standard","meta":{"footnotes":""},"categories":[126,147,21,193],"tags":[34,43,23,91],"class_list":["post-6698","post","type-post","status-publish","format-standard","hentry","category-gauche-de-combat","category-international","category-les-alters-dans-les-luttes","category-social","tag-alternatifs","tag-appel","tag-luttes","tag-unite"],"_links":{"self":[{"href":"https:\/\/alternatifs81.fr\/index.php?rest_route=\/wp\/v2\/posts\/6698","targetHints":{"allow":["GET"]}}],"collection":[{"href":"https:\/\/alternatifs81.fr\/index.php?rest_route=\/wp\/v2\/posts"}],"about":[{"href":"https:\/\/alternatifs81.fr\/index.php?rest_route=\/wp\/v2\/types\/post"}],"author":[{"embeddable":true,"href":"https:\/\/alternatifs81.fr\/index.php?rest_route=\/wp\/v2\/users\/1"}],"replies":[{"embeddable":true,"href":"https:\/\/alternatifs81.fr\/index.php?rest_route=%2Fwp%2Fv2%2Fcomments&post=6698"}],"version-history":[{"count":0,"href":"https:\/\/alternatifs81.fr\/index.php?rest_route=\/wp\/v2\/posts\/6698\/revisions"}],"wp:attachment":[{"href":"https:\/\/alternatifs81.fr\/index.php?rest_route=%2Fwp%2Fv2%2Fmedia&parent=6698"}],"wp:term":[{"taxonomy":"category","embeddable":true,"href":"https:\/\/alternatifs81.fr\/index.php?rest_route=%2Fwp%2Fv2%2Fcategories&post=6698"},{"taxonomy":"post_tag","embeddable":true,"href":"https:\/\/alternatifs81.fr\/index.php?rest_route=%2Fwp%2Fv2%2Ftags&post=6698"}],"curies":[{"name":"wp","href":"https:\/\/api.w.org\/{rel}","templated":true}]}}