{"id":6666,"date":"2012-11-09T09:11:13","date_gmt":"2012-11-09T08:11:13","guid":{"rendered":"http:\/\/alternatifs81.fr\/?p=6666"},"modified":"2012-11-09T09:11:37","modified_gmt":"2012-11-09T08:11:37","slug":"du-larzac-a-notre-dame-des-landes-occupons-les-terres-appel-dattac","status":"publish","type":"post","link":"https:\/\/alternatifs81.fr\/?p=6666","title":{"rendered":"Du Larzac \u00e0 Notre Dame des Landes : occupons les terres ! Appel d&rsquo;ATTAC"},"content":{"rendered":"<p style=\"text-align: justify;\"><strong><a href=\"http:\/\/alternatifs81.fr\/wp-content\/uploads\/NDDL111-300x2162.jpg\" rel=\"lightbox[6666]\"><img loading=\"lazy\" decoding=\"async\" class=\"alignleft size-full wp-image-6667\" style=\"margin: 11px;\" title=\"NDDL111-300x216\" src=\"http:\/\/alternatifs81.fr\/wp-content\/uploads\/NDDL111-300x2162.jpg\" alt=\"\" width=\"240\" height=\"173\" \/><\/a>Attac France exprime sa solidarit\u00e9 \u00e0 celles et ceux qui luttent aujourd&rsquo;hui \u00e0 Notre-Dame-des-Landes, appelle les citoyen-ne-s \u00e0 fonder, partout en France, des comit\u00e9s locaux en soutien \u00e0 la mobilisation contre ce projet d&rsquo;a\u00e9roport, et \u00e0 un large rassemblement le samedi 17 novembre. <\/strong><br \/>\n<strong><br \/>\n<\/strong><strong>Notre-Dame-des-Landes devient le symbole d\u2019un monde en crise profonde et des r\u00e9sistances qui opposent des alternatives de vie \u00e0 des projets mortif\u00e8res. \u201c<em>Tout y est<\/em>, souligne Genevi\u00e8ve Azam, membre du Conseil scientifique et de la commission \u00e9cologie et soci\u00e9t\u00e9 d&rsquo;Attac France, a<em>ccaparement et b\u00e9tonnage des terres, destruction du bocage, des zones humides et de la biodiversit\u00e9, le tout orchestr\u00e9 au profit d\u2019une multinationale, Vinci, devenue grand am\u00e9nageur et assurant la confusion entre int\u00e9r\u00eats publics et priv\u00e9s\u201d<\/em>. <\/strong><br \/>\n<strong><br \/>\n<\/strong><strong>Ce projet, con\u00e7u y a quarante ans, hors crise \u00e9nerg\u00e9tique, hors crise climatique, hors crise alimentaire, hors crise financi\u00e8re, hors d\u00e9veloppement d\u2019autres moyens<!--more-->\u00a0de transport internes que l\u2019avion, se voulait un projet de d\u00e9senclavement d\u2019une r\u00e9gion, pointe occidentale d&rsquo;une Europe \u00e0 six membres. Contre vents et mar\u00e9es, il s\u2019acc\u00e9l\u00e8re alors que l\u2019Europe s\u2019est \u00e9largie, que la globalisation est en crise et alors que l\u2019avenir est \u00e0 la relocalisation des activit\u00e9s. <\/strong><br \/>\n<strong><br \/>\n<\/strong><strong>Une fois les milliards enfouis, ce projet risque bien de conna\u00eetre le m\u00eame sort que le paquebot France mis \u00e0 l\u2019eau une dizaine d\u2019ann\u00e9es auparavant, et qui a fini d\u00e9pec\u00e9 et envoy\u00e9 \u00e0 la ferraille. <\/strong><br \/>\n<a name=\"more\"><\/a><br \/>\n<strong><br \/>\n<\/strong><strong>Face \u00e0 de telles passions destructrices, une r\u00e9sistance locale n\u2019a cess\u00e9 de d\u00e9noncer le projet et de produire une expertise attestant son irrationalit\u00e9 \u00e9conomique, sociale, environnementale. Le conflit prend d\u00e9sormais une dimension nationale et internationale, qu\u2019il faut renforcer autant que nous le pouvons. <\/strong><br \/>\n<strong><em><br \/>\n<\/em><\/strong><strong><em>\u201cC\u2019est pourquoi, le 17 novembre, nous serons pr\u00e9sents \u00e0 Notre-Dame-des-Landes pour la manifestation de r\u00e9occupation, d\u00e9cid\u00e9e apr\u00e8s l\u2019expulsion manu militari des occupants de la ZAD [zone d&rsquo;am\u00e9nagement diff\u00e9r\u00e9, rabaptis\u00e9e zone \u00e0 d\u00e9fendre] et la destruction des exp\u00e9riences collectives d\u2019occupation des sols\u201d<\/em> affirme Aur\u00e9lie Trouv\u00e9, co-pr\u00e9sidente d&rsquo;Attac France. <\/strong><br \/>\n<strong><br \/>\n<\/strong><strong>\u201c<em>Nous avons en m\u00e9moire le conflit qui a oppos\u00e9 les paysans du Larzac et des citoyens venus du monde entier \u00e0 l\u2019extension du camp militaire<\/em>\u201d rappelle Genevi\u00e8ve Azam. <\/strong><br \/>\n<strong><br \/>\n<\/strong><strong>Au-del\u00e0 des diff\u00e9rences d\u2019\u00e9poque et de contexte, ces luttes ont en commun une r\u00e9sistance contre des d\u00e9cisions politico-administratives et une fuite en avant dangereuse : au Larzac contre une militarisation pens\u00e9e comme au temps de la guerre froide, des guerres coloniales et de l\u2019affrontement des blocs, \u00e0 Notre Dame des Landes contre un projet d\u00e9mentiel d\u2019a\u00e9roport international imagin\u00e9 \u00e0 la fin des Trente Glorieuses. <\/strong><br \/>\n<strong><br \/>\n<\/strong><strong>Le Larzac est un symbole d\u2019une convergence des luttes, des paysans travailleurs aux ouvriers des Lip, des associations non-violentes et antimilitaristes aux associations kanakes. L\u2019annulation du projet a \u00e9t\u00e9 obtenu en 1981 apr\u00e8s une mobilisation tr\u00e8s large, locale, nationale et internationale. C\u2019est la m\u00eame ambition que nous avons pour Notre-Dame-des-Landes. <\/strong><br \/>\n<strong><br \/>\n<\/strong><strong>C\u2019est pourquoi, Attac appelle \u00e0 d\u00e9velopper, partout o\u00f9 c\u2019est possible, des comit\u00e9s locaux contre cet a\u00e9roport. Et nous nous engageons, dans le mouvement altermondialiste, \u00e0 internationaliser ce conflit qui fait \u00e9cho \u00e0 bien d\u2019autres grands projets inutiles et impos\u00e9s. D\u00e8s la fin de cette semaine, \u00e0 Florence (Italie), lors de la rencontre des mouvements sociaux europ\u00e9ens du 8 au 11 novembre, o\u00f9 les forces mobilis\u00e9s contre ces grands projets inutiles et impos\u00e9s se rassembleront.<\/strong><\/p>\n<gcse:search><\/gcse:search>","protected":false},"excerpt":{"rendered":"<p>Attac France exprime sa solidarit\u00e9 \u00e0 celles et ceux qui luttent aujourd&rsquo;hui \u00e0 Notre-Dame-des-Landes, appelle les citoyen-ne-s \u00e0 fonder, partout en France, des comit\u00e9s locaux en soutien \u00e0 la mobilisation contre ce projet d&rsquo;a\u00e9roport, et \u00e0 un large rassemblement le samedi 17 novembre. Notre-Dame-des-Landes devient le symbole d\u2019un monde en crise profonde et des r\u00e9sistances [&hellip;]<\/p>\n","protected":false},"author":1,"featured_media":0,"comment_status":"open","ping_status":"closed","sticky":false,"template":"","format":"standard","meta":{"footnotes":""},"categories":[125,126,244,246],"tags":[43,300,23,204],"class_list":["post-6666","post","type-post","status-publish","format-standard","hentry","category-ecologie","category-gauche-de-combat","category-point-de-vue","category-transition-energetique-2","tag-appel","tag-attac","tag-luttes","tag-notre-dame-des-landes"],"_links":{"self":[{"href":"https:\/\/alternatifs81.fr\/index.php?rest_route=\/wp\/v2\/posts\/6666","targetHints":{"allow":["GET"]}}],"collection":[{"href":"https:\/\/alternatifs81.fr\/index.php?rest_route=\/wp\/v2\/posts"}],"about":[{"href":"https:\/\/alternatifs81.fr\/index.php?rest_route=\/wp\/v2\/types\/post"}],"author":[{"embeddable":true,"href":"https:\/\/alternatifs81.fr\/index.php?rest_route=\/wp\/v2\/users\/1"}],"replies":[{"embeddable":true,"href":"https:\/\/alternatifs81.fr\/index.php?rest_route=%2Fwp%2Fv2%2Fcomments&post=6666"}],"version-history":[{"count":0,"href":"https:\/\/alternatifs81.fr\/index.php?rest_route=\/wp\/v2\/posts\/6666\/revisions"}],"wp:attachment":[{"href":"https:\/\/alternatifs81.fr\/index.php?rest_route=%2Fwp%2Fv2%2Fmedia&parent=6666"}],"wp:term":[{"taxonomy":"category","embeddable":true,"href":"https:\/\/alternatifs81.fr\/index.php?rest_route=%2Fwp%2Fv2%2Fcategories&post=6666"},{"taxonomy":"post_tag","embeddable":true,"href":"https:\/\/alternatifs81.fr\/index.php?rest_route=%2Fwp%2Fv2%2Ftags&post=6666"}],"curies":[{"name":"wp","href":"https:\/\/api.w.org\/{rel}","templated":true}]}}