{"id":6663,"date":"2012-11-09T01:05:52","date_gmt":"2012-11-09T00:05:52","guid":{"rendered":"http:\/\/alternatifs81.fr\/?p=6663"},"modified":"2012-11-09T01:05:52","modified_gmt":"2012-11-09T00:05:52","slug":"lettre-ouverte-du-collectif-votation-citoyenne-a-francois-hollande-et-jean-marc-ayrault","status":"publish","type":"post","link":"https:\/\/alternatifs81.fr\/?p=6663","title":{"rendered":"Lettre ouverte du collectif votation citoyenne \u00e0 Fran\u00e7ois Hollande et Jean-Marc Ayrault"},"content":{"rendered":"<div id=\"post-body-5317751163548120017\"><strong><em><span style=\"color: #808000;\">\u00ab\u00a0Le Collectif vous demande de ne pas c\u00e9der aux pressions de la droite et de l\u2019extr\u00eame droite, en pleine surench\u00e8re x\u00e9nophobe, et qui font du droit de vote des \u00e9trangers un \u00e9pouvantail\u00a0\u00bb &#8211;<\/span><\/em><\/strong><\/p>\n<h3 id=\"post-body-5317751163548120017\" style=\"text-align: justify;\">\n<div><a href=\"http:\/\/2.bp.blogspot.com\/-ZRUwLU8nDHQ\/UJvAMsPYSgI\/AAAAAAAAC68\/TG-txXL0VMo\/s1600\/VotationCitoyenne2010.jpg\" rel=\"lightbox[6663]\"><\/a><\/div>\n<p>Monsieur le Pr\u00e9sident, Monsieur le Premier Ministre,<br \/>\n<a href=\"http:\/\/alternatifs81.fr\/wp-content\/uploads\/votation_campagne2010-1-2.jpg\" rel=\"lightbox[6663]\"><img loading=\"lazy\" decoding=\"async\" class=\"alignleft size-full wp-image-6664\" style=\"margin: 10px;\" title=\"votation_campagne2010-1-\" src=\"http:\/\/alternatifs81.fr\/wp-content\/uploads\/votation_campagne2010-1-2.jpg\" alt=\"\" width=\"100\" height=\"150\" \/><\/a><br \/>\nLe collectif Votation citoyenne, qui regroupe des organisations militant depuis de nombreuses ann\u00e9es pour le droit de vote de tous les \u00e9trangers aux \u00e9lections locales, s\u2019est r\u00e9joui de votre engagement en faveur de ce droit. Il s\u2019inqui\u00e8te aujourd\u2019hui d\u2019apprendre que cette promesse serait remise en cause.<\/p>\n<p>Le droit de vote, qui permettra de conforter la d\u00e9mocratie locale et l\u2019int\u00e9gration des \u00e9trangers, doit \u00eatre une mesure-phare de votre<!--more-->\u00a0quinquennat. C\u2019est une r\u00e9forme de justice et de coh\u00e9sion sociale.<\/p>\n<p>Nous pensons qu\u2019il est temps que la citoyennet\u00e9 de r\u00e9sidence trouve sa place dans notre pays, \u00e0 c\u00f4t\u00e9 de la citoyennet\u00e9 nationale. La France serait ainsi le dix-septi\u00e8me pays de l\u2019Union europ\u00e9enne \u00e0 avoir ouvert la citoyennet\u00e9 \u00e0 tous les r\u00e9sidents \u00e9trangers.<\/p>\n<p>Le Collectif vous demande de ne pas c\u00e9der aux pressions de la droite et de l\u2019extr\u00eame droite, en pleine surench\u00e8re x\u00e9nophobe, et qui font du droit de vote des \u00e9trangers un \u00e9pouvantail. Vous le savez, depuis onze ans et jusqu\u2019en d\u00e9cembre dernier, les Fran\u00e7ais ont constamment exprim\u00e9 une adh\u00e9sion majoritaire \u00e0 cette avanc\u00e9e d\u00e9mocratique et \u00e0 une \u00e9galit\u00e9 de traitement entre r\u00e9sidents europ\u00e9ens et r\u00e9sidents extra-communautaires. Il faut convaincre les parlementaires centristes et de la droite humaniste du bien-fond\u00e9 de cette mesure, qui d\u00e9passe les clivages id\u00e9ologiques classiques.<br \/>\n<a name=\"more\"><\/a><\/p>\n<p>Une rapide mise \u00e0 l\u2019ordre du jour du Parlement d\u2019un projet de loi permettrait au congr\u00e8s de se r\u00e9unir avant l\u2019\u00e9t\u00e9 2013, et de respecter le calendrier que vous aviez annonc\u00e9. Le Collectif va demander \u00e0 ses militants de rencontrer cet hiver tous les parlementaires dans les d\u00e9partements, et de s\u2019efforcer de convaincre les plus h\u00e9sitants d\u2019entre eux.<\/p>\n<p>Par ailleurs, une campagne nationale de mobilisation sera lanc\u00e9e aupr\u00e8s de l\u2019opinion publique, d\u00e9but 2013. Nous savons que nous pouvons compter sur votre volont\u00e9 r\u00e9formatrice, et sommes \u00e0 votre disposition pour vous exposer de mani\u00e8re plus d\u00e9taill\u00e9e notre projet de campagne.<\/p>\n<p>Vous comprendrez, Monsieur le Pr\u00e9sident de la R\u00e9publique, Monsieur le Premier Ministre, que nous rendions publique cette lettre.<\/p>\n<p>Nous vous prions de bien vouloir recevoir, Monsieur le Pr\u00e9sident de la R\u00e9publique, Monsieur le Premier Ministre, l\u2019expression de notre haute consid\u00e9ration.<\/p>\n<p><span style=\"color: #0000ff;\"><span style=\"text-decoration: underline;\">Pour le collectif Votation citoyenne :<\/span> <em>Mohamed Ben Sa\u00efd, F\u00e9d\u00e9ration des Tunisiens pour une citoyennet\u00e9 des deux rives (FTCR) Michel Butez, Mouvement contre le racisme et pour l\u2019amiti\u00e9 entre les peuples (Mrap) Bernard Delemotte, La Lettre de la citoyennet\u00e9 Nacer el Idrissi, Association des travailleurs maghr\u00e9bins de France (ATMF) Pierre Gineste, Association pour une citoyennet\u00e9 europ\u00e9enne de r\u00e9sidence (Acer) Vincent Reb\u00e9rioux, Ligue des droits de l\u2019Homme (LDH)<\/em><\/span><\/h3>\n<\/div>\n<gcse:search><\/gcse:search>","protected":false},"excerpt":{"rendered":"<p>\u00ab\u00a0Le Collectif vous demande de ne pas c\u00e9der aux pressions de la droite et de l\u2019extr\u00eame droite, en pleine surench\u00e8re x\u00e9nophobe, et qui font du droit de vote des \u00e9trangers un \u00e9pouvantail\u00a0\u00bb &#8211; Monsieur le Pr\u00e9sident, Monsieur le Premier Ministre, Le collectif Votation citoyenne, qui regroupe des organisations militant depuis de nombreuses ann\u00e9es pour le [&hellip;]<\/p>\n","protected":false},"author":1,"featured_media":0,"comment_status":"open","ping_status":"closed","sticky":false,"template":"","format":"standard","meta":{"footnotes":""},"categories":[9,126,21,217,244],"tags":[43,299],"class_list":["post-6663","post","type-post","status-publish","format-standard","hentry","category-communiques","category-gauche-de-combat","category-les-alters-dans-les-luttes","category-libertes","category-point-de-vue","tag-appel","tag-votation-citoyenne"],"_links":{"self":[{"href":"https:\/\/alternatifs81.fr\/index.php?rest_route=\/wp\/v2\/posts\/6663","targetHints":{"allow":["GET"]}}],"collection":[{"href":"https:\/\/alternatifs81.fr\/index.php?rest_route=\/wp\/v2\/posts"}],"about":[{"href":"https:\/\/alternatifs81.fr\/index.php?rest_route=\/wp\/v2\/types\/post"}],"author":[{"embeddable":true,"href":"https:\/\/alternatifs81.fr\/index.php?rest_route=\/wp\/v2\/users\/1"}],"replies":[{"embeddable":true,"href":"https:\/\/alternatifs81.fr\/index.php?rest_route=%2Fwp%2Fv2%2Fcomments&post=6663"}],"version-history":[{"count":0,"href":"https:\/\/alternatifs81.fr\/index.php?rest_route=\/wp\/v2\/posts\/6663\/revisions"}],"wp:attachment":[{"href":"https:\/\/alternatifs81.fr\/index.php?rest_route=%2Fwp%2Fv2%2Fmedia&parent=6663"}],"wp:term":[{"taxonomy":"category","embeddable":true,"href":"https:\/\/alternatifs81.fr\/index.php?rest_route=%2Fwp%2Fv2%2Fcategories&post=6663"},{"taxonomy":"post_tag","embeddable":true,"href":"https:\/\/alternatifs81.fr\/index.php?rest_route=%2Fwp%2Fv2%2Ftags&post=6663"}],"curies":[{"name":"wp","href":"https:\/\/api.w.org\/{rel}","templated":true}]}}