{"id":6657,"date":"2012-11-08T10:45:41","date_gmt":"2012-11-08T09:45:41","guid":{"rendered":"http:\/\/alternatifs81.fr\/?p=6657"},"modified":"2012-11-08T10:47:01","modified_gmt":"2012-11-08T09:47:01","slug":"cercle-du-silence-mazamet-samedi-10-novembre-de-10h30-a-11h-30","status":"publish","type":"post","link":"https:\/\/alternatifs81.fr\/?p=6657","title":{"rendered":"Cercle du Silence MAZAMET Samedi 10 novembre de 10h30 \u00e0 11h 30"},"content":{"rendered":"<h3 style=\"text-align: justify;\"><span style=\"font-size: medium;\"><strong>Est-il acceptable<\/strong> que dans des pays qui se r\u00e9clament continuellement de la d\u00e9mocratie et des droits humains, des femmes, des hommes, parfois des enfants, d\u00e9pourvus de titre <\/span><span style=\"font-size: medium;\">de s\u00e9jour, soient trait\u00e9s comme des d\u00e9linquants et plac\u00e9s dans des Centres de R\u00e9tention Administrative qui ressemblent \u00e0 des prisons ? Ils n\u2019ont commis aucune atteinte aux personnes et aux biens. L\u2019irr\u00e9gularit\u00e9 de leur situation administrative ne doit pas constituer un motif de privation de libert\u00e9. <\/span><\/h3>\n<h3 style=\"text-align: justify;\"><span style=\"font-size: medium;\"><strong>Est-il acceptable<\/strong> que cette marque infamante et injuste de l\u2019enfermement soit ajout\u00e9e \u00e0 leur pr\u00e9carit\u00e9 ? <!--more--><\/span><\/h3>\n<h3 style=\"text-align: justify;\"><span style=\"font-size: medium;\"><strong>Est-il acceptable<\/strong> que ces hommes et ces femmes deviennent des boucs \u00e9missaires de nos difficult\u00e9s \u00e9conomiques et sociales ? <\/span><\/h3>\n<h3 style=\"text-align: justify;\"><span style=\"font-size: medium;\"><strong>Est-il acceptable<\/strong> que des \u00e9trangers qui souvent font les travaux les plus p\u00e9nibles mal r\u00e9mun\u00e9r\u00e9s, depuis des ann\u00e9es, qui paient leurs imp\u00f4ts et leurs cotisations sociales depuis des ann\u00e9es, et dont les enfants sont totalement int\u00e9gr\u00e9s dans leurs quartiers et leurs \u00e9coles, ne soient pas r\u00e9gularis\u00e9s ? <\/span><\/h3>\n<h3 style=\"text-align: justify;\"><span style=\"font-size: medium;\"><strong>Est-il acceptable<\/strong> que des mesures de bannissement viennent d\u00e9chirer des familles et des couples ? <\/span><\/h3>\n<h3 style=\"text-align: justify;\"><span style=\"font-size: medium;\">Parce que nous r\u00e9pondons NON \u00e0 ces questions, <\/span><\/h3>\n<h3><span style=\"color: #008000;\">NOUS DEMANDONS la FERMETURE des CAMPS DE RETENTION et de TOUTES les FORMES d\u2019ENFERMEMENT des MIGRANTS.<\/span><\/h3>\n<h3 style=\"text-align: justify;\"><span style=\"font-size: medium;\">Voil\u00e0 pourquoi ce samedi, 10 novembre 2012, comme tous les 2\u00e8mes samedis de chaque mois depuis 3 ans, nous vous invitons \u00e0 venir t\u00e9moigner en silence, \u00e0 venir crier en silence au milieu du march\u00e9 de Mazamet, de 10h30 \u00e0 11h30.<\/span><\/h3>\n<p style=\"text-align: justify;\">\n<h3 style=\"text-align: justify;\"><span style=\"font-size: medium;\">L\u2019\u00eatre humain n&rsquo;est pas un objet<span style=\"font-size: medium;\"> :<\/span> o\u00f9 qu&rsquo;il soit, il reste toujours une personne,\u00a0<em>un membre de la famille humaine<\/em><sup> (1)<\/sup>\u00e0 l&rsquo;oppos\u00e9 tout auteur de violence d\u00e9truit en lui m\u00eame sa propre dignit\u00e9.<\/span><\/h3>\n<p style=\"text-align: justify;\"><span style=\"font-size: x-small;\">(1) cf Pr\u00e9ambule de la d\u00e9claration universelle des droits de l\u2019homme <\/span><\/p>\n<gcse:search><\/gcse:search>","protected":false},"excerpt":{"rendered":"<p>Est-il acceptable que dans des pays qui se r\u00e9clament continuellement de la d\u00e9mocratie et des droits humains, des femmes, des hommes, parfois des enfants, d\u00e9pourvus de titre de s\u00e9jour, soient trait\u00e9s comme des d\u00e9linquants et plac\u00e9s dans des Centres de R\u00e9tention Administrative qui ressemblent \u00e0 des prisons ? Ils n\u2019ont commis aucune atteinte aux personnes [&hellip;]<\/p>\n","protected":false},"author":1,"featured_media":0,"comment_status":"open","ping_status":"closed","sticky":false,"template":"","format":"standard","meta":{"footnotes":""},"categories":[217,173,1,193],"tags":[191,103,50,23],"class_list":["post-6657","post","type-post","status-publish","format-standard","hentry","category-libertes","category-no-pasaran","category-non-classe","category-social","tag-cercles-du-silence","tag-demarche-citoyenne","tag-discriminations","tag-luttes"],"_links":{"self":[{"href":"https:\/\/alternatifs81.fr\/index.php?rest_route=\/wp\/v2\/posts\/6657","targetHints":{"allow":["GET"]}}],"collection":[{"href":"https:\/\/alternatifs81.fr\/index.php?rest_route=\/wp\/v2\/posts"}],"about":[{"href":"https:\/\/alternatifs81.fr\/index.php?rest_route=\/wp\/v2\/types\/post"}],"author":[{"embeddable":true,"href":"https:\/\/alternatifs81.fr\/index.php?rest_route=\/wp\/v2\/users\/1"}],"replies":[{"embeddable":true,"href":"https:\/\/alternatifs81.fr\/index.php?rest_route=%2Fwp%2Fv2%2Fcomments&post=6657"}],"version-history":[{"count":0,"href":"https:\/\/alternatifs81.fr\/index.php?rest_route=\/wp\/v2\/posts\/6657\/revisions"}],"wp:attachment":[{"href":"https:\/\/alternatifs81.fr\/index.php?rest_route=%2Fwp%2Fv2%2Fmedia&parent=6657"}],"wp:term":[{"taxonomy":"category","embeddable":true,"href":"https:\/\/alternatifs81.fr\/index.php?rest_route=%2Fwp%2Fv2%2Fcategories&post=6657"},{"taxonomy":"post_tag","embeddable":true,"href":"https:\/\/alternatifs81.fr\/index.php?rest_route=%2Fwp%2Fv2%2Ftags&post=6657"}],"curies":[{"name":"wp","href":"https:\/\/api.w.org\/{rel}","templated":true}]}}