{"id":6598,"date":"2012-11-07T14:26:36","date_gmt":"2012-11-07T13:26:36","guid":{"rendered":"http:\/\/alternatifs81.fr\/?p=6598"},"modified":"2012-11-07T14:27:25","modified_gmt":"2012-11-07T13:27:25","slug":"14-novembre-contre-l%e2%80%99austerite-pour-la-solidarite","status":"publish","type":"post","link":"https:\/\/alternatifs81.fr\/?p=6598","title":{"rendered":"14 novembre : contre l\u2019aust\u00e9rit\u00e9, pour la solidarit\u00e9 !"},"content":{"rendered":"<h3 style=\"text-align: justify;\"><em><span style=\"color: #0000ff;\">D\u00e9claration du collectif pour un audit citoyen de la dette publique<br \/>\n7 novembre 2012<\/span><\/em><\/h3>\n<h3 style=\"text-align: justify;\"><a href=\"http:\/\/alternatifs81.fr\/wp-content\/uploads\/proposition-affiche2-300x1001.jpg\" rel=\"lightbox[6598]\"><img loading=\"lazy\" decoding=\"async\" class=\"alignleft size-full wp-image-6599\" style=\"margin: 11px;\" title=\"proposition-affiche2-300x100\" src=\"http:\/\/alternatifs81.fr\/wp-content\/uploads\/proposition-affiche2-300x1001.jpg\" alt=\"\" width=\"300\" height=\"100\" \/><\/a>Le 14 novembre, pour la premi\u00e8re fois en Europe, une gr\u00e8ve g\u00e9n\u00e9rale internationale est organis\u00e9e par le mouvement syndical au Portugal, en Espagne, en Gr\u00e8ce, \u00e0 Chypre et \u00e0 Malte, et soutenue par les mouvements sociaux et des partis politiques. Dans le m\u00eame temps, la Conf\u00e9d\u00e9ration europ\u00e9enne des syndicats a lanc\u00e9 un appel \u00e0 une journ\u00e9e d\u2019action et de solidarit\u00e9 coordonn\u00e9e en Europe.<\/h3>\n<h3 style=\"text-align: justify;\">\u00a0Cette mobilisation exceptionnelle \u00e9merge au moment o\u00f9, partout en Europe, les politiques d\u2019aust\u00e9rit\u00e9 organisent la baisse des salaires et des pensions, la destruction des droits sociaux, de la n\u00e9gociation collective et des services publics, et provoquent r\u00e9cession, ch\u00f4mage, pr\u00e9carit\u00e9 et mis\u00e8re. Elle t\u00e9moigne d\u2019une convergence des mobilisations qui se sont construites dans de nombreux pays contre ces politiques impos\u00e9es sans d\u00e9bat d\u00e9mocratique, et qui m\u00e8nent l\u2019Europe dans le gouffre.<\/h3>\n<h3 style=\"text-align: justify;\">En France, le Collectif pour un audit citoyen de la dette publique m\u00e8ne<!--more-->\u00a0depuis des mois une mobilisation unitaire pour d\u00e9noncer l\u2019instrumentalisation de la dette publique et l\u2019imposition de politiques d\u2019aust\u00e9rit\u00e9 \u00e9conomiquement stupides, \u00e9cologiquement irresponsables et socialement injustes \u2013 touchant de plein fouet les populations les plus pr\u00e9caires, femmes, jeunes, ouvriers, mal-log\u00e9s, immigr\u00e9-es. En septembre, il a organis\u00e9 des mobilisations contre le Trait\u00e9 budg\u00e9taire pour provoquer le d\u00e9bat public que le gouvernement tentait d&rsquo;esquiver.<\/h3>\n<h3 style=\"text-align: justify;\">Aujourd\u2019hui, le gouvernement poursuit sur une voie sans issue, avec un budget d\u2019aust\u00e9rit\u00e9 qui essaye d\u00e9sesp\u00e9r\u00e9ment de tenir l\u2019objectif irr\u00e9aliste<a href=\"http:\/\/alternatifs81.fr\/wp-content\/uploads\/451.gif\" rel=\"lightbox[6598]\"><img loading=\"lazy\" decoding=\"async\" class=\"alignright size-full wp-image-6600\" style=\"margin: 11px;\" title=\"45\" src=\"http:\/\/alternatifs81.fr\/wp-content\/uploads\/451.gif\" alt=\"\" width=\"185\" height=\"121\" \/><\/a> d\u2019un d\u00e9ficit public limit\u00e9 \u00e0 3 % du PIB en 2013. En c\u00e9dant aux sir\u00e8nes du patronat qui r\u00e9clame un \u00ab choc de comp\u00e9titivit\u00e9 \u00bb, il poursuivrait, comme en Gr\u00e8ce en Espagne et au Portugal, sur la voie mortif\u00e8re du dumping salarial et de la remise en cause des protections collectives.<\/h3>\n<h3 style=\"text-align: justify;\">En France comme en Europe, l\u2019aust\u00e9rit\u00e9 doit cesser ! Ce n\u2019est pas de purges budg\u00e9taires ou de concurrence exacerb\u00e9e dont l\u2019Europe a besoin, c\u2019est de solidarit\u00e9, d\u2019une meilleure r\u00e9partition des richesses, et de d\u00e9mocratie !<\/h3>\n<h3 style=\"text-align: justify;\">C\u2019est pourquoi le Collectif appelle \u00e0 participer aux manifestations organis\u00e9es \u00e0 l\u2019initiative de l\u2019Intersyndicale le 14 novembre. Au-del\u00e0 du refus des mesures inacceptables impos\u00e9es aux peuples d\u2019Europe du Sud, c\u2019est un appel \u00e0 se battre pour une autre Europe, solidaire, \u00e9cologique et d\u00e9mocratique !\u00a0<\/h3>\n<h3 style=\"text-align: justify;\">Le 14 novembre et apr\u00e8s, le Collectif contribuera \u00e0 l\u2019\u00e9mergence de mobilisations \u00e0 l\u2019\u00e9chelle europ\u00e9enne. Il participe et soutient le processus de l\u2019Altersummit, qui sera lanc\u00e9 lors de la rencontre europ\u00e9enne \u00e0 Florence du 8 au 11 novembre.<\/h3>\n<h3 style=\"text-align: justify;\">Le 14 novembre montre la voie : les mobilisations contre l\u2019aust\u00e9rit\u00e9 doivent converger pour une Europe sociale et solidaire !<\/h3>\n<p>\u00a0<strong><span style=\"color: #0000ff;\">Le Collectif pour un audit citoyen de la dette publique<\/span><\/strong><\/p>\n<p><strong>\u00a0<\/strong><\/p>\n<p style=\"text-align: justify;\"><em><span style=\"color: #808000;\">Le Collectif pour un audit citoyen de la dette publique <\/span>(<a href=\"http:\/\/www.audit-citoyen.org\/\" target=\"_blank\">http:\/\/www.audit-citoyen.org\/<\/a>) <span style=\"color: #808000;\">est compos\u00e9 d\u2019une soixantaine d\u2019organisations associatives et syndicales, avec le soutien d\u2019organisations politiques.<\/span><\/em><\/p>\n<gcse:search><\/gcse:search>","protected":false},"excerpt":{"rendered":"<p>D\u00e9claration du collectif pour un audit citoyen de la dette publique 7 novembre 2012 Le 14 novembre, pour la premi\u00e8re fois en Europe, une gr\u00e8ve g\u00e9n\u00e9rale internationale est organis\u00e9e par le mouvement syndical au Portugal, en Espagne, en Gr\u00e8ce, \u00e0 Chypre et \u00e0 Malte, et soutenue par les mouvements sociaux et des partis politiques. Dans [&hellip;]<\/p>\n","protected":false},"author":1,"featured_media":0,"comment_status":"open","ping_status":"closed","sticky":false,"template":"","format":"standard","meta":{"footnotes":""},"categories":[9,126,21,193,295],"tags":[43,103,23,20],"class_list":["post-6598","post","type-post","status-publish","format-standard","hentry","category-communiques","category-gauche-de-combat","category-les-alters-dans-les-luttes","category-social","category-travail-2","tag-appel","tag-demarche-citoyenne","tag-luttes","tag-manifestations"],"_links":{"self":[{"href":"https:\/\/alternatifs81.fr\/index.php?rest_route=\/wp\/v2\/posts\/6598","targetHints":{"allow":["GET"]}}],"collection":[{"href":"https:\/\/alternatifs81.fr\/index.php?rest_route=\/wp\/v2\/posts"}],"about":[{"href":"https:\/\/alternatifs81.fr\/index.php?rest_route=\/wp\/v2\/types\/post"}],"author":[{"embeddable":true,"href":"https:\/\/alternatifs81.fr\/index.php?rest_route=\/wp\/v2\/users\/1"}],"replies":[{"embeddable":true,"href":"https:\/\/alternatifs81.fr\/index.php?rest_route=%2Fwp%2Fv2%2Fcomments&post=6598"}],"version-history":[{"count":0,"href":"https:\/\/alternatifs81.fr\/index.php?rest_route=\/wp\/v2\/posts\/6598\/revisions"}],"wp:attachment":[{"href":"https:\/\/alternatifs81.fr\/index.php?rest_route=%2Fwp%2Fv2%2Fmedia&parent=6598"}],"wp:term":[{"taxonomy":"category","embeddable":true,"href":"https:\/\/alternatifs81.fr\/index.php?rest_route=%2Fwp%2Fv2%2Fcategories&post=6598"},{"taxonomy":"post_tag","embeddable":true,"href":"https:\/\/alternatifs81.fr\/index.php?rest_route=%2Fwp%2Fv2%2Ftags&post=6598"}],"curies":[{"name":"wp","href":"https:\/\/api.w.org\/{rel}","templated":true}]}}