{"id":6585,"date":"2012-11-07T01:39:29","date_gmt":"2012-11-07T00:39:29","guid":{"rendered":"http:\/\/alternatifs81.fr\/?p=6585"},"modified":"2012-11-07T01:40:27","modified_gmt":"2012-11-07T00:40:27","slug":"notre-dame-des-landes-stop-a-la-repression-stop-a-l%e2%80%99aeroport-appel-unitaire-national","status":"publish","type":"post","link":"https:\/\/alternatifs81.fr\/?p=6585","title":{"rendered":"Notre-Dame-des-Landes : Stop \u00e0 la r\u00e9pression ! Stop \u00e0 l\u2019a\u00e9roport ! Appel unitaire national"},"content":{"rendered":"<p style=\"text-align: justify;\"><strong><a href=\"http:\/\/alternatifs81.fr\/wp-content\/uploads\/nddlresistance-65420.jpg\" rel=\"lightbox[6585]\"><img loading=\"lazy\" decoding=\"async\" class=\"alignleft size-medium wp-image-6589\" style=\"margin: 10px;\" title=\"nddlresistance-65420\" src=\"http:\/\/alternatifs81.fr\/wp-content\/uploads\/nddlresistance-65420-300x159.jpg\" alt=\"\" width=\"300\" height=\"159\" srcset=\"https:\/\/alternatifs81.fr\/wp-content\/uploads\/nddlresistance-65420-300x159.jpg 300w, https:\/\/alternatifs81.fr\/wp-content\/uploads\/nddlresistance-65420.jpg 320w\" sizes=\"auto, (max-width: 300px) 100vw, 300px\" \/><\/a>Engag\u00e9e depuis des ann\u00e9es, la lutte contre le projet d\u2019a\u00e9roport de Notre-Dame-des-Landes connait une nouvelle intensit\u00e9. Elle repart de plus belle depuis que le 16 octobre le gouvernement a d\u00e9cid\u00e9 d\u2019expulser les habitants de la Zone \u00e0 D\u00e9fendre, sur laquelle doit commencer le b\u00e9tonnage. <\/strong><br \/>\n<strong><br \/>\n<\/strong><strong>Contre un projet : Inutile ! <\/strong><br \/>\n<strong><br \/>\n<\/strong><strong>Une modification de l\u2019a\u00e9roport actuel, tr\u00e8s bien not\u00e9 par l\u2019aviation civile et loin de la saturation en vols, est possible pour r\u00e9soudre les probl\u00e8mes tels que le survol permanent de la ville de Nantes. <\/strong><br \/>\n<strong><br \/>\n<\/strong><strong>Nuisible ! <\/strong><br \/>\n<strong><br \/>\n<\/strong><strong>Il va b\u00e9tonner plus de 2 000 ha de terres pr\u00e9serv\u00e9es et nourrici\u00e8res, \u00e0 quelques km<!--more-->\u00a0de Nantes. Les surfaces agricoles disparaissent \u00e0 grande vitesse dans notre pays ; les zones humides sont de pr\u00e9cieuses r\u00e9serves de biodiversit\u00e9 ; le d\u00e9clin \u00e0 terme des vols de courte et moyenne distance est une cons\u00e9quence du pic de production du p\u00e9trole et des imp\u00e9ratifs de la lutte contre l\u2019effet de serre. Un tel projet est inconcevable en pleine crise \u00e9cologique. <\/strong><br \/>\n<a name=\"more\"><\/a><br \/>\n<strong><br \/>\n<\/strong><strong>Insens\u00e9 ! <\/strong><br \/>\n<strong><br \/>\n<\/strong><strong>Au niveau de l\u2019emploi il ne ferait que d\u00e9placer des populations, augmentant le d\u00e9s\u00e9quilibre Nord Loire\/Sud Loire, et d\u00e9truirait tout un r\u00e9seau d\u2019emplois li\u00e9s \u00e0 l\u2019agriculture (au moins 600). Quant aux emplois li\u00e9s \u00e0 la construction, si tant est qu\u2019ils puissent \u00eatre locaux, ils seraient plus avantageusement cr\u00e9\u00e9s en construisant des logements, des coll\u00e8ges ou autres structures de sant\u00e9 r\u00e9pondant \u00e0 des besoins r\u00e9els et urgents de la population. <\/strong><br \/>\n<strong><br \/>\n<\/strong><strong>Gaspilleur ! <\/strong><br \/>\n<strong><br \/>\n<\/strong><strong>En pleine p\u00e9riode restriction budg\u00e9taire et de mise en place de l\u2019aust\u00e9rit\u00e9 institutionnelle par le vote inique du TSCG, le PS s\u2019acharne \u00e0 vouloir construire cet a\u00e9roport, qui ne servira qu\u2019\u00e0 engraisser le groupe Vinci, pieuvre malsaine qui \u00e9tend ses tentacules v\u00e9n\u00e9neux dans tous les coins du monde, toujours dans ce type de projets insens\u00e9s, m\u00e9galomanes et destructeurs. Il n\u2019h\u00e9site pas \u00e0 transformer les forces de l\u2019ordre en gardiennes des int\u00e9r\u00eats priv\u00e9s de Vinci, au prix d\u2019une co\u00fbteuse op\u00e9ration de type militaire. <\/strong><br \/>\n<strong><br \/>\n<\/strong><strong>Ce mod\u00e8le de d\u00e9veloppement bas\u00e9 sur le profit capitaliste, est une course au productivisme qui sacrifie terres, paysans et populations locales. Face \u00e0 la r\u00e9pression, toute notre solidarit\u00e9 va aux premi\u00e8res victimes. Cette actualit\u00e9 nous am\u00e8ne \u00e0 amplifier les r\u00e9sistances, la solidarit\u00e9 et les convergences avec tous ceux et toutes celles qui refusent l\u2019avenir b\u00e9tonn\u00e9 et les profits de Vinci <\/strong><br \/>\n<strong><br \/>\n<\/strong><strong>Nous soutenons les initiatives de soutien \u00e0 la lutte de Notre-Dame-des-Landes et appelons \u00e0 rejoindre les comit\u00e9s de solidarit\u00e9 et de r\u00e9sistance pour stopper ce projet et faire reculer la multinationale et le gouvernement. <\/strong><br \/>\n<strong><br \/>\n<\/strong><strong>Le 17 novembre a lieu la manifestation de r\u00e9occupation des terrains \u00e9vacu\u00e9s ; elle doit \u00eatre la plus massive possible et suivie d\u2019autres actions diverses et unitaires. <\/strong><strong>\u00a0<\/strong><br \/>\n<strong><br \/>\n<\/strong><strong>Arr\u00eat imm\u00e9diat des expulsions et des destructions, <\/strong><br \/>\n<strong>Arr\u00eat imm\u00e9diat de la r\u00e9pression et de l\u2019occupation de la zone par les forces de l\u2019ordre. <\/strong><br \/>\n<strong><br \/>\n<\/strong><strong>Nous sommes dans une phase cruciale. <\/strong><br \/>\n<strong><br \/>\n<\/strong><strong>Soit le gouvernement et son premier ministre Ayrault, s\u2019acharnent et s\u2019obstinent par la force \u00e0 construire cet a\u00e9roport, et on assistera \u00e0 une r\u00e9sistance citoyenne et populaire sur tout le territoire avec le soutien et la d\u00e9termination de plus en plus d\u2019organisations associatives, syndicales et politiques, qui fondent le terreau de la majorit\u00e9 des citoyens qui ont chass\u00e9 Sarkozy et son gouvernement. Soit ce gouvernement et son pr\u00e9sident d\u00e9cr\u00e8tent un moratoire sur tout le projet et reconsid\u00e8rent l\u2019\u00e9tude faite, pour une autre \u00e9tude plus s\u00e9rieuse, prenant en compte tous les crit\u00e8res \u00e9conomiques, sociaux et environnementaux, sans omissions ni mensonges, avec une volont\u00e9 de transparence et de d\u00e9mocratie. Au-del\u00e0, c\u2019est un mod\u00e8le de d\u00e9veloppement qu\u2019il faut remettre en cause, celui qui au nom du profit et de l\u2019inexorable besoin de d\u00e9placements a\u00e9riens est pr\u00eat \u00e0 sacrifier terres, paysan-ne-s et populations. <\/strong><br \/>\n<strong><br \/>\n<\/strong><strong>Capitalisme et productivisme constituent les deux faces d\u2019un m\u00eame probl\u00e8me. Nous voulons imposer une autre logique porteuse d\u2019une alternative politique au social-lib\u00e9ralisme. <\/strong><br \/>\n<strong><br \/>\n<\/strong><strong><em><span style=\"color: #008000;\">Alter-\u00e9colo, Convergences &amp; Alternative, F\u00e9d\u00e9ration pour une Alternative Sociale et \u00c9cologiste, Gauche Anticapitaliste, Gauche Unitaire, Parti de Gauche, Les Alternatifs, Zone d\u2019\u00c9cologie Populaire, \u2026<\/span><\/em><\/strong><\/p>\n<gcse:search><\/gcse:search>","protected":false},"excerpt":{"rendered":"<p>Engag\u00e9e depuis des ann\u00e9es, la lutte contre le projet d\u2019a\u00e9roport de Notre-Dame-des-Landes connait une nouvelle intensit\u00e9. Elle repart de plus belle depuis que le 16 octobre le gouvernement a d\u00e9cid\u00e9 d\u2019expulser les habitants de la Zone \u00e0 D\u00e9fendre, sur laquelle doit commencer le b\u00e9tonnage. Contre un projet : Inutile ! Une modification de l\u2019a\u00e9roport actuel, [&hellip;]<\/p>\n","protected":false},"author":1,"featured_media":0,"comment_status":"open","ping_status":"closed","sticky":false,"template":"","format":"standard","meta":{"footnotes":""},"categories":[9,125,21],"tags":[43,23],"class_list":["post-6585","post","type-post","status-publish","format-standard","hentry","category-communiques","category-ecologie","category-les-alters-dans-les-luttes","tag-appel","tag-luttes"],"_links":{"self":[{"href":"https:\/\/alternatifs81.fr\/index.php?rest_route=\/wp\/v2\/posts\/6585","targetHints":{"allow":["GET"]}}],"collection":[{"href":"https:\/\/alternatifs81.fr\/index.php?rest_route=\/wp\/v2\/posts"}],"about":[{"href":"https:\/\/alternatifs81.fr\/index.php?rest_route=\/wp\/v2\/types\/post"}],"author":[{"embeddable":true,"href":"https:\/\/alternatifs81.fr\/index.php?rest_route=\/wp\/v2\/users\/1"}],"replies":[{"embeddable":true,"href":"https:\/\/alternatifs81.fr\/index.php?rest_route=%2Fwp%2Fv2%2Fcomments&post=6585"}],"version-history":[{"count":0,"href":"https:\/\/alternatifs81.fr\/index.php?rest_route=\/wp\/v2\/posts\/6585\/revisions"}],"wp:attachment":[{"href":"https:\/\/alternatifs81.fr\/index.php?rest_route=%2Fwp%2Fv2%2Fmedia&parent=6585"}],"wp:term":[{"taxonomy":"category","embeddable":true,"href":"https:\/\/alternatifs81.fr\/index.php?rest_route=%2Fwp%2Fv2%2Fcategories&post=6585"},{"taxonomy":"post_tag","embeddable":true,"href":"https:\/\/alternatifs81.fr\/index.php?rest_route=%2Fwp%2Fv2%2Ftags&post=6585"}],"curies":[{"name":"wp","href":"https:\/\/api.w.org\/{rel}","templated":true}]}}