{"id":6581,"date":"2012-11-05T23:33:29","date_gmt":"2012-11-05T22:33:29","guid":{"rendered":"http:\/\/alternatifs81.fr\/?p=6581"},"modified":"2012-11-14T22:55:48","modified_gmt":"2012-11-14T21:55:48","slug":"notre-dame-des-landes-la-journee-de-reoccupation-du-17-novembre","status":"publish","type":"post","link":"https:\/\/alternatifs81.fr\/?p=6581","title":{"rendered":"Notre Dame des Landes : La journ\u00e9e de r\u00e9occupation du 17 novembre"},"content":{"rendered":"<h3 style=\"text-align: justify;\"><a href=\"http:\/\/alternatifs81.fr\/wp-content\/uploads\/affiche_manif_reoccup2.jpg\" rel=\"lightbox[6581]\"><img loading=\"lazy\" decoding=\"async\" class=\"aligncenter size-full wp-image-6582\" title=\"affiche_manif_reoccup2\" src=\"http:\/\/alternatifs81.fr\/wp-content\/uploads\/affiche_manif_reoccup2.jpg\" alt=\"\" width=\"339\" height=\"480\" srcset=\"https:\/\/alternatifs81.fr\/wp-content\/uploads\/affiche_manif_reoccup2.jpg 339w, https:\/\/alternatifs81.fr\/wp-content\/uploads\/affiche_manif_reoccup2-211x300.jpg 211w\" sizes=\"auto, (max-width: 339px) 100vw, 339px\" \/><\/a><\/h3>\n<h1 style=\"text-align: center;\"><span style=\"color: #ff0000;\">\u00e0 \u00e9couter (mise \u00e0 jour)\u00a0:<\/span> <a href=\"http:\/\/www.youtube.com\/watch?v=HquPeRdIYZI&amp;feature=youtu.be\">http:\/\/www.youtube.com\/watch?v=HquPeRdIYZI&amp;feature=youtu.be<\/a><\/h1>\n<h3 style=\"text-align: justify;\">Depuis le 16 octobre, et encore aujourd\u2019hui, les forces r\u00e9pressives polici\u00e8res de l&rsquo;\u00c9tat (1200 GM, CRS etc.) sont charg\u00e9es de \u00ab nettoyer \u00bb la Zone \u00e0 d\u00e9fendre (ZAD) de ses habitantEs (environ150 au d\u00e9part), afin de pr\u00e9parer le chantier de Vinci qui devrait commencer d\u00e9but 2013, en d\u00e9truisant toutes les habitations et les potagers. Or, le nombre des habitantEs a doubl\u00e9 depuis cette date. Les soutiens arrivent de partout, Nantes, Allemagne, Italie, Paris\u2026 Les opposantEs historiques multiplient les sit-in \u00e0 Nantes, tout en mobilisant \u00e0 Notre-Dame-des-Landes afin de soutenir les r\u00e9sistantEs. La violence polici\u00e8re ne cesse d\u2019augmenter, mais elle ne fait que renforcer la solidarit\u00e9 et la mobilisation sur place comme ailleurs : sympathisantEs pr\u00e9sentEs \u00e0 la ZAD pendant les op\u00e9rations polici\u00e8res, et apportant du mat\u00e9riel \u00e0 NDL, r\u00e9seaux sociaux, rassemblements un peu partout, cr\u00e9ation de collectifs de soutien, lettres ouvertes, communiqu\u00e9s, articles de journaux nationaux, circulation de vid\u00e9os\u2026<\/h3>\n<h2 style=\"text-align: justify;\"><span style=\"color: #008000;\"><span style=\"text-decoration: underline;\">La journ\u00e9e de r\u00e9occupation du 17 novembre<\/span><\/span><\/h2>\n<h3 style=\"text-align: justify;\">Une journ\u00e9e de r\u00e9occupation est organis\u00e9e sur place le samedi 17 novembre. Elle sera suivie d\u2019une semaine militante \u00e0 NDL et d\u2019une grande<!--more-->\u00a0manifestation \u00e0 Nantes le 24.<\/h3>\n<h3 style=\"text-align: justify;\">La pr\u00e9paration de cette journ\u00e9e est intensive et n\u2019emp\u00eache pas la r\u00e9sistance sur le terrain. Plusieurs milliers de personnes se sont d\u2019ores et d\u00e9j\u00e0 inscrites \u00e0 l\u2019\u00e9v\u00e8nement sur Facebook. La page a d\u2019ailleurs myst\u00e9rieusement disparu cette nuit.<\/h3>\n<h3 style=\"text-align: justify;\">La r\u00e9ponse \u00e0 ces man\u0153uvres polici\u00e8res consid\u00e9rables doit \u00eatre une mobilisation massive ce 17 novembre.<\/h3>\n<h3 style=\"text-align: justify;\">Le d\u00e9bat n\u2019a jamais eu lieu, ce projet est une aberration environnementale, en pleine crise \u00e9cologique, et un gaspillage de fonds publics au profit de Vinci. Les arguments sur l\u2019emploi et sur la dangerosit\u00e9 de l\u2019actuel a\u00e9roport ne tiennent pas la route. Et pour parfaire le tout, une contre-\u00e9tude a mis en 2011 en lumi\u00e8re l\u2019erreur \u00e9conomique qu\u2019il repr\u00e9sente.<\/h3>\n<h3 style=\"text-align: justify;\">Tous les moyens doivent maintenant \u00eatre mis en \u0153uvre simultan\u00e9ment pour mettre fin aux expulsions et obtenir l\u2019arr\u00eat d\u00e9finitif de ce projet : soutien de la r\u00e9sistance sur le terrain, communication maximale sur le dossier, prises de paroles de responsables politiques, pr\u00e9sence massive de militantEs et sympathisantEs le 17.<\/h3>\n<h3 style=\"text-align: justify;\">Selon les lieux et les r\u00e9seaux locaux, pr\u00e9parer des d\u00e9parts collectifs pour Notre-Dame-des-Landes ou organiser des actions locales le 17 novembre sont deux options possibles.<\/h3>\n<h3 style=\"text-align: justify;\">Voir communiqu\u00e9 unitaire que nous avons initi\u00e9 :<\/h3>\n<h3 style=\"text-align: justify;\"><a href=\"http:\/\/www.gauche-anticapitaliste.org\/content\/communique-unitaire-expulsion-des-opposants-laeroport-de-notre-dame-des-landes-halte-la\">http:\/\/www.gauche-anticapitaliste.org\/content\/communique-unitaire-expuls&#8230;<\/a><\/h3>\n<h3 style=\"text-align: justify;\">ZAD et fil d\u2019infos en direct : <a href=\"http:\/\/zad.nadir.org\/\">http:\/\/zad.nadir.org\/<\/a><\/h3>\n<h3 style=\"text-align: justify;\">Les comit\u00e9s ou collectifs de soutien sont appel\u00e9s \u00e0 se regrouper ici: <a href=\"http:\/\/comites-ndl.blogspot.fr\/\" target=\"_blank\">http:\/\/comites-ndl.blogspot.fr\/<\/a><\/h3>\n<h3 style=\"text-align: justify;\">Sites des opposants : ACIPA : <a href=\"http:\/\/acipa.fr\/\">http:\/\/acipa.fr\/<\/a><\/h3>\n<h3 style=\"text-align: justify;\">Collectif des \u00e9lus : <a href=\"http:\/\/aeroportnddl.fr\/\">http:\/\/aeroportnddl.fr\/<\/a><\/h3>\n<gcse:search><\/gcse:search>","protected":false},"excerpt":{"rendered":"<p>\u00e0 \u00e9couter (mise \u00e0 jour)\u00a0: http:\/\/www.youtube.com\/watch?v=HquPeRdIYZI&amp;feature=youtu.be Depuis le 16 octobre, et encore aujourd\u2019hui, les forces r\u00e9pressives polici\u00e8res de l&rsquo;\u00c9tat (1200 GM, CRS etc.) sont charg\u00e9es de \u00ab nettoyer \u00bb la Zone \u00e0 d\u00e9fendre (ZAD) de ses habitantEs (environ150 au d\u00e9part), afin de pr\u00e9parer le chantier de Vinci qui devrait commencer d\u00e9but 2013, en d\u00e9truisant toutes [&hellip;]<\/p>\n","protected":false},"author":1,"featured_media":0,"comment_status":"open","ping_status":"closed","sticky":false,"template":"","format":"standard","meta":{"footnotes":""},"categories":[125,21],"tags":[43,20,204],"class_list":["post-6581","post","type-post","status-publish","format-standard","hentry","category-ecologie","category-les-alters-dans-les-luttes","tag-appel","tag-manifestations","tag-notre-dame-des-landes"],"_links":{"self":[{"href":"https:\/\/alternatifs81.fr\/index.php?rest_route=\/wp\/v2\/posts\/6581","targetHints":{"allow":["GET"]}}],"collection":[{"href":"https:\/\/alternatifs81.fr\/index.php?rest_route=\/wp\/v2\/posts"}],"about":[{"href":"https:\/\/alternatifs81.fr\/index.php?rest_route=\/wp\/v2\/types\/post"}],"author":[{"embeddable":true,"href":"https:\/\/alternatifs81.fr\/index.php?rest_route=\/wp\/v2\/users\/1"}],"replies":[{"embeddable":true,"href":"https:\/\/alternatifs81.fr\/index.php?rest_route=%2Fwp%2Fv2%2Fcomments&post=6581"}],"version-history":[{"count":0,"href":"https:\/\/alternatifs81.fr\/index.php?rest_route=\/wp\/v2\/posts\/6581\/revisions"}],"wp:attachment":[{"href":"https:\/\/alternatifs81.fr\/index.php?rest_route=%2Fwp%2Fv2%2Fmedia&parent=6581"}],"wp:term":[{"taxonomy":"category","embeddable":true,"href":"https:\/\/alternatifs81.fr\/index.php?rest_route=%2Fwp%2Fv2%2Fcategories&post=6581"},{"taxonomy":"post_tag","embeddable":true,"href":"https:\/\/alternatifs81.fr\/index.php?rest_route=%2Fwp%2Fv2%2Ftags&post=6581"}],"curies":[{"name":"wp","href":"https:\/\/api.w.org\/{rel}","templated":true}]}}