{"id":6560,"date":"2012-11-05T22:13:21","date_gmt":"2012-11-05T21:13:21","guid":{"rendered":"http:\/\/alternatifs81.fr\/?p=6560"},"modified":"2012-11-05T22:39:45","modified_gmt":"2012-11-05T21:39:45","slug":"appel-finalise-du-20-octobre-2012-des-cercles-de-silence","status":"publish","type":"post","link":"https:\/\/alternatifs81.fr\/?p=6560","title":{"rendered":"Appel finalis\u00e9 du 20 octobre 2012 des Cercles de silence"},"content":{"rendered":"<div style=\"text-align: justify;\"><em><span style=\"color: #808000;\">\u00a0\u00bb Chers amis, voici le texte final de l&rsquo;Appel du 20 octobre 2012 <\/span><\/em><\/div>\n<div style=\"text-align: justify;\"><em><span style=\"color: #808000;\">vous pouvez faire circuler cet APPEL autour de vous. <\/span><\/em><\/div>\n<div><span style=\"font-family: Times New Roman; font-size: small;\"><br \/>\n<strong><span style=\"color: #008000;\">Par notre silence continuons \u00e0 faire entendre le cri de notre conscience ! <\/span><\/strong><\/span><\/div>\n<p><span style=\"font-family: Times New Roman; font-size: small;\"><em><span style=\"color: #808000;\">Tr\u00e8s cordialement. \u00ab\u00a0<\/span><br \/>\n<\/em><\/span><\/p>\n<p style=\"text-align: justify;\"><em><span style=\"color: #0000ff;\"><span style=\"font-size: small;\"><a href=\"http:\/\/alternatifs81.fr\/wp-content\/uploads\/cercle-de-silence4.jpg\" rel=\"lightbox[6560]\"><img loading=\"lazy\" decoding=\"async\" class=\"alignleft size-full wp-image-6562\" style=\"margin: 10px;\" title=\"cercle-de-silence\" src=\"http:\/\/alternatifs81.fr\/wp-content\/uploads\/cercle-de-silence4.jpg\" alt=\"\" width=\"104\" height=\"98\" \/><\/a>A l\u2019heure actuelle,\u00a0 des Cercles de silence se r\u00e9unissent g\u00e9n\u00e9ralement chaque mois dans 176 villes de France, une dizaine de villes en Espagne, et quelques villes en Suisse. Ils ont aid\u00e9 beaucoup de personnes \u00e0 prendre conscience qu\u2019au nom de notre commune humanit\u00e9 elles ne peuvent tol\u00e9rer certaines actions faites \u00e0 l\u2019encontre des \u00ab sans-papiers \u00bb au nom de tous les citoyens. <\/span><strong><span style=\"font-family: Calibri,Calibri; font-size: medium;\">\u00a0<\/span><\/strong><\/span><\/em><\/p>\n<h2 style=\"text-align: center;\"><span style=\"color: #008000;\">Appel du 20 Octobre 2012,<\/span><\/h2>\n<div style=\"text-align: justify;\"><span style=\"font-family: Calibri,Calibri; font-size: small;\"><span style=\"font-family: Calibri,Calibri; font-size: small;\"><em><strong>A nos concitoyens,<\/strong><\/em><\/span><\/span><\/div>\n<p><em><strong>Aux gouvernants et aux \u00e9lus des Etats Fran\u00e7ais et Europ\u00e9ens,<\/strong><\/em><\/p>\n<p><em><strong><span style=\"text-decoration: underline;\">Nous Citoyens Europ\u00e9ens<\/span> <\/strong><\/em><\/p>\n<p><em><strong>Venus de diff\u00e9rents pays et r\u00e9unis le Samedi 20 Octobre 2012 \u00e0 Toulouse pour marquer 5 ann\u00e9es de Cercles de Silence, nous voulons par ce geste :<\/strong><\/em><\/p>\n<p><em><strong>&#8211; crier ensemble notre refus de l\u2019inacceptable,<\/strong><\/em><\/p>\n<p><em><strong>&#8211; interpeller les pouvoirs et les opinions publiques de nos diff\u00e9rents pays.<\/strong><\/em><\/p>\n<p><em><strong>Est-il acceptable que dans des pays qui se r\u00e9clament continuellement de la d\u00e9mocratie et des droits humains, des femmes, des hommes, parfois des enfants, d\u00e9pourvus de titre de s\u00e9jour, soient trait\u00e9s comme des d\u00e9linquants et<!--more-->\u00a0plac\u00e9s dans des Centres de R\u00e9tention Administrative qui ressemblent \u00e0 des prisons ? Ils n\u2019ont commis aucune atteinte aux personnes et aux biens. L\u2019irr\u00e9gularit\u00e9 de leur situation administrative ne doit pas constituer un motif de privation de libert\u00e9.<\/strong><\/em><\/p>\n<p><em><strong>Est-il acceptable que cette marque infamante et injuste de l\u2019enfermement soit ajout\u00e9e \u00e0 leur pr\u00e9carit\u00e9 ?<\/strong><\/em><\/p>\n<p><em><strong>Est-il acceptable que ces hommes et ces femmes deviennent des boucs \u00e9missaires de nos difficult\u00e9s \u00e9conomiques et sociales ?<\/strong><\/em><\/p>\n<p><em><strong>Est-il acceptable que des \u00e9trangers qui souvent font les travaux les plus p\u00e9nibles mal r\u00e9mun\u00e9r\u00e9s, depuis des ann\u00e9es, qui paient leurs imp\u00f4ts et leurs cotisations<a href=\"http:\/\/alternatifs81.fr\/wp-content\/uploads\/sigle-sommet2.jpg\" rel=\"lightbox[6560]\"><img loading=\"lazy\" decoding=\"async\" class=\"alignright size-full wp-image-6573\" style=\"margin: 8px;\" title=\"sigle-sommet\" src=\"http:\/\/alternatifs81.fr\/wp-content\/uploads\/sigle-sommet2.jpg\" alt=\"\" width=\"222\" height=\"223\" srcset=\"https:\/\/alternatifs81.fr\/wp-content\/uploads\/sigle-sommet2.jpg 278w, https:\/\/alternatifs81.fr\/wp-content\/uploads\/sigle-sommet2-150x150.jpg 150w\" sizes=\"auto, (max-width: 222px) 100vw, 222px\" \/><\/a> sociales depuis des ann\u00e9es, et dont les enfants sont totalement int\u00e9gr\u00e9s dans leurs quartiers et leurs \u00e9coles, ne soient pas r\u00e9gularis\u00e9s ?<\/strong><\/em><\/p>\n<p><em><strong>Est-il acceptable que des mesures de bannissement viennent d\u00e9chirer des familles et des couples ?<\/strong><\/em><\/p>\n<p><em><span style=\"text-decoration: underline;\"><strong>Nous Citoyens Fran\u00e7ais,<\/strong><\/span> <\/em><\/p>\n<p><em><strong>Dans son discours de Tulle le Pr\u00e9sident de la R\u00e9publique a insist\u00e9 sur le respect de la dignit\u00e9 de toute personne. Nous demandons que cette volont\u00e9 politique et cette attitude se manifestent \u00e0 tous les niveaux de l\u2019administration.<\/strong><\/em><\/p>\n<p><em><strong>Les mesures brutales et exp\u00e9ditives prises \u00e0 l\u2019encontre des Roms ne sont pas l\u2019expression du changement attendu. Les organisations actives dans l\u2019accueil et l\u2019accompagnement des migrants, ont fr\u00e9quemment d\u00e9nonc\u00e9 des r\u00e8glements et des comportements honteux pour la France et les pays europ\u00e9ens.<\/strong><\/em><\/p>\n<p><em><strong>NOUS DEMANDONS LA FERMETURE DES CAMPS DE RETENTION ET DE TOUTES LES FORMES D\u2019ENFERMEMENT DES MIGRANTS. Les associations et les repr\u00e9sentants de migrants demandent du Gouvernement des r\u00e8glements, des d\u00e9crets, des lois, et des alternatives qui respectent v\u00e9ritablement les personnes que sont les \u00e9trangers d\u00e9pourvus de titre de s\u00e9jour.<\/strong><\/em><\/p>\n<p><em><strong>Nous invitons encore tous nos concitoyens \u00e0 exprimer, par des actes, l\u2019imp\u00e9ratif de leur conscience. Il revient \u00e0 chaque personne de le rappeler \u00e0 ceux qui d\u00e9tiennent une responsabilit\u00e9 dans la soci\u00e9t\u00e9.<\/strong><\/em><\/p>\n<p style=\"text-align: center;\"><em><strong>L\u2019\u00caTRE HUMAIN N\u2019EST PAS UN OBJET. <\/strong><\/em><\/p>\n<p style=\"text-align: center;\"><em><strong>O\u00da QU\u2019IL SOIT, IL RESTE TOUJOURS UNE PERSONNE, <\/strong><\/em><\/p>\n<p style=\"text-align: center;\"><em><strong>\u00ab UN MEMBRE DE LA FAMILLE HUMAINE \u00bb(1) <\/strong><\/em><\/p>\n<p style=\"text-align: center;\"><em><strong>A L\u2019 OPPOS\u00c9 TOUT AUTEUR DE VIOLENCE D\u00c9TRUIT EN LUI-M\u00caME SA PROPRE DIGNIT\u00c9. <\/strong><\/em><\/p>\n<p><span style=\"color: #808000;\"><strong><em>(1) cf Pr\u00e9ambule de la d\u00e9claration universelle des droits de l\u2019homme<\/em> <\/strong><\/span><\/p>\n<p><em><strong>\u00a0<\/strong><\/em><\/p>\n<p><em><span style=\"color: #008000;\"><strong>Appel finalis\u00e9 par le Comit\u00e9 de pilotage du Cercle de silence de Toulouse, apr\u00e8s l\u2019\u00e9change du 20 octobre 2012<\/strong><\/span><\/em><\/p>\n<p><a href=\"mailto:cercledesilence.toulouse@laposte.net\"><em><span style=\"color: #0000ff;\"><strong>cercledesilence.toulouse@laposte.net<\/strong><\/span><\/em><\/a><\/p>\n<gcse:search><\/gcse:search>","protected":false},"excerpt":{"rendered":"<p>\u00a0\u00bb Chers amis, voici le texte final de l&rsquo;Appel du 20 octobre 2012 vous pouvez faire circuler cet APPEL autour de vous. Par notre silence continuons \u00e0 faire entendre le cri de notre conscience ! Tr\u00e8s cordialement. \u00ab\u00a0 A l\u2019heure actuelle,\u00a0 des Cercles de silence se r\u00e9unissent g\u00e9n\u00e9ralement chaque mois dans 176 villes de France, [&hellip;]<\/p>\n","protected":false},"author":1,"featured_media":0,"comment_status":"open","ping_status":"closed","sticky":false,"template":"","format":"standard","meta":{"footnotes":""},"categories":[217],"tags":[50,23],"class_list":["post-6560","post","type-post","status-publish","format-standard","hentry","category-libertes","tag-discriminations","tag-luttes"],"_links":{"self":[{"href":"https:\/\/alternatifs81.fr\/index.php?rest_route=\/wp\/v2\/posts\/6560","targetHints":{"allow":["GET"]}}],"collection":[{"href":"https:\/\/alternatifs81.fr\/index.php?rest_route=\/wp\/v2\/posts"}],"about":[{"href":"https:\/\/alternatifs81.fr\/index.php?rest_route=\/wp\/v2\/types\/post"}],"author":[{"embeddable":true,"href":"https:\/\/alternatifs81.fr\/index.php?rest_route=\/wp\/v2\/users\/1"}],"replies":[{"embeddable":true,"href":"https:\/\/alternatifs81.fr\/index.php?rest_route=%2Fwp%2Fv2%2Fcomments&post=6560"}],"version-history":[{"count":0,"href":"https:\/\/alternatifs81.fr\/index.php?rest_route=\/wp\/v2\/posts\/6560\/revisions"}],"wp:attachment":[{"href":"https:\/\/alternatifs81.fr\/index.php?rest_route=%2Fwp%2Fv2%2Fmedia&parent=6560"}],"wp:term":[{"taxonomy":"category","embeddable":true,"href":"https:\/\/alternatifs81.fr\/index.php?rest_route=%2Fwp%2Fv2%2Fcategories&post=6560"},{"taxonomy":"post_tag","embeddable":true,"href":"https:\/\/alternatifs81.fr\/index.php?rest_route=%2Fwp%2Fv2%2Ftags&post=6560"}],"curies":[{"name":"wp","href":"https:\/\/api.w.org\/{rel}","templated":true}]}}