{"id":6423,"date":"2012-10-26T22:59:57","date_gmt":"2012-10-26T21:59:57","guid":{"rendered":"http:\/\/alternatifs81.fr\/?p=6423"},"modified":"2012-10-26T23:00:07","modified_gmt":"2012-10-26T22:00:07","slug":"la-sante-nest-pas-en-danger-elle-est-sinistree","status":"publish","type":"post","link":"https:\/\/alternatifs81.fr\/?p=6423","title":{"rendered":"La sant\u00e9 n&rsquo;est pas en danger : elle est sinistr\u00e9e !"},"content":{"rendered":"<h3 style=\"text-align: justify;\"><a href=\"http:\/\/alternatifs81.fr\/wp-content\/uploads\/cd-un-peu-capit-bcp.jpg\" rel=\"lightbox[6423]\"><img loading=\"lazy\" decoding=\"async\" class=\"alignleft size-full wp-image-6424\" style=\"margin: 8px;\" title=\"cd-un-peu-capit-bcp\" src=\"http:\/\/alternatifs81.fr\/wp-content\/uploads\/cd-un-peu-capit-bcp.jpg\" alt=\"\" width=\"136\" height=\"150\" \/><\/a>L&rsquo;avenant sur les d\u00e9passements d&rsquo;honoraires vient d&rsquo;\u00eatre sign\u00e9 par les principaux syndicats de la m\u00e9decine lib\u00e9rale et l&rsquo;UNOCAM (qui regroupe tous les op\u00e9rateurs en assurance maladie compl\u00e9mentaire, qu\u2019il s\u2019agisse des mutuelles, des entreprises d\u2019assurances, des institutions de pr\u00e9voyance ou du r\u00e9gime local d\u2019Alsace-Moselle ; leur intervention couvre environ 13 % des d\u00e9penses totales de sant\u00e9).<\/h3>\n<h3 style=\"text-align: justify;\">Comme a pu titrer le Syndicat de la M\u00e9decine G\u00e9n\u00e9rale : <span style=\"color: #008000;\">\u00ab l&rsquo;UMP l&rsquo;a r\u00eav\u00e9 ! Le PS l&rsquo;a fait ! \u00bb<\/span><\/h3>\n<h3 style=\"text-align: justify;\">Le gouvernement a capitul\u00e9 !<\/h3>\n<h3 style=\"text-align: justify;\">Non seulement les m\u00e9decins du secteur 2 (ceux qui ont des d\u00e9passements<!--more-->\u00a0d&rsquo;honoraires) pourront r\u00e9clamer 70 euros au lieu des 28 euros du tarif remboursable mais les m\u00e9decins du secteur 1 (ceux qui actuellement ne pratiquent pas de d\u00e9passements d&rsquo;honoraires) pourront, dans le cadre \u00ab d&rsquo;un contrat d&rsquo;acc\u00e8s aux soins \u00bb pratiquer aussi des d\u00e9passements d&rsquo;honoraires plafonn\u00e9s \u00e0 100% du tarif de base, (sauf pour les b\u00e9n\u00e9ficiaires de la \u00ab compl\u00e9mentaire sant\u00e9 \u00bb)<\/h3>\n<h3 style=\"text-align: justify;\">Les d\u00e9passements d&rsquo;honoraires ne sont donc pas limit\u00e9s, au contraire le<a href=\"http:\/\/alternatifs81.fr\/wp-content\/uploads\/sante-soins-mutuelles-L-1-300x2232.png\" rel=\"lightbox[6423]\"><img loading=\"lazy\" decoding=\"async\" class=\"alignright size-full wp-image-6425\" style=\"margin: 10px;\" title=\"sante-soins-mutuelles-L-1-300x223\" src=\"http:\/\/alternatifs81.fr\/wp-content\/uploads\/sante-soins-mutuelles-L-1-300x2232.png\" alt=\"\" width=\"192\" height=\"142\" \/><\/a> nombre de m\u00e9decins qui pourront les pratiquer s&rsquo;\u00e9tend.<\/h3>\n<h3 style=\"text-align: justify;\">Et ce sont les mutuelles qui financeront les \u00ab avantages \u00bb accord\u00e9s au secteur 1 qui devraient \u00eatre pris en charge par l&rsquo;assurance maladie comme le forfait de 5 euros pour les \u00ab m\u00e9decins traitants \u00bb .<\/h3>\n<h3 style=\"text-align: justify;\">Le r\u00f4le de la S\u00e9curit\u00e9 Sociale est bafou\u00e9, la marchandisation de la sant\u00e9 s&rsquo;acc\u00e9l\u00e8re.<\/h3>\n<h3 style=\"text-align: justify;\">\u00a0<\/h3>\n<h3 style=\"text-align: justify;\">Dans le m\u00eame temps, la justice condamne le Docteur Poupardin, qui courageusement et syst\u00e9matiquement avait refus\u00e9 de se plier au carcan, impensable m\u00e9dicalement, des ordonnances bizones, \u00e0 verser 2 514,62 euros \u00e0 la CPAM (qui r\u00e9clamait 2 612 euros de pr\u00e9judice subi).<\/h3>\n<h3 style=\"text-align: justify;\">Rappelons que les ordonnances bizones permettent le remboursement \u00e0 100%,par la S\u00e9curit\u00e9 Sociale, des m\u00e9dicaments inscrits dans la zone sup\u00e9rieure et un remboursement partiel des m\u00e9dicaments prescrits dans la zone inf\u00e9rieure. Le compl\u00e9ment pouvant \u00eatre pris en charge par les mutuelles quand on a souscrit \u00e0 une mutuelle bien entendu.<\/h3>\n<h3 style=\"text-align: justify;\">Ces ordonnances bizones qui d\u00e9coupent les malades en rondelles participent de la privatisation de la sant\u00e9.<\/h3>\n<h3 style=\"text-align: justify;\">Qui vient donc d&rsquo;\u00eatre insidieusement approuv\u00e9e par le tribunal !<\/h3>\n<h3 style=\"text-align: justify;\">Toute notre solidarit\u00e9 va au docteur Didier Poupardin.<\/h3>\n<h3 style=\"text-align: justify;\">\u00a0<\/h3>\n<h3 style=\"text-align: justify;\">Enfin, la Commission des Comptes de la Sant\u00e9 vient de rendre publics quelques chiffres :<\/h3>\n<h3 style=\"text-align: justify;\">la consommation de soins a progress\u00e9 de 2,7 % entre 2010 et 2011, elle s&rsquo;est accompagn\u00e9e d&rsquo;une diminution de la part prise en charge par l&rsquo;assurance maladie tandis que progressait la part prise en charge par les organismes de protection compl\u00e9mentaire donc aussi la privatisation de la sant\u00e9.<\/h3>\n<h3 style=\"text-align: justify;\">C&rsquo;\u00e9tait sous le gouvernement pr\u00e9c\u00e9dent.<\/h3>\n<h3 style=\"text-align: justify;\">Le nouveau donne dans la continuit\u00e9.<\/h3>\n<h3 style=\"text-align: justify;\">\u00a0<\/h3>\n<h3 style=\"text-align: justify;\">L&rsquo;acc\u00e8s aux soins pour toutes et tous est de jour en jour plus improbable.<\/h3>\n<h3 style=\"text-align: justify;\">Au lieu de cr\u00e9er des centres de sant\u00e9, on les ferme.<\/h3>\n<h3 style=\"text-align: justify;\">Au lieu de valoriser le r\u00f4le des m\u00e9decins g\u00e9n\u00e9ralistes, de leur procurer un cadre o\u00f9 ils pourraient exercer avec un statut de <a href=\"http:\/\/salari\u00e9.es\/\" target=\"_blank\">salari\u00e9.es<\/a> aux r\u00e9mun\u00e9rations correctes (la majorit\u00e9 des jeunes m\u00e9decins le demande), on les renvoie \u00e0 une m\u00e9decine lib\u00e9rale qui ent\u00e9rine une exclusion des soins toujours plus importante.<\/h3>\n<p style=\"text-align: right;\"><em><span style=\"color: #0000ff;\">Communiqu\u00e9 de la commission sant\u00e9 des Alternatifs <\/span><\/em><\/p>\n<p style=\"text-align: right;\"><em><span style=\"color: #0000ff;\">Le 26 octobre 2012 <\/span><\/em><\/p>\n<h3 style=\"text-align: justify;\">\u00a0<\/h3>\n<gcse:search><\/gcse:search>","protected":false},"excerpt":{"rendered":"<p>L&rsquo;avenant sur les d\u00e9passements d&rsquo;honoraires vient d&rsquo;\u00eatre sign\u00e9 par les principaux syndicats de la m\u00e9decine lib\u00e9rale et l&rsquo;UNOCAM (qui regroupe tous les op\u00e9rateurs en assurance maladie compl\u00e9mentaire, qu\u2019il s\u2019agisse des mutuelles, des entreprises d\u2019assurances, des institutions de pr\u00e9voyance ou du r\u00e9gime local d\u2019Alsace-Moselle ; leur intervention couvre environ 13 % des d\u00e9penses totales de sant\u00e9). [&hellip;]<\/p>\n","protected":false},"author":1,"featured_media":0,"comment_status":"open","ping_status":"closed","sticky":false,"template":"","format":"standard","meta":{"footnotes":""},"categories":[9,21,164,180,193],"tags":[],"class_list":["post-6423","post","type-post","status-publish","format-standard","hentry","category-communiques","category-les-alters-dans-les-luttes","category-sante","category-services-publics-2","category-social"],"_links":{"self":[{"href":"https:\/\/alternatifs81.fr\/index.php?rest_route=\/wp\/v2\/posts\/6423","targetHints":{"allow":["GET"]}}],"collection":[{"href":"https:\/\/alternatifs81.fr\/index.php?rest_route=\/wp\/v2\/posts"}],"about":[{"href":"https:\/\/alternatifs81.fr\/index.php?rest_route=\/wp\/v2\/types\/post"}],"author":[{"embeddable":true,"href":"https:\/\/alternatifs81.fr\/index.php?rest_route=\/wp\/v2\/users\/1"}],"replies":[{"embeddable":true,"href":"https:\/\/alternatifs81.fr\/index.php?rest_route=%2Fwp%2Fv2%2Fcomments&post=6423"}],"version-history":[{"count":0,"href":"https:\/\/alternatifs81.fr\/index.php?rest_route=\/wp\/v2\/posts\/6423\/revisions"}],"wp:attachment":[{"href":"https:\/\/alternatifs81.fr\/index.php?rest_route=%2Fwp%2Fv2%2Fmedia&parent=6423"}],"wp:term":[{"taxonomy":"category","embeddable":true,"href":"https:\/\/alternatifs81.fr\/index.php?rest_route=%2Fwp%2Fv2%2Fcategories&post=6423"},{"taxonomy":"post_tag","embeddable":true,"href":"https:\/\/alternatifs81.fr\/index.php?rest_route=%2Fwp%2Fv2%2Ftags&post=6423"}],"curies":[{"name":"wp","href":"https:\/\/api.w.org\/{rel}","templated":true}]}}