{"id":6416,"date":"2012-10-25T23:49:38","date_gmt":"2012-10-25T22:49:38","guid":{"rendered":"http:\/\/alternatifs81.fr\/?p=6416"},"modified":"2012-10-25T23:49:38","modified_gmt":"2012-10-25T22:49:38","slug":"l%e2%80%99ump-l%e2%80%99a-reve-le-ps-l%e2%80%99a-fait","status":"publish","type":"post","link":"https:\/\/alternatifs81.fr\/?p=6416","title":{"rendered":"L\u2019UMP l\u2019a r\u00eav\u00e9, le PS l\u2019a fait !"},"content":{"rendered":"<h3 style=\"text-align: justify;\"><span style=\"color: #808000;\">L\u2019UMP l\u2019a r\u00eav\u00e9, le PS l\u2019a fait ! <\/span><\/h3>\n<h3 style=\"text-align: justify;\"><span style=\"color: #0000ff;\">COMMUNIQU\u00c9 DU S.M.G. DU 25\/10\/2012 (1)<\/span><\/h3>\n<h3 style=\"text-align: justify;\"><a href=\"http:\/\/alternatifs81.fr\/wp-content\/uploads\/sante-soins-mutuelles-L-1-300x2231.png\" rel=\"lightbox[6416]\"><img loading=\"lazy\" decoding=\"async\" class=\"alignleft size-full wp-image-6417\" style=\"margin: 11px;\" title=\"sante-soins-mutuelles-L-1-300x223\" src=\"http:\/\/alternatifs81.fr\/wp-content\/uploads\/sante-soins-mutuelles-L-1-300x2231.png\" alt=\"\" width=\"240\" height=\"178\" \/><\/a>\u00a0Ainsi donc, un accord est trouv\u00e9 entre les m\u00e9decins sp\u00e9cialistes d&rsquo;organes et la Caisse nationale d&rsquo;assurance maladie. Il ent\u00e9rine une m\u00e9decine \u00e0 deux vitesses.<\/h3>\n<h3 style=\"text-align: justify;\">Le gouvernement capitule et accepte un prix de consultation et d&rsquo;actes (interventions&#8230;) chez les sp\u00e9cialistes de secteur 2 (40% des sp\u00e9cialistes) \u00e0 2,5 fois la base du tarif remboursable (pour une consultation : 70\u20ac au lieu de 28 euros). Pour faire croire que c&rsquo;est un accord de progr\u00e8s, la CNAM propose un \u00ab\u00a0contrat d\u2019acc\u00e8s aux soins\u00a0\u00bb pour les m\u00e9decins qui, en<!--more-->\u00a0\u00e9change d&rsquo;une prise en charge de leurs cotisations sociales, accepteraient de ne pas faire de d\u00e9passement pour les b\u00e9n\u00e9ficiaires de \u00ab\u00a0l&rsquo;acc\u00e8s \u00e0 la compl\u00e9mentaire sant\u00e9\u00a0\u00bb et de ne faire payer que le double du prix des actes aux autres !!!!<\/h3>\n<h3 style=\"text-align: justify;\">Les consultations, au del\u00e0 de 70 \u20ac, ne seront consid\u00e9r\u00e9es comme abusives que si elles sont r\u00e9p\u00e9titives. De plus, de nombreux crit\u00e8res sp\u00e9cifiques sont pr\u00e9vus pour analyser le caract\u00e8re abusif. De toute fa\u00e7on, ce sont les m\u00e9decins qui jugeront les autres m\u00e9decins, au sein d&rsquo;une proc\u00e9dure si compliqu\u00e9e que l&rsquo;on peut, sans risque, parier aujourd&rsquo;hui que les sanctions ne tomberont qu&rsquo;aux calendes grecques.<\/h3>\n<h3 style=\"text-align: justify;\">Et pour arracher l&rsquo;accord des m\u00e9decins g\u00e9n\u00e9ralistes (2), ceux-ci auront des clopinettes et un \u00ab\u00a0forfait m\u00e9decin traitant \u00a0\u00bb de 5 \u20ac. On n&rsquo;est m\u00eame pas \u00e0 la hauteur du \u00ab\u00a0forfait m\u00e9decin r\u00e9f\u00e9rent\u00a0\u00bb qui avait \u00e9t\u00e9 supprim\u00e9 sous la droite, sous la pression des syndicats de sp\u00e9cialistes, alors qu&rsquo;il r\u00e9alisait un autre mode de r\u00e9mun\u00e9ration des m\u00e9decins que le paiement \u00e0 l&rsquo;acte, ce qui serait une mesure urgente pour reconna\u00eetre le r\u00f4le de coordination et de pr\u00e9vention des m\u00e9decins de premier recours.<\/h3>\n<h3 style=\"text-align: justify;\"><span style=\"color: #808000;\">Cet accord est un affront aux valeurs de la m\u00e9decine.<\/span><\/h3>\n<h3 style=\"text-align: justify;\">Le governement se gargarise avec le mot justice, mais il accepte un accord qui confirme un syst\u00e8me qui r\u00e9alise l&rsquo;exclusion des soins. Il a tout fait pour que le d\u00e9bat ne sorte pas du huis clos entre m\u00e9decins, direction de l&rsquo;assurance maladie et compl\u00e9mentaires sant\u00e9. A quoi et \u00e0 qui sert alors d&rsquo;avoir une majorit\u00e9 parlementaire de gauche?<\/h3>\n<h3 style=\"text-align: justify;\"><span style=\"color: #808000;\">Nous exigeons que la question des d\u00e9passements d&rsquo;honoraires fasse l&rsquo;objet d&rsquo;un d\u00e9bat public\u00a0<\/span><\/h3>\n<h3 style=\"text-align: justify;\"><span style=\"color: #808000;\">Nous exigeons une refonte compl\u00e8te des modes de r\u00e9mun\u00e9rations des m\u00e9decins<\/span><\/h3>\n<h3 style=\"text-align: justify;\"><span style=\"color: #808000;\">Nous exigeons, \u00e0 l&rsquo;heure o\u00f9 le gouvernement demande des sacrifices au pays, que les d\u00e9passements d&rsquo;honoraires soient abolis<\/span><\/h3>\n<p><em><strong><br \/>\n<\/strong><\/em><\/p>\n<p style=\"text-align: justify;\"><em><span style=\"color: #008000;\">(1) Le Syndicat de la M\u00e9decine G\u00e9n\u00e9rale (S.M.G.) est un syndicat regroupant des g\u00e9n\u00e9ralistes de gauche (dont les adh\u00e9rents des Alternatifs). Il a \u00e9t\u00e9 fond\u00e9 en 1975. Sa charte, red\u00e9finie en 1986, regroupe les m\u00e9decins g\u00e9n\u00e9ralistes du SMG autour de quatre points essentiels :<\/span><\/em><\/p>\n<p><em><span style=\"color: #008000;\">&#8211; rechercher et faire valoir les causes v\u00e9ritables des maladies,<br \/>\n&#8211; imposer une formation des soignants adapt\u00e9e aux besoins,<br \/>\n&#8211; prendre en consid\u00e9ration la transformation des conditions de travail des m\u00e9decins,<br \/>\n&#8211; s\u2019opposer \u00e0 l\u2019emprise du profit sur la m\u00e9decine, \u00eatre responsable devant la collectivit\u00e9<\/span>.<\/em><\/p>\n<p><em><span style=\"color: #008000;\">(2) Le S.M.G. \u00e9voque les g\u00e9n\u00e9ralistes mais il est \u00e9vident qu&rsquo;il n&rsquo;a pas ratifi\u00e9 l&rsquo;accord (il n&rsquo;\u00e9tait pas invit\u00e9 de toute fa\u00e7on) <\/span><\/em><\/p>\n<h3><em><span style=\"color: #808000;\">Vous pouvez t\u00e9l\u00e9charger ce communiqu\u00e9 en .pdf \u00e0 l\u2019adresse :<\/span><\/em><\/h3>\n<h3><a href=\"http:\/\/www.smg-pratiques.info\/Communique-L-UMP-l-a-reve-le-PS-l.html\" target=\"_blank\">http:\/\/www.smg-pratiques.info\/Communique-L-UMP-l-a-reve-le-PS-l.html<\/a><\/h3>\n<gcse:search><\/gcse:search>","protected":false},"excerpt":{"rendered":"<p>L\u2019UMP l\u2019a r\u00eav\u00e9, le PS l\u2019a fait ! COMMUNIQU\u00c9 DU S.M.G. DU 25\/10\/2012 (1) \u00a0Ainsi donc, un accord est trouv\u00e9 entre les m\u00e9decins sp\u00e9cialistes d&rsquo;organes et la Caisse nationale d&rsquo;assurance maladie. Il ent\u00e9rine une m\u00e9decine \u00e0 deux vitesses. Le gouvernement capitule et accepte un prix de consultation et d&rsquo;actes (interventions&#8230;) chez les sp\u00e9cialistes de secteur [&hellip;]<\/p>\n","protected":false},"author":1,"featured_media":0,"comment_status":"open","ping_status":"closed","sticky":false,"template":"","format":"standard","meta":{"footnotes":""},"categories":[9,244,164,193],"tags":[23,402,66],"class_list":["post-6416","post","type-post","status-publish","format-standard","hentry","category-communiques","category-point-de-vue","category-sante","category-social","tag-luttes","tag-sante","tag-services-publics"],"_links":{"self":[{"href":"https:\/\/alternatifs81.fr\/index.php?rest_route=\/wp\/v2\/posts\/6416","targetHints":{"allow":["GET"]}}],"collection":[{"href":"https:\/\/alternatifs81.fr\/index.php?rest_route=\/wp\/v2\/posts"}],"about":[{"href":"https:\/\/alternatifs81.fr\/index.php?rest_route=\/wp\/v2\/types\/post"}],"author":[{"embeddable":true,"href":"https:\/\/alternatifs81.fr\/index.php?rest_route=\/wp\/v2\/users\/1"}],"replies":[{"embeddable":true,"href":"https:\/\/alternatifs81.fr\/index.php?rest_route=%2Fwp%2Fv2%2Fcomments&post=6416"}],"version-history":[{"count":0,"href":"https:\/\/alternatifs81.fr\/index.php?rest_route=\/wp\/v2\/posts\/6416\/revisions"}],"wp:attachment":[{"href":"https:\/\/alternatifs81.fr\/index.php?rest_route=%2Fwp%2Fv2%2Fmedia&parent=6416"}],"wp:term":[{"taxonomy":"category","embeddable":true,"href":"https:\/\/alternatifs81.fr\/index.php?rest_route=%2Fwp%2Fv2%2Fcategories&post=6416"},{"taxonomy":"post_tag","embeddable":true,"href":"https:\/\/alternatifs81.fr\/index.php?rest_route=%2Fwp%2Fv2%2Ftags&post=6416"}],"curies":[{"name":"wp","href":"https:\/\/api.w.org\/{rel}","templated":true}]}}