{"id":6390,"date":"2012-10-25T14:23:00","date_gmt":"2012-10-25T13:23:00","guid":{"rendered":"http:\/\/alternatifs81.fr\/?p=6390"},"modified":"2012-12-22T00:24:32","modified_gmt":"2012-12-21T23:24:32","slug":"menaces-sur-lagora","status":"publish","type":"post","link":"https:\/\/alternatifs81.fr\/?p=6390","title":{"rendered":"Menaces sur l&rsquo;AGORA"},"content":{"rendered":"<h2 style=\"text-align: justify;\"><span style=\"color: #008000;\"><a href=\"http:\/\/alternatifs81.fr\/wp-content\/uploads\/menacesurlagora.jpg\" rel=\"lightbox[6390]\"><img loading=\"lazy\" decoding=\"async\" class=\"alignleft size-medium wp-image-6391\" title=\"menacesurlagora\" src=\"http:\/\/alternatifs81.fr\/wp-content\/uploads\/menacesurlagora-202x300.jpg\" alt=\"\" width=\"202\" height=\"300\" srcset=\"https:\/\/alternatifs81.fr\/wp-content\/uploads\/menacesurlagora-202x300.jpg 202w, https:\/\/alternatifs81.fr\/wp-content\/uploads\/menacesurlagora.jpg 285w\" sizes=\"auto, (max-width: 202px) 100vw, 202px\" \/><\/a>Face \u00e0 la multiplication des interdictions de tracter et p\u00e9titionner sur les march\u00e9s<\/span><\/h2>\n<h3 style=\"text-align: justify;\"><a title=\"JIHO 2012 - Interdiction de distribuer des tracts\" rel=\"colorbox-1\" href=\"http:\/\/www.netoyens.info\/public\/illustration-articles\/yy\/menacesurlagora.jpg\">\u00a0<\/a><span style=\"color: #808000;\"><em>Depuis le d\u00e9but de l\u2019ann\u00e9e 2012, de plus en plus de maires, pour la plupart UMP [<\/em><\/span><a id=\"rev-pnote-1\" href=\"http:\/\/www.netoyens.info\/index.php\/contrib\/24\/10\/2012\/menace-sur-l-agora#pnote-1\"><span style=\"color: #808000;\"><em>1<\/em><\/span><\/a><span style=\"color: #808000;\"><em>], se permettent d\u2019interdire totalement la distribution de tracts et p\u00e9titions sur les march\u00e9s.<\/em><\/span><\/h3>\n<h3 style=\"text-align: justify;\">Au lieu de les stopper net dans cet abus de pouvoir, le Conseil d\u2019\u00c9tat a rendu le 17 avril une ordonnance surprenante (<a title=\"Conseil d'\u00c9tat -N\u00b0 358495-ECLI:FR:CEORD:2012:358495.20120417\" href=\"http:\/\/www.conseil-etat.fr\/fr\/base-de-jurisprudence\/\" target=\"_blank\">req. n\u00b0358495<\/a>) [<a id=\"rev-pnote-2\" href=\"http:\/\/www.netoyens.info\/index.php\/contrib\/24\/10\/2012\/menace-sur-l-agora#pnote-2\">2<\/a>] consid\u00e9rant que cela \u00ab\u00a0ne porte pas gravement atteinte aux libert\u00e9s d\u2019expression et de communication\u00a0\u00bb. Pourtant, ce serait r\u00e9duire les march\u00e9s \u00e0 la seule consommation. Alors qu\u2019ils sont \u00e9galement, depuis l\u2019agora antique, des lieux de d\u00e9bat public, d\u2019\u00e9change d\u2019informations et d\u2019expression des contre-pouvoirs qu\u2019ils soient politiques, syndicaux, associatifs\u2026<\/h3>\n<h3 style=\"text-align: justify;\">Suite \u00e0 cette ordonnance, les modifications de r\u00e8glement des march\u00e9s et les arr\u00eat\u00e9s municipaux ne cessent de se multiplier et menacent de s\u2019\u00e9tendre gr\u00e2ce \u00e0 la jurisprudence.<\/h3>\n<h3 style=\"text-align: justify;\">C\u2019est pourquoi, par-del\u00e0 nos diff\u00e9rences, nous demandons instamment une modification de la l\u00e9gislation pour rendre caduque cette ordonnance contraire \u00e0 la libre circulation des opinions et des informations et, par cons\u00e9quent \u00e0 l\u2019id\u00e9e m\u00eame de d\u00e9mocratie, quelle qu\u2019en soit notre conception.<\/h3>\n<h3 style=\"text-align: justify;\">Faute de quoi, toute poursuite abusive contre des distributeurs de tracts ou de p\u00e9titions sera d\u00e9nonc\u00e9e, port\u00e9e devant le Conseil Constitutionnel et, si n\u00e9cessaire, la Cour Europ\u00e9enne des Droits de l\u2019Homme.<\/h3>\n<h3 style=\"text-align: justify;\">Nous appelons dans toutes les communes les populations \u00e0 \u00eatre vigilantes et \u00e0 ne pas accepter cette confiscation du pouvoir de s\u2019exprimer librement et de s\u2019informer mutuellement.<\/h3>\n<p>\u00a0<\/p>\n<h3 style=\"text-align: center;\"><a title=\"Signez\" href=\"http:\/\/portail.netoyens.info\/menacesurlagora\/index.php?petition=4&amp;signe=oui\" target=\"_blank\"><em><img decoding=\"async\" class=\"aligncenter\" src=\"http:\/\/data6.blog.de\/media\/346\/4033346_063335f3fe_s.jpeg\" alt=\"Signez\" \/><\/em><\/a><\/h3>\n<h3 style=\"text-align: justify;\"><span style=\"color: #0000ff;\"><span style=\"text-decoration: underline;\">Premiers signataires :<!--more--><\/span>\u00a0<\/span><\/h3>\n<h3 style=\"text-align: justify;\"><em><span style=\"color: #0000ff;\">Paul ARI\u00c8S (r\u00e9dac-chef de La vie est \u00e0 nous ! Le Sarkophage), AUREL (dessinateur), Bernard BARTHUET (retrait\u00e9, Parti de Gauche), Miguel BENASAYAG (philosophe, psychanalyse), BERTH (dessinateur), Fabrice BETIGNI (mara\u00eecher bio, objecteur de croissance), BEZIAN (dessinateur), Jean-Jacques BOISLARROUSSIE (porte-parole des Alternatifs), S\u00e9bastien BOISTEL (journaliste au Ravi), Jean BOURDONCLE (formateur, animateur de m\u00e9dias d\u2019information participatifs), Carole BOUTET (professeur de philosophie), Jean-Pierre BOUYXOU (\u00e9crivain), Carlos BRITO (dessinateur), Jean-Marie BROHM (professeur \u00e9m\u00e9rite des Universit\u00e9s), Dany BRUET (animateur de caf\u00e9s-citoyens), Michel CAMBON (dessinateur), Etienne CHOUARD (site du Plan C, pour une Constitution d\u2019origine Citoyenne), V\u00e9ronique CLARYSSE (professeur de philosophie, Front de Gauche), Pierre CONCIALDI (\u00e9conomiste, chroniqueur \u00e0 Sin\u00e9-Mensuel), Eric COQUEREL (secr\u00e9taire national du Parti de Gauche, Conseiller R\u00e9gional Ile-de-France), Bernard COTTAZ-CORDIER (Bureau national du Parti de Gauche), Annick COUP\u00c9 (porte-parole de l\u2019Union syndicale Solidaires), Veronika DAAE (Les Alternatifs), Bernard DAUPHIN\u00c9 (Sud-\u00c9ducation-Solidaires, Front de Gauche), Michel DAVID (Comit\u00e9 national de la Conf\u00e9d\u00e9ration Paysanne), Benoit DELEPINE (com\u00e9dien, cin\u00e9aste, citoyen grolandais), DELIGNE (dessinateur), Christian DEMEAUTIS (militant syndical, associatif et humaniste), Ana DUMITRESCU (r\u00e9alisatrice), Alexandre DUMONT (militant de la F\u00e9d\u00e9ration Anarchiste), Jean-Michel EECKHOUTTE (fonctionnaire territorial, Parti Socialiste), G\u00e9rard FABRE (co-animateur de l\u2019AAEL et de l\u2019Imprimerie 34), Anne-Marie FAUCON (Cin\u00e9mas Utopia), FAUJOUR (dessinateur), Caryl FEREY (auteur), D\u00e9lia FERNANDEZ (co-animatrice du mouvement des Indign\u00e9s), Yann FIEVET (objecteur de croissance, pr\u00e9sident de Toulemondilaibio), Sandrine FIGUI\u00c9 (conseill\u00e8re municipale de Martigues, Front de Gauche), G\u00e9rard FILOCHE (Conseil National du Parti Socialiste), Roland FOISSAC (Vice-Pr\u00e9sident du Conseil G\u00e9n\u00e9ral du Tarn, PCF-FdG), Fr\u00e9d\u00e9ric FONT (Conseil national de la R\u00e9sistance Midi-Pyr\u00e9n\u00e9es), V\u00e9ronique GALLAIS (socio\u00e9conomiste, Conseil Scientifique d\u2019Attac), Nicole GARROUSTE (professeur de Lettres), Fred GAUTHERON (militant de la F\u00e9d\u00e9ration Anarchiste et de Sud Education), Susan GEORGE (\u00e9crivain), Farid GHEHIOU\u00c8CHE (animateur du collectif Cannabis Sans Fronti\u00e8res), Sergio GHIRARDI (\u00e9crivain), Claire GROVER (conseill\u00e8re EELV du 2\u00e8me arr. de Paris), Noel GODIN (entarteur), Cyril GONTIER (chanteur), Gunter GORHAN (co-cr\u00e9ateur du mouvement des caf\u00e9s-philo), Guillaume de GRACIA (Docteur en Anthropologie, Alternative Libertaire), Michel GROSSIN (libraire, Parti de Gauche), Maud GUENFOUD-YOULOUNTAS (charg\u00e9e de production artistique), Philippe GU\u00c9RINEAU (conseiller municipal de Castres, Front de Gauche), Christine GUMINSKI (Attac), Eric HAZAN (\u00e9diteur), Christine HUDIN (\u00e9ditrice), Raoul Marc JENNAR (essayiste), JIHO (dessinateur), Eric JOUSSE (co-fondateur de netoyens.info), KACI (sculpteur), Herv\u00e9 KEMPF (journaliste, \u00e9crivain), Laurent KLAJNBAUM (responsable national de la communication du PCF), Christian LABORDE (citoyen), Andr\u00e9 LANGANEY (g\u00e9n\u00e9ticien), Bernard LANGLOIS (journaliste, fondateur de Politis), Marie LAPIERRE (viticultrice, chercheuse en Morgon), H\u00e9l\u00e8ne LE CACHEUX (Bureau national du Parti de Gauche), Dominique LESTRAT (\u00e9ducateur retrait\u00e9, militant de F\u00e9d\u00e9ration Anarchiste), Etienne LIEBIG (\u00e9crivain, chroniqueur), Vincent LUCAS (photographe, facteur d&rsquo;images), Dimitri MAKRYGIANNIS (artisan, Front de Gauche), Nicolas MAIGNE (sociologue, \u00e9cologiste), Michel MALACARNET (Cin\u00e9mas Utopia), Xavier MARCHAND (enseignant, CGT, Front de Gauche), St\u00e9phane MERCURIO (r\u00e9alisatrice), Daniel MERMET (journaliste, producteur d\u00e9l\u00e9gu\u00e9 \u00e0 France Inter), Patrick MIGNARD (universitaire, \u00e9crivain), MINGA (informaticien, chansonnier), G\u00e9rard MORDILLAT (\u00e9crivain, cin\u00e9aste), Ren\u00e9 PAG\u00c8S (Attac, Comit\u00e9 Palestine), Gustave PARKING (artiste tr\u00e8s ind\u00e9pendant), Fran\u00e7ois PECQUEUR (Le Point de Bascule, lieu culturel et citoyen \u00e0 Marseille), Muriel PELCA (musicienne), Evelyne PERRIN (militante associative, Conseil Scientifique d\u2019Attac), Serge PEY (\u00e9crivain, po\u00e8te), Pascal POLISSET (instituteur, \u00e9crivain, Parti de Gauche), Jean-Bernard POUY (auteur Bakouninien), Pierre RAHBI (philosophe, expert international en agro-\u00e9cologie), Jean-Marc RAYNAUD (\u00e9diteur, \u00e9crivain), Jean-Jacques REBOUX (\u00e9crivain), Xavier RENOU (Les d\u00e9sob\u00e9issants), Benoist REY (cuisinier, \u00e9crivain libertaire), ROUSSO (dessinateur), Jean-Jacques RUE (animateur et chroniqueur cin\u00e9ma), Fran\u00e7ois RUFFIN (reporter), Philippe SAVALLE (membre de l\u2019organisation du Rassemblement des Gli\u00e8res, CRHA), SIN\u00c9 (dessinateur, fondateur de Sin\u00e9-Mensuel), Eric SIRVIN (animateur de caf\u00e9-philo), Michel SITBON (\u00e9diteur), Vicky SKOUMBI (r\u00e9dac-chef de la revue grecque Alitheia), Alice TABART (metteur en sc\u00e8ne), TIGNOUS (dessinateur), Dominique TRICAUD (avocat), Aur\u00e9lie TROUV\u00c9 (copr\u00e9sidente d\u2019Attac), Serge UTG\u00c9-ROYO (chanteur), G\u00e9rard VALLEREY (militant libertaire), Thierry VINCENTE (journaliste), Yannis YOULOUNTAS (\u00e9crivain) <\/span><\/em><\/h3>\n<h3 style=\"text-align: justify;\"><em><span style=\"color: #008000;\">Pierre TARTAKOWSKY (pr\u00e9sident de la Ligue des Droits de l&rsquo;Homme), Bernard STIEGLER (philosophe), Martine BILLARD (copr\u00e9sidente du Parti de Gauche), Fran\u00e7ois SIMON (Vice-Pr\u00e9sident du Conseil R\u00e9gional Midi-Pyr\u00e9n\u00e9es, EELV), Christian SUNT (objecteur de croissance, \u00e9colo-libertaire), Serge QUADRUPPANI (\u00e9crivain, traducteur), LINDINGRE (dessinateur), Ivan MORANE (metteur-en-sc\u00e8ne, com\u00e9dien), Patrick BRAOUEZEC (Pr\u00e9sident de Paris M\u00e9tropole et de la Fondation du Football, FASE-FdG), Michel HUSSON (\u00e9conomiste), Jacqueline FRAYSSE (D\u00e9put\u00e9e des Hauts-de-Seine, FASE-FdG), Jean-Paul BESSET (d\u00e9put\u00e9 Vert europ\u00e9en), Francis TUJAGUE (Maire et conseiller g\u00e9n\u00e9ral PCF de Contes), Martine VAN WOERKENS (ethnologue), Roshdi RASHED (math\u00e9maticien et historien), Danielle SIMONNET (secr\u00e9taire nationale du Parti de Gauche), Thomas COUDERETTE (Coop\u00e9rative du mouvement des objecteurs de croissance), C\u00e9line MENESES (secr\u00e9taire internationale aux questions europ\u00e9ennes du Parti de Gauche), Eric SARNER (\u00e9crivain, r\u00e9alisateur), J\u00e9r\u00f4me GLEIZES (conseil national EELV), Guilh\u00e8m LATRUBESSE (Partit occitan &#8211; tolosa), Jovan ZLIVAK (\u00e9crivain), Corinne MOREL-DARLEUX (secr\u00e9taire nationale du Parti de Gauche), Martine BOUDET (membre du Conseil Scientifique d&rsquo;Attac), J\u00e9r\u00f4me VALLUY (sociologue), Sylvie BARBE (pr\u00e9sidente du collectif CHEYEN), Marie-th\u00e9r\u00e8se TAILLEFER (Association pour l&rsquo;Art et l&rsquo;Expression Libres, AAEL), Henri MALER (fondateur et co-animateur d&rsquo;ACRIMED), Alain-gilles BASTIDE (auteur, photo-reporter, journaliste ind\u00e9pendant), Jef PELLISSIER (Conseiller r\u00e9gional idf, ex\u00e9cutif des Alternatifs), Nicolas ROM\u00c9AS (fondateur de la revue Cassandre\/horschamp), Franck RAYNAL (Dessinateur), Genevi\u00e8ve AZAM (\u00e9conomiste, membre du Conseil Scientifique d&rsquo;Attac), Michel LEPESANT (Mouvement des Objecteurs de Croissance, MOC), Fran\u00e7oise ALAMARTINE (bureau national d&rsquo;EELV), Andr\u00e9 BELLON (Ancien pr\u00e9sident de la commission des affaires \u00e9trang\u00e8res), Vanik BERBERIAN (pr\u00e9sident de l&rsquo;association des maires ruraux de France, membre du MODEM), Jean-marc L\u00c9VY-LEBLOND (Professeur \u00e9m\u00e9rite de l&rsquo;universit\u00e9 de nice), Claude KAISER (maire-adjoint de M\u00e9nil-La-Horgne, NPA), Fran\u00e7ois DELAPIERRE (secr\u00e9taire national du Parti de Gauche), Yannick KERGOAT (r\u00e9alisateur, ACRIMED), Gaby CHARROUX (d\u00e9put\u00e9-maire de Martigues, PCF), Christian PIERREL (Porte-parole national du parti communiste des ouvriers de france, pcof), Emilienne POUMIROL (d\u00e9put\u00e9e de la 10\u00b0 circ. de la Haute-Garonne, qui inclut Castanet et Revel deux communes concern\u00e9es, Parti Socialiste), Linda GOURJADE (d\u00e9put\u00e9e de la 3\u00b0 circ. du Tarn, Parti Socialiste), Helene LIPIETZ\u00a0 (S\u00e9natrice), <\/span><\/em><\/h3>\n<h3 style=\"text-align: justify;\">&#8230; &#8230;<\/h3>\n<p><a href=\"http:\/\/portail.netoyens.info\/menacesurlagora\/index.php?petition=4&amp;signe=oui\" target=\"_blank\">Je signe l&rsquo;appel<\/a> &#8211; <a href=\"http:\/\/portail.netoyens.info\/menacesurlagora\/index.php?petition=4&amp;pour_voir=oui\" target=\"_blank\">Voir les signataires<\/a> (110)<\/p>\n<p><a title=\"Menace sur l'Agora : P\u00e9tition papier pdf\" href=\"http:\/\/portail.netoyens.info\/menacesurlagora\/images\/01-PETITION_PAPIER_menacesurlagora.pdf\" target=\"_blank\">T\u00e9l\u00e9charger la p\u00e9tition imprimable<\/a><\/p>\n<gcse:search><\/gcse:search>","protected":false},"excerpt":{"rendered":"<p>Face \u00e0 la multiplication des interdictions de tracter et p\u00e9titionner sur les march\u00e9s \u00a0Depuis le d\u00e9but de l\u2019ann\u00e9e 2012, de plus en plus de maires, pour la plupart UMP [1], se permettent d\u2019interdire totalement la distribution de tracts et p\u00e9titions sur les march\u00e9s. Au lieu de les stopper net dans cet abus de pouvoir, le [&hellip;]<\/p>\n","protected":false},"author":1,"featured_media":0,"comment_status":"open","ping_status":"closed","sticky":false,"template":"","format":"standard","meta":{"footnotes":""},"categories":[217,173,244],"tags":[46,103,23],"class_list":["post-6390","post","type-post","status-publish","format-standard","hentry","category-libertes","category-no-pasaran","category-point-de-vue","tag-continuer","tag-demarche-citoyenne","tag-luttes"],"_links":{"self":[{"href":"https:\/\/alternatifs81.fr\/index.php?rest_route=\/wp\/v2\/posts\/6390","targetHints":{"allow":["GET"]}}],"collection":[{"href":"https:\/\/alternatifs81.fr\/index.php?rest_route=\/wp\/v2\/posts"}],"about":[{"href":"https:\/\/alternatifs81.fr\/index.php?rest_route=\/wp\/v2\/types\/post"}],"author":[{"embeddable":true,"href":"https:\/\/alternatifs81.fr\/index.php?rest_route=\/wp\/v2\/users\/1"}],"replies":[{"embeddable":true,"href":"https:\/\/alternatifs81.fr\/index.php?rest_route=%2Fwp%2Fv2%2Fcomments&post=6390"}],"version-history":[{"count":0,"href":"https:\/\/alternatifs81.fr\/index.php?rest_route=\/wp\/v2\/posts\/6390\/revisions"}],"wp:attachment":[{"href":"https:\/\/alternatifs81.fr\/index.php?rest_route=%2Fwp%2Fv2%2Fmedia&parent=6390"}],"wp:term":[{"taxonomy":"category","embeddable":true,"href":"https:\/\/alternatifs81.fr\/index.php?rest_route=%2Fwp%2Fv2%2Fcategories&post=6390"},{"taxonomy":"post_tag","embeddable":true,"href":"https:\/\/alternatifs81.fr\/index.php?rest_route=%2Fwp%2Fv2%2Ftags&post=6390"}],"curies":[{"name":"wp","href":"https:\/\/api.w.org\/{rel}","templated":true}]}}