{"id":6384,"date":"2012-10-23T14:25:54","date_gmt":"2012-10-23T13:25:54","guid":{"rendered":"http:\/\/alternatifs81.fr\/?p=6384"},"modified":"2012-10-23T14:25:54","modified_gmt":"2012-10-23T13:25:54","slug":"contre-tous-les-deserts-sanitaires","status":"publish","type":"post","link":"https:\/\/alternatifs81.fr\/?p=6384","title":{"rendered":"Contre tous les d\u00e9serts sanitaires"},"content":{"rendered":"<h3 style=\"text-align: justify;\"><span style=\"color: #008000;\"><em>Communiqu\u00e9 de la Coordination Nationale de D\u00e9fense des H\u00f4pitaux et Maternit\u00e9s de Proximit\u00e9 et Lettre au Pr\u00e9sident de la R\u00e9publique<\/em> <\/span><\/h3>\n<h3 style=\"text-align: justify;\"><a href=\"http:\/\/alternatifs81.fr\/wp-content\/uploads\/002901c87475-4f06cae0-6502a8c0.jpg\" rel=\"lightbox[6384]\"><img loading=\"lazy\" decoding=\"async\" class=\"alignleft size-medium wp-image-6386\" style=\"margin: 11px;\" title=\"002901c87475-4f06cae0-6502a8c0\" src=\"http:\/\/alternatifs81.fr\/wp-content\/uploads\/002901c87475-4f06cae0-6502a8c0-278x300.jpg\" alt=\"\" width=\"250\" height=\"270\" srcset=\"https:\/\/alternatifs81.fr\/wp-content\/uploads\/002901c87475-4f06cae0-6502a8c0-278x300.jpg 278w, https:\/\/alternatifs81.fr\/wp-content\/uploads\/002901c87475-4f06cae0-6502a8c0.jpg 283w\" sizes=\"auto, (max-width: 250px) 100vw, 250px\" \/><\/a>Quand l\u2019\u00e9loignement des maternit\u00e9s est peut \u00eatre une des causes du d\u00e9c\u00e8s d\u2019un nouveau-n\u00e9 sur la route, les membres de la CN-Coordination Nationale des Comit\u00e9s de D\u00e9fense des H\u00f4pitaux et Maternit\u00e9s de Proximit\u00e9 ont d&rsquo;abord une pens\u00e9e \u00e9mue et attrist\u00e9e pour les parents victimes de ce drame. Ils rappellent que ce d\u00e9c\u00e8s illustre malheureusement de fa\u00e7on dramatique la faillite et les manquements de l\u2019organisation territoriale des services publics de sant\u00e9 impos\u00e9e par les Agences R\u00e9gionales de l\u2019Hospitalisation hier et par les Agences R\u00e9gionales de Sant\u00e9 aujourd\u2019hui, au m\u00e9pris des attentes des populations et de leur s\u00e9curit\u00e9.<\/h3>\n<h3 style=\"text-align: justify;\">De 1369 en 1975 le nombre de maternit\u00e9s est pass\u00e9 \u00e0 535 en 2010, sans<!--more-->\u00a0parler des fermetures plus r\u00e9centes : Saint Avold (Meuse), Hayanges (Moselle), Saint-Antoine- Paris, Saint-Vincent de Paul -Paris, L\u00e9onard de Vinci juin (Ile-de-France), Marie-Galante, Vire et La Seyne sur Mer, ni de celles qui sont menac\u00e9es \u00e0 Apt, Mont Saint-Aignan, Le Blanc\u2026 En d\u00e9truisant les 2\/3 de nos maternit\u00e9s, les pouvoirs publics sont responsables de la destruction du maillage sanitaire, solidaire et \u00e9galitaire, de notre territoire.<\/h3>\n<h3 style=\"text-align: justify;\">Sur de nombreux territoires ces fermetures, qu&rsquo;au c\u00f4t\u00e9 des \u00e9lus et des professionnels de sant\u00e9 nous d\u00e9non\u00e7ons depuis de nombreuses ann\u00e9es en qualit\u00e9 d&rsquo;usagers, transgressent le temps de 45 minutes pourtant retenu comme d\u00e9lai de r\u00e9f\u00e9rence en termes de s\u00e9curit\u00e9 pour la femme et l&rsquo;enfant. Ces situations ne peuvent \u00eatre ignor\u00e9es des autorit\u00e9s sanitaires. Elles sont r\u00e9pertori\u00e9es dans plusieurs \u00e9tudes de la DREES dans lesquelles les temps d\u2019acc\u00e8s sont sous-estim\u00e9s du fait du mode de calcul retenu.<\/h3>\n<h3 style=\"text-align: justify;\">Quand des d\u00e9cisions de fermeture de services publics de sant\u00e9, prises hors de tout contr\u00f4le d\u00e9mocratique, ont des cons\u00e9quences d\u2019une telle gravit\u00e9 les membres de la Coordination constatent qu\u2019il y a rupture du pacte r\u00e9publicain et demandent au Pr\u00e9sident de la R\u00e9publique, au Premier Ministre et \u00e0 la Ministre de la Sant\u00e9, au nom de l\u2019\u00e9galit\u00e9 d\u2019acc\u00e8s aux soins pour tous :<\/h3>\n<h3 style=\"text-align: justify;\">\n1\u00b0 de d\u00e9cr\u00e9ter en urgence un arr\u00eat imm\u00e9diat des fermetures de services (maternit\u00e9s, cardiologie, r\u00e9animation, urgences, CIVG, Centres de sant\u00e9, etc.) et d\u2019\u00e9tablissements publics de sant\u00e9.<\/h3>\n<h3 style=\"text-align: justify;\">2\u00b0 d\u2019abolir dans les plus brefs d\u00e9lais les pouvoirs exorbitants des directeurs g\u00e9n\u00e9raux d\u2019Agence R\u00e9gionale de Sant\u00e9 r\u00e9sultant, dans ce domaine, de la loi \u00ab H\u00f4pital, Sant\u00e9, Patients et Territoires \u00bb et de r\u00e9tablir des proc\u00e9dures d\u00e9mocratiques pour la d\u00e9finition de l\u2019organisation territoriale de sant\u00e9.<\/h3>\n<h3 style=\"text-align: justify;\">3\u00b0 de rouvrir des services o\u00f9 c&rsquo;est n\u00e9cessaire en fonction des territoires et des populations concern\u00e9(e)s pour que s&rsquo;applique partout la loi r\u00e9publicaine en raison des sp\u00e9cificit\u00e9s g\u00e9ographiques, du maintien de la continuit\u00e9 des soins et de la s\u00e9curit\u00e9 des personnes (par exemple pour les maternit\u00e9s \u00e0 Marie Galante, La Seyne sur Mer, Lannemezan ou Valr\u00e9as\u2026).<\/h3>\n<h3 style=\"text-align: justify;\">4\u00b0 en finir avec des fusions nocives et r\u00e9ductrices et casser celles qui le souhaitent comme \u00e0 Pertuis ou \u00e0 Creil-Senlis. Mettre en place des r\u00e9seaux et des compl\u00e9mentarit\u00e9s d\u00e9mocratiquement choisi(e)s.<\/h3>\n<h3 style=\"text-align: justify;\">Lure le 23\/10\/2012 &#8211; Pour la CN son pr\u00e9sident Michel ANTONY<\/h3>\n<h3 style=\"text-align: justify;\">Lettre au Pr\u00e9sident de la R\u00e9publique<\/h3>\n<h3 style=\"text-align: justify;\">Objet : D\u00e9sert sanitaire<\/h3>\n<h3 style=\"text-align: justify;\">Monsieur le Pr\u00e9sident,<\/h3>\n<h3 style=\"text-align: justify;\">En fin de la semaine pass\u00e9e une m\u00e8re a accouch\u00e9 dans une voiture sur l\u2019autoroute A20 et a perdu son enfant sans le secours de personnels de sant\u00e9. Sans pr\u00e9juger des r\u00e9sultats de l\u2019enqu\u00eate que vous avez aussit\u00f4t diligent\u00e9e, la Coordination Nationale des Comit\u00e9s de D\u00e9fense des h\u00f4pitaux et Maternit\u00e9s rappelle que, de 1369 en 1975 le nombre de maternit\u00e9s est pass\u00e9 \u00e0 535 en 2010, sans parler des fermetures plus r\u00e9centes : Saint Avold (Meuse), Hayanges (Moselle), Saint-Antoine, Saint-Vincent de Paul et L\u00e9onard de Vinci (Ile-de-France), Marie-Galante (Guadeloupe), Vire (Calvados) et La Seyne-sur-Mer (Var) ni de celles qui sont menac\u00e9es \u00e0 Apt (Vaucluse), Mont Saint-Aignan (Seine maritime), Le Blanc (Indre)\u2026<\/h3>\n<h3 style=\"text-align: justify;\">Sur de nombreux territoires ces fermetures, qu&rsquo;au c\u00f4t\u00e9 des \u00e9lus et des professionnels de sant\u00e9 nous d\u00e9non\u00e7ons depuis de nombreuses ann\u00e9es en qualit\u00e9 d&rsquo;usagers, transgressent le temps de 45 minutes pourtant retenu comme d\u00e9lai de r\u00e9f\u00e9rence en termes de s\u00e9curit\u00e9 pour la femme et l&rsquo;enfant. Ces situations ne peuvent \u00eatre ignor\u00e9es des autorit\u00e9s sanitaires. Elles sont r\u00e9pertori\u00e9es dans plusieurs \u00e9tudes de la DREES dans lesquelles les temps d\u2019acc\u00e8s sont sous-estim\u00e9s du fait du mode de calcul retenu.<\/h3>\n<h3 style=\"text-align: justify;\">Dans le lot, le domicile des parents affect\u00e9s par ce drame est \u00e0 plus d&rsquo;une heure des 4 maternit\u00e9s de niveau 2 aptes \u00e0 traiter un pareil cas. Cette situation r\u00e9sulte de la fermeture en 2009 de celle de Figeac, apr\u00e8s celles de Gourdon et de Saint-C\u00e9r\u00e9. Ces suppressions pourraient ne pas \u00eatre \u00e9trang\u00e8res, parmi toutes les causes possibles, au drame qui vient de se produire.<\/h3>\n<h3 style=\"text-align: justify;\">Dans ces conditions, la Coordination s\u2019\u00e9tonne que l\u2019enqu\u00eate que vous avez ordonn\u00e9e puisse \u00eatre confi\u00e9e \u00e0 l\u2019Agence R\u00e9gionale de Sant\u00e9 de Midi-Pyr\u00e9n\u00e9es, autorit\u00e9 qui a impos\u00e9 cette fermeture (les ARS prolongeant les ARH) et qui pourrait, en l\u2019esp\u00e8ce se retrouver juge et partie.<\/h3>\n<h3 style=\"text-align: justify;\">Quand des d\u00e9cisions de fermeture de services publics de sant\u00e9, prises hors de tout contr\u00f4le d\u00e9mocratique, ont des cons\u00e9quences d\u2019une telle gravit\u00e9 les membres de la Coordination constatent qu\u2019il y a rupture du pacte r\u00e9publicain et vous demande, au nom de l\u2019\u00e9galit\u00e9 d\u2019acc\u00e8s aux soins pour tous :<\/h3>\n<h3 style=\"text-align: justify;\">1\u00b0 de d\u00e9cr\u00e9ter en urgence un arr\u00eat imm\u00e9diat des fermetures de services (maternit\u00e9s, urgences, chirurgie, cardiologie, CIVG, Centres de sant\u00e9, etc.) et d\u2019\u00e9tablissements publics de sant\u00e9.<\/h3>\n<h3 style=\"text-align: justify;\">2\u00b0 d\u2019abolir dans les plus brefs d\u00e9lais les pouvoirs exorbitants des directeurs g\u00e9n\u00e9raux d\u2019Agence R\u00e9gionale de Sant\u00e9 r\u00e9sultant, dans ce domaine, de la loi \u00ab H\u00f4pital, Sant\u00e9, Patients et Territoires \u00bb et de r\u00e9tablir des proc\u00e9dures d\u00e9mocratiques pour la d\u00e9finition de l\u2019organisation territoriale de sant\u00e9.<\/h3>\n<h3 style=\"text-align: justify;\">3\u00b0 de rouvrir des services partout o\u00f9 c&rsquo;est n\u00e9cessaire en fonction des territoires et des populations concern\u00e9es pour que s&rsquo;applique partout la loi r\u00e9publicaine en raison des sp\u00e9cificit\u00e9s g\u00e9ographiques, du maintien de la continuit\u00e9 des soins et la s\u00e9curit\u00e9 des personnes (par exemple \u00e0 Marie Galante, La Seyne sur Mer, Lannemezan ou Valr\u00e9as\u2026).<\/h3>\n<h3 style=\"text-align: justify;\">4\u00b0 en finir avec des fusions nocives et r\u00e9ductrices et casser celles qui le souhaitent comme \u00e0 Pertuis ou Creil-Senlis. Mettre en remplacement des r\u00e9seaux et des compl\u00e9mentarit\u00e9s d\u00e9mocratiquement choisi(e)s<\/h3>\n<h3 style=\"text-align: justify;\">Veuillez agr\u00e9er, Monsieur le Pr\u00e9sident, l\u2019expression de notre consid\u00e9ration distingu\u00e9e.<\/h3>\n<p><em>Lure le 23\/10\/2012<\/em> <strong><span style=\"color: #008000;\">&#8211; Michel ANTONY pr\u00e9sident de la Coordination Nationale<\/span><\/strong><\/p>\n<p style=\"text-align: center;\">\u00a0<a href=\"http:\/\/alternatifs81.fr\/wp-content\/uploads\/AM-Signature2.jpg\" rel=\"lightbox[6384]\"><img loading=\"lazy\" decoding=\"async\" class=\"aligncenter size-full wp-image-6385\" title=\"AM-Signature2\" src=\"http:\/\/alternatifs81.fr\/wp-content\/uploads\/AM-Signature2.jpg\" alt=\"\" width=\"644\" height=\"374\" srcset=\"https:\/\/alternatifs81.fr\/wp-content\/uploads\/AM-Signature2.jpg 644w, https:\/\/alternatifs81.fr\/wp-content\/uploads\/AM-Signature2-300x174.jpg 300w\" sizes=\"auto, (max-width: 644px) 100vw, 644px\" \/><\/a><\/p>\n<p>&#8212;<\/p>\n<gcse:search><\/gcse:search>","protected":false},"excerpt":{"rendered":"<p>Communiqu\u00e9 de la Coordination Nationale de D\u00e9fense des H\u00f4pitaux et Maternit\u00e9s de Proximit\u00e9 et Lettre au Pr\u00e9sident de la R\u00e9publique Quand l\u2019\u00e9loignement des maternit\u00e9s est peut \u00eatre une des causes du d\u00e9c\u00e8s d\u2019un nouveau-n\u00e9 sur la route, les membres de la CN-Coordination Nationale des Comit\u00e9s de D\u00e9fense des H\u00f4pitaux et Maternit\u00e9s de Proximit\u00e9 ont d&rsquo;abord [&hellip;]<\/p>\n","protected":false},"author":1,"featured_media":0,"comment_status":"open","ping_status":"closed","sticky":false,"template":"","format":"standard","meta":{"footnotes":""},"categories":[9,164,180],"tags":[103,23,297],"class_list":["post-6384","post","type-post","status-publish","format-standard","hentry","category-communiques","category-sante","category-services-publics-2","tag-demarche-citoyenne","tag-luttes","tag-services-publics-de-proximite"],"_links":{"self":[{"href":"https:\/\/alternatifs81.fr\/index.php?rest_route=\/wp\/v2\/posts\/6384","targetHints":{"allow":["GET"]}}],"collection":[{"href":"https:\/\/alternatifs81.fr\/index.php?rest_route=\/wp\/v2\/posts"}],"about":[{"href":"https:\/\/alternatifs81.fr\/index.php?rest_route=\/wp\/v2\/types\/post"}],"author":[{"embeddable":true,"href":"https:\/\/alternatifs81.fr\/index.php?rest_route=\/wp\/v2\/users\/1"}],"replies":[{"embeddable":true,"href":"https:\/\/alternatifs81.fr\/index.php?rest_route=%2Fwp%2Fv2%2Fcomments&post=6384"}],"version-history":[{"count":0,"href":"https:\/\/alternatifs81.fr\/index.php?rest_route=\/wp\/v2\/posts\/6384\/revisions"}],"wp:attachment":[{"href":"https:\/\/alternatifs81.fr\/index.php?rest_route=%2Fwp%2Fv2%2Fmedia&parent=6384"}],"wp:term":[{"taxonomy":"category","embeddable":true,"href":"https:\/\/alternatifs81.fr\/index.php?rest_route=%2Fwp%2Fv2%2Fcategories&post=6384"},{"taxonomy":"post_tag","embeddable":true,"href":"https:\/\/alternatifs81.fr\/index.php?rest_route=%2Fwp%2Fv2%2Ftags&post=6384"}],"curies":[{"name":"wp","href":"https:\/\/api.w.org\/{rel}","templated":true}]}}