{"id":6257,"date":"2012-10-12T13:40:23","date_gmt":"2012-10-12T12:40:23","guid":{"rendered":"http:\/\/alternatifs81.fr\/?p=6257"},"modified":"2012-10-20T22:06:38","modified_gmt":"2012-10-20T21:06:38","slug":"un-texte-de-philippe-zarifian-sur-travail-et-sante","status":"publish","type":"post","link":"https:\/\/alternatifs81.fr\/?p=6257","title":{"rendered":"Un texte de Philippe ZARIFIAN sur \u00ab\u00a0TRAVAIL et SANTE\u00a0\u00bb"},"content":{"rendered":"<div style=\"text-align: justify;\"><span style=\"color: #008000;\"><em><a href=\"http:\/\/alternatifs81.fr\/wp-content\/uploads\/Prise-do.jpg\" rel=\"lightbox[6257]\"><img loading=\"lazy\" decoding=\"async\" class=\"alignleft size-medium wp-image-6333\" style=\"margin: 12px;\" title=\"Prise-d'o\" src=\"http:\/\/alternatifs81.fr\/wp-content\/uploads\/Prise-do-256x300.jpg\" alt=\"\" width=\"256\" height=\"300\" srcset=\"https:\/\/alternatifs81.fr\/wp-content\/uploads\/Prise-do-256x300.jpg 256w, https:\/\/alternatifs81.fr\/wp-content\/uploads\/Prise-do.jpg 342w\" sizes=\"auto, (max-width: 256px) 100vw, 256px\" \/><\/a>\u00a0<span style=\"color: #0000ff;\">Nous publions ci-dessous un texte de Philippe ZARIFIAN. <\/span><\/em><\/span><\/div>\n<div style=\"text-align: justify;\"><span style=\"color: #008000;\"><em><span style=\"color: #0000ff;\">Il nous parait int\u00e9ressant de le mettre en perspective avec celui-ci, de Dani\u00e8le LINHART (2009), publi\u00e9 voici quelques mois sur ce blog : <\/span><a href=\"http:\/\/alternatifs81.fr\/?p=2703\"><span style=\"color: #0000ff;\">http:\/\/alternatifs81.fr\/?p=2703<\/span><\/a><span style=\"color: #0000ff;\">, et celui-ci, de Dani\u00e8le CASTEJON (publi\u00e9 en 2007)\u00a0: <a href=\"http:\/\/alternatifs81.fr\/?p=2990\">http:\/\/alternatifs81.fr\/?p=2990<\/a>. <\/span><\/em><\/span><\/div>\n<div style=\"text-align: justify;\"><span style=\"color: #008000;\"><em><span style=\"color: #0000ff;\">Le dossier central du prochain n\u00b0 de Confluences 81 (n\u00b0 99, \u00e0 paraitre d\u00e9but d\u00e9cembre, traitera du Travail. Ces 3 textes le compl\u00e8teront utilement. <\/span><\/em><\/span><\/div>\n<div><span style=\"color: #008000;\"><em>\u00a0<\/em><\/span><\/div>\n<div><span style=\"color: #008000;\"><em>Bonjour,<\/em><\/span><\/div>\n<div dir=\"ltr\">\n<div>\n<p style=\"text-align: justify;\"><span style=\"color: #008000;\"><em>Voici un ensemble de propositions \u00e9labor\u00e9es en lien avec l\u2019exp\u00e9rimentation d\u2019une nouvelle organisation du travail dans une direction m\u00e9tier de France T\u00e9l\u00e9com, faisant suite \u00e0 la grave crise sociale que cette entreprise a connu.<\/em><\/span><\/p>\n<h3 style=\"text-align: justify;\"><span style=\"font-family: Century, Bookman Old Style; color: #000066;\"><span style=\"text-decoration: underline;\"><span style=\"color: #808000;\">1. Le travail et la comp\u00e9tence<\/span><\/span><\/span><\/h3>\n<p style=\"text-align: justify;\"><span style=\"font-family: Century, Bookman Old Style; color: #000066;\">&#8211; Remettre la question du travail au centre : son contenu r\u00e9el, ce qu&rsquo;il produit, les promesses qu&rsquo;il contient, son am\u00e9lioration. D\u00e9battre et d\u00e9finir ce que l&rsquo;on peut entendre par \u00a0\u00bb travail bien fait \u00a0\u00bb ou \u00a0\u00bb travail de qualit\u00e9 \u00a0\u00bb et quelle satisfaction r\u00e9elle il procure \u00e0 ceux qui l&rsquo;accomplissent, soutenant solidement leur engagement.<\/span><\/p>\n<p style=\"text-align: justify;\"><span style=\"font-family: Century, Bookman Old Style; color: #000066;\">&#8211; Rendre explicite et lib\u00e9rer <strong>le pouvoir de penser et d&rsquo;agir de chaque individualit\u00e9<\/strong>. Ses effets potentiels et r\u00e9els sur la sant\u00e9 et la performance. Au centre : <strong>la prise d&rsquo;initiative<\/strong>, sa<!--more-->\u00a0l\u00e9gitimit\u00e9, son accompagnement, le sentiment d&rsquo;aller le plus loin possible dans ce que chacun peut penser et faire et le plaisir que cela procure ;<\/span><\/p>\n<p style=\"text-align: justify;\"><span style=\"font-family: Century, Bookman Old Style; color: #000066;\">&#8211; Instituer, au sein de l&rsquo;organisation du travail, des temps de dialogue (au sein des collectifs, avec ou sans le management ), sous le double aspect : contenu professionnel et forme d\u00e9mocratique. Ces dialogues doivent \u00eatre suivis d&rsquo;initiatives concr\u00e8tes communes, coop\u00e9ratives, \u00e9valu\u00e9es comme telles. Retour sur la question de la performance = la performance comme r\u00e9alisation collective. Rompre l&rsquo;isolement. <\/span><\/p>\n<h3 style=\"text-align: justify;\"><span style=\"font-family: Century, Bookman Old Style; color: #000066;\">&#8211; Question : faut-il parler de \u00a0\u00bb collectifs \u00a0\u00bb et\/ou de \u00a0\u00bb milieux sociaux \u00a0\u00bb ou des deux \u00e0 la fois ? En avan\u00e7ant, comme je l\u2019ai fait, le concept de <strong>\u00a0\u00bb communaut\u00e9 d&rsquo;action \u00ab\u00a0,<\/strong> on permet de voir un collectif, \u00e0 la fois dans la pluralit\u00e9 r\u00e9elle de ses formes (en \u00e9quipe, en r\u00e9seau, en projet) et dans la constitution d&rsquo;un milieu social solidaire. L&rsquo;appartenance \u00e0 un milieu social est une condition essentielle de la \u00a0\u00bb bonne sant\u00e9 \u00a0\u00bb et de son maintien. Comment reparler du m\u00e9tier sur la base des exigences d&rsquo;une soci\u00e9t\u00e9 et de fonctionnements sociaux modernes ? Reprendre la question de la modernit\u00e9, fondatrice de la sociologie = communaut\u00e9 et soci\u00e9t\u00e9, plut\u00f4t que communaut\u00e9 ou soci\u00e9t\u00e9. Travailler, c&rsquo;est \u00a0\u00bb faire soci\u00e9t\u00e9 et faire communaut\u00e9 \u00ab\u00a0. C&rsquo;est sortir d&rsquo;une vision corporatiste des m\u00e9tiers. Sortir les salari\u00e9s des postures d\u00e9fensives et repli\u00e9es, mieux respirer, et donc mieux se sentir. La vertu de g\u00e9n\u00e9rosit\u00e9 comme source de sant\u00e9.<\/span><\/h3>\n<h3 style=\"text-align: justify;\"><span style=\"font-family: Century, Bookman Old Style; color: #000066;\">&#8211; Expliciter la question du travail, comme triplement mise en \u0153uvre de ce pouvoir, r\u00e9alisation et transformation de soi, et production de valeur. Le travail bien fait, mais aussi producteur d&rsquo;effets utiles pour des destinataires (la question de la valeur de service, la question de la conscience professionnelle associ\u00e9e au \u00a0\u00bb sens du service \u00a0\u00bb = lien entre travail bien fait et travail producteur de valeur<\/span><span style=\"font-family: Century, Bookman Old Style; color: #000066;\">). La valeur \u00e9thique : ce qui \u00a0\u00bb fait valeur \u00ab\u00a0, ce qui emporte la conviction des personnes et leur engagement en profondeur, ce qui donne de l&rsquo;importance \u00e0 ce que l&rsquo;on fait, ce qui parle du \u00a0\u00bb bon \u00a0\u00bb (et non pas du \u00a0\u00bb bien \u00ab\u00a0, comme norme morale). Une valeur \u00e9thique est toujours \u00e0 la fois collective et personnelle, car orient\u00e9e vers autrui et vers soi. Elle fournit un sens profond et durable aux salari\u00e9s concern\u00e9s (un travail qui \u00a0\u00bb fait sens \u00a0\u00bb )<\/span><\/h3>\n<h3 style=\"text-align: justify;\"><span style=\"font-family: Century, Bookman Old Style; color: #000066;\">&#8211; Admettre la tension entre valeur \u00e9conomique et valeur \u00e9thique, savoir en tirer partie de mani\u00e8re \u00e9quilibr\u00e9e pour <\/span><\/h3>\n<h3 style=\"text-align: justify;\"><span style=\"font-family: Century, Bookman Old Style; color: #000066;\"><em>1) identifier les points de convergence et d&rsquo;appui r\u00e9ciproque, <\/em><\/span><\/h3>\n<h3 style=\"text-align: justify;\"><span style=\"font-family: Century, Bookman Old Style; color: #000066;\"><em>2) n\u00e9gocier des compromis l\u00e0 o\u00f9 il y a des int\u00e9r\u00eats divergents.<\/em> <\/span><\/h3>\n<h3 style=\"text-align: justify;\"><span style=\"font-family: Century, Bookman Old Style; color: #000066;\"><em>3) Sortir des g\u00e9n\u00e9ralit\u00e9s vides et impos\u00e9es (du type : \u00a0\u00bb les valeurs de l&rsquo;entreprise \u00ab\u00a0, qui sont en r\u00e9alit\u00e9 celles voulues par sa direction).<\/em><\/span><\/h3>\n<h3 style=\"text-align: justify;\"><span style=\"font-family: Century, Bookman Old Style; color: #000066;\">&#8211; Mettre en \u0153uvre une d\u00e9marche comp\u00e9tence, en partant des communaut\u00e9s d&rsquo;action pour aller vers les comp\u00e9tences individuelles, en d\u00e9finissant les comp\u00e9tences comme des savoirs d&rsquo;action, mobilis\u00e9s dans les situations productives. Avec l&rsquo;accompagnement RH n\u00e9cessaire, mais qui n&rsquo;est qu&rsquo;un accompagnement. C&rsquo;est dans leur relation avec le travail et son organisation que les comp\u00e9tences prennent sens et importance pratiques . Cela suppose, en parall\u00e8le, l&rsquo;abandon, rapide ou progressif, de la logique du poste de travail. La reconnaissance de ses comp\u00e9tences et l&rsquo;appui donn\u00e9 \u00e0 leur d\u00e9veloppement concourent fortement \u00e0 la \u00a0\u00bb bonne sant\u00e9 \u00a0\u00bb de chaque personne.<\/span><\/h3>\n<h3 style=\"text-align: justify;\"><span style=\"font-family: Century, Bookman Old Style; color: #000066;\"><span style=\"text-decoration: underline;\">2. L&rsquo;organisation du travail<\/span><\/span><\/h3>\n<h3 style=\"text-align: justify;\"><span style=\"font-family: Century, Bookman Old Style; color: #000066;\">&#8211; Les 7 points d&rsquo;entr\u00e9e : <\/span><\/h3>\n<h3 style=\"text-align: justify;\"><span style=\"font-family: Century, Bookman Old Style; color: #000066;\">o La lib\u00e9ration de l&rsquo;initiative et son cadrage par la prise de responsabilit\u00e9. L&rsquo;organisation de la coop\u00e9ration dans le travail vue comme r\u00e9seau convergent de prises d&rsquo;initiative collectives et d&rsquo;entraide. Identification des \u00a0\u00bb communaut\u00e9s d&rsquo;action \u00a0\u00bb pertinentes et de leur r\u00f4le dans l&rsquo;organisation. Identification des cadres (poreux) de responsabilit\u00e9 &#8211; ce qu&rsquo;on peut appeler \u00a0\u00bb les missions \u00a0\u00bb &#8211; pour les diff\u00e9rents groupes de salari\u00e9s au sein d&rsquo;une entreprise. Dans une entreprise ou une institution, chaque groupe de salari\u00e9s doit connaitre son domaine de responsabilit\u00e9 propre et ses \u00a0\u00bb missions \u00ab\u00a0. C&rsquo;est une mani\u00e8re de cadrer ses initiatives. N\u00e9anmoins, la pouss\u00e9e des organisations productives transversales incite : soit \u00e0 revoir la d\u00e9finition d&rsquo;un collectif (non pas un collectif m\u00e9tier, mais un collectif pluri-m\u00e9tiers), soit \u00e0 rendre les responsabilit\u00e9s poreuses, en admettant que, pour des probl\u00e8mes concerts pr\u00e9cis, elles empi\u00e8tent les unes sur les autres et qu&rsquo;il soit n\u00e9cessaire de se concerter.<\/span><\/h3>\n<h3 style=\"text-align: justify;\"><span style=\"font-family: Century, Bookman Old Style; color: #000066;\">o L&rsquo;institutionnalisation d&rsquo;espaces de dialogue, \u00e0 la fois lieux de recomposition explicite de milieux sociaux professionnels, donc de socialisation, lieux tourn\u00e9s vers l&rsquo;action collective, vers l&rsquo;am\u00e9lioration de la qualit\u00e9 du travail et de la performance, et lieux de d\u00e9bats \/ arbitrages avec les managers. R\u00e9unions d\u2019\u00e9quipes reprenant la philosophie des conseils d\u2019atelier.<\/span><\/h3>\n<h3 style=\"text-align: justify;\"><span style=\"font-family: Century, Bookman Old Style; color: #000066;\">o La mise en \u0153uvre d&rsquo;une politique de d\u00e9veloppement, d&rsquo;usage, de valorisation des comp\u00e9tences de chaque individualit\u00e9 en lien explicite avec les communaut\u00e9s d&rsquo;action. <\/span><\/h3>\n<h3 style=\"text-align: justify;\"><span style=\"font-family: Century, Bookman Old Style; color: #000066;\">o La mise en place de \u00a0\u00bb soutiens experts, accompagnateurs, formateurs\u00a0\u00bb = tenir compte de la complexit\u00e9 souvent croissante du travail, de la difficult\u00e9 d&rsquo;arbitrages entre demandes diff\u00e9rentes, des limites des comp\u00e9tences dans une p\u00e9riode d\u00e9termin\u00e9e (tenir compte donc de la mont\u00e9e en charge d&rsquo;une politique comp\u00e9tence, dont les pleins effets demande du temps, le temps de la mont\u00e9e en comp\u00e9tences des agents), pour que des experts du m\u00e9tier accompagnent, conseillent, soutiennent les progr\u00e8s des salari\u00e9s moins comp\u00e9tents, voire organisent des formations internes \u00a0\u00bb ad hoc \u00ab\u00a0. Cela ne met pas en cause la politique de formation continue, mais la resitue dans un processus plus large d&rsquo;apprentissage professionnel.<\/span><\/h3>\n<h3 style=\"text-align: justify;\"><span style=\"font-family: Century, Bookman Old Style; color: #000066;\">o L&rsquo;institutionnalisation de la question de l&rsquo;anticipation et la prospective (dont la prospective m\u00e9tier) = redonner un espace temporel de moyen\/long terme connu de tous et construit de mani\u00e8re partag\u00e9e (exemple : d\u00e9finir le devenir de chaque m\u00e9tier). Qui dit \u00a0\u00bb prospective \u00ab\u00a0, et non pas \u00a0\u00bb pr\u00e9vision \u00ab\u00a0, dit construction de sc\u00e9narii, ouverture d&rsquo;options, appel \u00e0 l&rsquo;imagination.<\/span><\/h3>\n<h3 style=\"text-align: justify;\"><span style=\"font-family: Century, Bookman Old Style; color: #000066;\">o Recentrage du r\u00f4le du management vers l&rsquo;appui \u00e0 la politique comp\u00e9tences, le changement de l&rsquo;organisation du travail, la d\u00e9finition d&rsquo;objectifs de performance \u00a0\u00bb l\u00e9gitimes \u00ab\u00a0, c&rsquo;est-\u00e0-dire valoris\u00e9s par les travailleurs, tout en \u00e9tant coh\u00e9rents avec la strat\u00e9gie de l&rsquo;entreprise = que ces objectifs soient d\u00e9battus. Projets d&rsquo;\u00e9quipe ? Et Projets unissant diff\u00e9rents m\u00e9tiers dans une organisation transversale orient\u00e9e \u00a0\u00bb parcours clients \u00a0\u00bb ? Cr\u00e9ation de lieux de dialogue entre managers pour d\u00e9battre de leur propre activit\u00e9 et son am\u00e9lioration (par exemple : r\u00e9union p\u00e9riodique des chefs d&rsquo;\u00e9quipe d&rsquo;un m\u00eame d\u00e9partement). Faire en sorte qu&rsquo;ils sortent de leur isolement et puissent s&rsquo;exprimer librement. Et qu&rsquo;ils prennent conscience qu&rsquo;ils forment, eux-aussi, un collectif, dont le r\u00f4le, en entreprise, est particuli\u00e8rement important. Au lieu de multiplier les discours et les r\u00e9f\u00e9rentiels externes et creux sur le management, faire en sorte que les managers, en particulier ceux de premier niveau, cr\u00e9ent leur propre discours, r\u00e9fl\u00e9chissent ensemble \u00e0 leur r\u00f4le dans l&rsquo;organisation, pensent leurs comp\u00e9tences et leurs relations avec ceux qu&rsquo;ils encadrent. <\/span><\/h3>\n<h3 style=\"text-align: justify;\"><span style=\"font-family: Century, Bookman Old Style; color: #000066;\">o Construction de parcours professionnels explicites, sous le double registre : <\/span><\/h3>\n<h3 style=\"text-align: justify;\"><span style=\"font-family: Century, Bookman Old Style; color: #000066;\"><em>1) de l&rsquo;accompagnement de changements d&rsquo;organisation et de re-r\u00e9partition de l&rsquo;effectif, <\/em><\/span><\/h3>\n<h3 style=\"text-align: justify;\"><span style=\"font-family: Century, Bookman Old Style; color: #000066;\"><em>2) des souhaits d&rsquo;\u00e9volution de chaque salari\u00e9. En prenant en compte ce double registre, on impose la n\u00e9cessit\u00e9 d&rsquo;un dialogue, que ce soit au cours d&rsquo;un entretien professionnel sp\u00e9cifique, ou \u00e0 l&rsquo;int\u00e9rieur d&rsquo;un dispositif officiel d&rsquo;accompagnement de la mobilit\u00e9. La r\u00e9ussite de ce dialogue n&rsquo;est pas garantie, mais du moins aura-t-on laiss\u00e9 les chances d&rsquo;une solution concert\u00e9e au sein de parcours publiquement \u00e9nonc\u00e9s, rempla\u00e7ant \u00e0 la fois les \u00a0\u00bb carri\u00e8res \u00a0\u00bb d\u00e9su\u00e8tes et les \u00a0\u00bb trajectoires \u00a0\u00bb purement personnelles.<\/em><\/span><\/h3>\n<p style=\"text-align: left;\"><span style=\"font-family: Century; color: #000066;\">Philippe ZARIFIAN <\/span><\/p>\n<div><a href=\"http:\/\/philippe.zarifian.pagesperso-orange.fr\/\" target=\"_blank\">http:\/\/philippe.zarifian.pagesperso-orange.fr\/<\/a><\/div>\n<\/div>\n<\/div>\n<gcse:search><\/gcse:search>","protected":false},"excerpt":{"rendered":"<p>\u00a0Nous publions ci-dessous un texte de Philippe ZARIFIAN. Il nous parait int\u00e9ressant de le mettre en perspective avec celui-ci, de Dani\u00e8le LINHART (2009), publi\u00e9 voici quelques mois sur ce blog : http:\/\/alternatifs81.fr\/?p=2703, et celui-ci, de Dani\u00e8le CASTEJON (publi\u00e9 en 2007)\u00a0: http:\/\/alternatifs81.fr\/?p=2990. Le dossier central du prochain n\u00b0 de Confluences 81 (n\u00b0 99, \u00e0 paraitre d\u00e9but [&hellip;]<\/p>\n","protected":false},"author":1,"featured_media":0,"comment_status":"open","ping_status":"closed","sticky":false,"template":"","format":"standard","meta":{"footnotes":""},"categories":[164,193,295],"tags":[402,140],"class_list":["post-6257","post","type-post","status-publish","format-standard","hentry","category-sante","category-social","category-travail-2","tag-sante","tag-travail"],"_links":{"self":[{"href":"https:\/\/alternatifs81.fr\/index.php?rest_route=\/wp\/v2\/posts\/6257","targetHints":{"allow":["GET"]}}],"collection":[{"href":"https:\/\/alternatifs81.fr\/index.php?rest_route=\/wp\/v2\/posts"}],"about":[{"href":"https:\/\/alternatifs81.fr\/index.php?rest_route=\/wp\/v2\/types\/post"}],"author":[{"embeddable":true,"href":"https:\/\/alternatifs81.fr\/index.php?rest_route=\/wp\/v2\/users\/1"}],"replies":[{"embeddable":true,"href":"https:\/\/alternatifs81.fr\/index.php?rest_route=%2Fwp%2Fv2%2Fcomments&post=6257"}],"version-history":[{"count":0,"href":"https:\/\/alternatifs81.fr\/index.php?rest_route=\/wp\/v2\/posts\/6257\/revisions"}],"wp:attachment":[{"href":"https:\/\/alternatifs81.fr\/index.php?rest_route=%2Fwp%2Fv2%2Fmedia&parent=6257"}],"wp:term":[{"taxonomy":"category","embeddable":true,"href":"https:\/\/alternatifs81.fr\/index.php?rest_route=%2Fwp%2Fv2%2Fcategories&post=6257"},{"taxonomy":"post_tag","embeddable":true,"href":"https:\/\/alternatifs81.fr\/index.php?rest_route=%2Fwp%2Fv2%2Ftags&post=6257"}],"curies":[{"name":"wp","href":"https:\/\/api.w.org\/{rel}","templated":true}]}}