{"id":6249,"date":"2012-10-10T23:59:53","date_gmt":"2012-10-10T22:59:53","guid":{"rendered":"http:\/\/alternatifs81.fr\/?p=6249"},"modified":"2012-10-20T22:11:41","modified_gmt":"2012-10-20T21:11:41","slug":"la-sante-une-urgence-un-droit-prioritaire","status":"publish","type":"post","link":"https:\/\/alternatifs81.fr\/?p=6249","title":{"rendered":"La sant\u00e9 : une urgence ! Un droit prioritaire !"},"content":{"rendered":"<h2 style=\"text-align: center;\"><span style=\"color: #808000;\">La sant\u00e9 : une urgence ! Un droit prioritaire ! <\/span><\/h2>\n<div style=\"text-align: justify;\"><strong><a href=\"http:\/\/alternatifs81.fr\/wp-content\/uploads\/DSCN1931-8-Small-1-300x2921.jpg\" rel=\"lightbox[6249]\"><img loading=\"lazy\" decoding=\"async\" class=\"alignleft size-full wp-image-6335\" style=\"margin: 11px;\" title=\"DSCN1931-8-Small-1-300x292\" src=\"http:\/\/alternatifs81.fr\/wp-content\/uploads\/DSCN1931-8-Small-1-300x2921.jpg\" alt=\"\" width=\"300\" height=\"292\" \/><\/a>Malgr\u00e9 des manifestations coordonn\u00e9es, du 1er au 7 octobre, en Angleterre, en Belgique, en Cr\u00e8te, en Espagne, en France, en Gr\u00e8ce, en Italie, au Portugal, en Pologne. Malgr\u00e9 le d\u00e9fil\u00e9 \u00e0 Paris, le 6 octobre, de tr\u00e8s nombreuses d\u00e9l\u00e9gations* venues de toute la France \u00e0 l&rsquo;appel unitaire d&rsquo;un large collectif d&rsquo;organisations. Malgr\u00e9 diff\u00e9rentes demandes de rendez vous avec Matignon, nous n&rsquo;avons eu pour toute r\u00e9ponse qu&rsquo;une rue barr\u00e9e, des cars bien rang\u00e9s de forces de l&rsquo;ordre, le refus de recevoir citoyens et citoyennes et les associations qui se battent pour le bien public. Nous pensions en avoir fini avec le m\u00e9pris du gouvernement pr\u00e9c\u00e9dent. <\/strong><br \/>\n<strong>\u00a0<\/strong><br \/>\n<strong>Concr\u00e8tement depuis l&rsquo;arriv\u00e9e au pouvoir de Fran\u00e7ois Hollande le changement pourtant indispensable se fait attendre, la Sant\u00e9 n&rsquo;a pas \u00e9t\u00e9 inscrite parmi <!--more-->les priorit\u00e9s du gouvernement, la loi HPST s&rsquo;applique toujours comme \u00e0 Marie Galante et \u00e0 Vire, nous ne constatons aucune r\u00e9elle remise en cause de ce qui rend l&rsquo;acc\u00e8s aux soins de plus en plus difficile : franchises et forfaits, d\u00e9passements d&rsquo;honoraires, fermetures de structures de soins publiques : la liste est longue &#8230; <\/strong><br \/>\n<strong>\u00a0<\/strong><br \/>\n<strong>Le Projet de Loi sur le Financement de la S\u00e9curit\u00e9 Sociale va bient\u00f4t \u00eatre d\u00e9battu. Nous n&rsquo;accepterons pas un budget d&rsquo;aust\u00e9rit\u00e9. Nous appelons \u00e0 poursuivre dans une d\u00e9marche unitaire, les mobilisations n\u00e9cessaires pour obtenir des r\u00e9ponses \u00e0 la hauteur des enjeux. Nous appelons les mouvements sociaux, les habitants et habitantes de toute la France, \u00e0 r\u00e9agir rapidement, \u00e0 lutter ensemble pour obtenir le droit \u00e0 la sant\u00e9 pour toutes et tous, sur tout le territoire. <\/strong><br \/>\n<strong><a name=\"more\"><\/a><\/strong><br \/>\n<strong><\/strong><br \/>\n<strong>Nous appelons \u00e0 interpeller nos \u00e9lu.es afin qu&rsquo;ils et elles se saisissent prioritairement du dossier de la sant\u00e9 publique, tant la situation est grave, et qu&rsquo;ils et elles fassent remonter au Premier Ministre notre demande r\u00e9it\u00e9r\u00e9e d&rsquo;entrevue !<\/strong><br \/>\n<strong><\/strong><br \/>\n<strong>Nous continuerons \u00e0 faire signer la p\u00e9tition :<a href=\"http:\/\/www.petitionenligne.fr\/petition\/pour-notre-sante-le-changement-c-est-urgent\/2931\">http:\/\/www.petitionenligne.fr\/petition\/pour-notre-sante-le-changement-c-est-urgent\/2931<\/a><\/strong><br \/>\n<strong><\/strong><br \/>\n<span style=\"color: #808000;\"><strong>\u00ab\u00a0Notre Sant\u00e9 en Danger\u00a0\u00bb continue, nous sommes unis, nous n&rsquo;abandonnerons pas !<\/strong> <\/span><span style=\"color: #008080;\"><em><strong>Paris &#8211; le 10\/10\/2012<\/strong><\/em> <\/span><\/div>\n<div style=\"text-align: justify;\"><strong>Contact du collectif NSED &#8211; <a href=\"mailto:collectif.nsed@gmail.com\">collectif.nsed@gmail.com<\/a><\/strong><br \/>\n<strong><\/strong><br \/>\n<span style=\"color: #008000;\"><strong><span style=\"text-decoration: underline;\">*Afin que nulle personne n&rsquo;en ignore, voici les d\u00e9l\u00e9gations pr\u00e9sentes<\/span> :<\/strong> <\/span><\/div>\n<div style=\"text-align: justify;\"><span style=\"color: #008000;\"><strong><em><span style=\"text-decoration: underline;\">1. H\u00f4pitaux, maternit\u00e9s :<\/span> Guadeloupe : Marie Galante Al\u00e8s-Uz\u00e8s-N\u00eemes (30), Ambert (63), Argenteuil (95), Aubenas (07), h\u00f4pital Avicenne (93), maternit\u00e9 des Bluets (75), Bordeaux (33), Brian\u00e7on (05), Caen (14), Centres de Sant\u00e9 des Bouches du Rh\u00f4ne (13), Charleville-M\u00e9zi\u00e8res-Rethel (08), Clamecy (58), Concarneau (29), Creil (60), h\u00f4pital R.Debr\u00e9 (75), Decize (58), Douarnenez (29), Draveil (91), Fontainebleau-Melun-Monterau (77), h\u00f4pital H\u00f4tel-Dieu (75), Is\u00e8re (38), Ivry (94), Lannemezan (65), Les Lilas (93), Les Sables d&rsquo;Olonne (85), Lille (59), Lisieux (14), Lu\u00e7on (85) Lure-Luxeuil (70), Lyon (69), Mantes (78), Marseille (13), h\u00f4pital H.Mondor Cr\u00e9teil (94), Montaigu (85), Montlu\u00e7on (03), Montreuil (93), Mont Saint Aignan (76), Nanterre (92), Nantes (44), Nemours (77), N\u00eemes (30), Orl\u00e9ans (45), Poissy Saint Germain (78), Pontoise (95), Privas (07), Rennes (35), Roubaix (59), Rouen (76), Ruffec (16), Saint Agr\u00e8ve (07), Saint Maurice (94), h\u00f4pital Tenon (75), Toulouse (31), Valr\u00e9as (84), Vire (14) et bien d&rsquo;autres h\u00f4pitaux de l&rsquo;AP-HP &#8230;<\/em><\/strong><br \/>\n<strong><\/strong><br \/>\n<strong><span style=\"text-decoration: underline;\">2. Associations et collectifs :<\/span><em>Act-Up Paris, Act Up Sud Ouest, Aides, AMI 92, AMI 94, AMI Ile de France, AMI nationale, ANCIC,Association Nationale des Sages-Femmes Orthog\u00e9nistes, Atout Majeur, ATTAC, CADAC, Collectif 20\u00e8me Tenon, Comit\u00e9 de soutien au docteur Poupardin, Convergence des collectifs de d\u00e9fense et de d\u00e9veloppement des services publics, Coordination de d\u00e9fense et de promotion des centres de sant\u00e9, Coordination nationale de d\u00e9fense des h\u00f4pitaux et maternit\u00e9s de proximit\u00e9, COSS 33, Femme \u00c9galit\u00e9, Femmes en lutte 93, Fondation Copernic, Handi-social, La Sant\u00e9 n&rsquo;est pas une marchandise, LaSant\u00e9UnDroitPourTous, Les efFront\u00e9-e-s, Manifeste des m\u00e9decins solidaires, Planning Familial, R\u00e9sistance sociale, UNRPA, Vigilance handicap&#8230;<\/em><\/strong><br \/>\n<strong><\/strong><br \/>\n<\/span><span style=\"color: #008000;\"><em><strong><span style=\"text-decoration: underline;\">3. Mutuelles :<\/span> Alternative mutualiste, Mutuelles solidaires &#8230;<\/strong><br \/>\n<strong><\/strong><br \/>\n<strong><span style=\"text-decoration: underline;\">4. Syndicats :<\/span> F\u00e9d\u00e9ration Sud Sant\u00e9 Sociaux, F\u00e9d\u00e9ration Sud Protection Sociale, Syndicat CGT CHU de Toulouse, Syndicat chirurgiens-dentistes des centres de sant\u00e9, Syndicat m\u00e9decins de centres de sant\u00e9, Syndicat de la M\u00e9decine G\u00e9n\u00e9rale, SNASS-CGT-ARS, Sud-Sant\u00e9 AP-HP, UNIRS, Union syndicale CGT de l&rsquo;AP-HP, Union Syndicale de la Psychiatrie, Union Syndicale Solidaires &#8230;<\/strong><\/em><br \/>\n<strong><\/strong><br \/>\n<strong><em><span style=\"text-decoration: underline;\">5. Partis et mouvements politiques :<\/span> Alternative Libertaire, Alternatifs, FASE, GA, GU, NPA, Parti de la Gauche europ\u00e9enne, PCF, PCOF, PG, R\u00e9publique et socialisme &#8230;<\/em><\/strong><\/span><\/div>\n<gcse:search><\/gcse:search>","protected":false},"excerpt":{"rendered":"<p>La sant\u00e9 : une urgence ! Un droit prioritaire ! Malgr\u00e9 des manifestations coordonn\u00e9es, du 1er au 7 octobre, en Angleterre, en Belgique, en Cr\u00e8te, en Espagne, en France, en Gr\u00e8ce, en Italie, au Portugal, en Pologne. Malgr\u00e9 le d\u00e9fil\u00e9 \u00e0 Paris, le 6 octobre, de tr\u00e8s nombreuses d\u00e9l\u00e9gations* venues de toute la France \u00e0 [&hellip;]<\/p>\n","protected":false},"author":1,"featured_media":0,"comment_status":"open","ping_status":"closed","sticky":false,"template":"","format":"standard","meta":{"footnotes":""},"categories":[164,180],"tags":[103,23],"class_list":["post-6249","post","type-post","status-publish","format-standard","hentry","category-sante","category-services-publics-2","tag-demarche-citoyenne","tag-luttes"],"_links":{"self":[{"href":"https:\/\/alternatifs81.fr\/index.php?rest_route=\/wp\/v2\/posts\/6249","targetHints":{"allow":["GET"]}}],"collection":[{"href":"https:\/\/alternatifs81.fr\/index.php?rest_route=\/wp\/v2\/posts"}],"about":[{"href":"https:\/\/alternatifs81.fr\/index.php?rest_route=\/wp\/v2\/types\/post"}],"author":[{"embeddable":true,"href":"https:\/\/alternatifs81.fr\/index.php?rest_route=\/wp\/v2\/users\/1"}],"replies":[{"embeddable":true,"href":"https:\/\/alternatifs81.fr\/index.php?rest_route=%2Fwp%2Fv2%2Fcomments&post=6249"}],"version-history":[{"count":0,"href":"https:\/\/alternatifs81.fr\/index.php?rest_route=\/wp\/v2\/posts\/6249\/revisions"}],"wp:attachment":[{"href":"https:\/\/alternatifs81.fr\/index.php?rest_route=%2Fwp%2Fv2%2Fmedia&parent=6249"}],"wp:term":[{"taxonomy":"category","embeddable":true,"href":"https:\/\/alternatifs81.fr\/index.php?rest_route=%2Fwp%2Fv2%2Fcategories&post=6249"},{"taxonomy":"post_tag","embeddable":true,"href":"https:\/\/alternatifs81.fr\/index.php?rest_route=%2Fwp%2Fv2%2Ftags&post=6249"}],"curies":[{"name":"wp","href":"https:\/\/api.w.org\/{rel}","templated":true}]}}