{"id":6194,"date":"2012-10-03T11:59:17","date_gmt":"2012-10-03T10:59:17","guid":{"rendered":"http:\/\/alternatifs81.fr\/?p=6194"},"modified":"2012-10-03T14:53:51","modified_gmt":"2012-10-03T13:53:51","slug":"tribune-d%e2%80%99economistes-contre-le-traite-budgetaire-europeen","status":"publish","type":"post","link":"https:\/\/alternatifs81.fr\/?p=6194","title":{"rendered":"Tribune d\u2019\u00e9conomistes contre le trait\u00e9 budg\u00e9taire europ\u00e9en"},"content":{"rendered":"<div id=\"post-body-1520145018432132698\" style=\"text-align: justify;\"><a href=\"http:\/\/2.bp.blogspot.com\/-jzEdiftuHdw\/UGvy_tTggSI\/AAAAAAAACek\/rfoOTuMgg90\/s1600\/STICKERS_ALTER_NONAUTRAITE.jpg\" rel=\"lightbox[6194]\"><\/a><strong>\u00a0<\/strong><br \/>\n<strong><a href=\"http:\/\/alternatifs81.fr\/wp-content\/uploads\/sans-titre19.png\" rel=\"lightbox[6194]\"><img loading=\"lazy\" decoding=\"async\" class=\"alignleft size-full wp-image-6195\" style=\"margin: 10px;\" title=\"sans-titre\" src=\"http:\/\/alternatifs81.fr\/wp-content\/uploads\/sans-titre19.png\" alt=\"\" width=\"129\" height=\"239\" \/><\/a><span style=\"color: #808000;\">Depuis 2008, l\u2019Union europ\u00e9enne (UE) fait face \u00e0 une crise \u00e9conomique sans pr\u00e9c\u00e9dent. Contrairement \u00e0 ce que pr\u00e9tendent les \u00e9conomistes lib\u00e9raux, cette crise n\u2019est pas due \u00e0 la dette publique. Ainsi, l\u2019Espagne et l\u2019Irlande subissent aujourd\u2019hui les attaques des march\u00e9s financiers alors que ces pays ont toujours respect\u00e9 les crit\u00e8res de Maastricht. <\/span><\/strong><br \/>\n<strong><br \/>\n<\/strong><strong>La mont\u00e9e des d\u00e9ficits publics est une cons\u00e9quence de la chute des recettes fiscales due en partie aux cadeaux fiscaux faits aux plus ais\u00e9s, de l\u2019aide publique apport\u00e9e aux banques commerciales et du recours aux march\u00e9s financiers pour d\u00e9tenir cette dette \u00e0 des taux d\u2019int\u00e9r\u00eat \u00e9lev\u00e9s. <\/strong><br \/>\n<strong><br \/>\n<\/strong><strong>La crise s\u2019explique \u00e9galement par l\u2019absence totale de r\u00e9gulation du cr\u00e9dit et des flux de capitaux aux d\u00e9pens de l\u2019emploi, des services publics et des activit\u00e9s productives. Elle est entretenue par la Banque centrale europ\u00e9enne (BCE) qui<!--more-->\u00a0appuie sans conditions les banques priv\u00e9es, et exige \u00e0 pr\u00e9sent une \u00ab stricte conditionnalit\u00e9 \u00bb d\u2019aust\u00e9rit\u00e9 des Etats lorsqu\u2019il s\u2019agit de jouer le r\u00f4le de \u00ab pr\u00eateur en dernier ressort \u00bb. <\/strong><br \/>\n<strong><br \/>\n<\/strong><strong>En outre, cette crise est aggrav\u00e9e par le dumping fiscal intra-europ\u00e9en et l\u2019interdiction qui est faite \u00e0 la BCE de pr\u00eater directement aux Etats pour des d\u00e9penses d\u2019avenir, au contraire des autres banques centrales dans le monde comme la Federal Reserve am\u00e9ricaine. <\/strong><br \/>\n<strong><br \/>\n<\/strong><strong>Enfin, la crise est renforc\u00e9e par l\u2019extr\u00eame faiblesse du budget europ\u00e9en et son plafonnement au taux ridiculement bas de 1,24 % du PIB. Fran\u00e7ois Hollande, apr\u00e8s s\u2019\u00eatre engag\u00e9 pendant la campagne \u00e0 ren\u00e9gocier le trait\u00e9 europ\u00e9en, n\u2019y a en fait apport\u00e9 aucun changement, et choisit aujourd\u2019hui de poursuivre la politique d\u2019aust\u00e9rit\u00e9 entam\u00e9e par ses pr\u00e9d\u00e9cesseurs. C\u2019est une erreur tragique. L\u2019ajout d\u2019un pseudo-pacte de croissance, aux montants r\u00e9els d\u00e9risoires, s\u2019accompagne de l\u2019acceptation de la \u00ab r\u00e8gle d\u2019or \u00bb budg\u00e9taire d\u00e9fendue par Merkel et Sarkozy qui condamnera toute logique de d\u00e9penses publiques d\u2019avenir et conduira \u00e0 mettre en place un programme drastique de r\u00e9duction de l\u2019ensemble des administrations publiques. <\/strong><br \/>\n<a name=\"more\"><\/a><br \/>\n<strong><br \/>\n<\/strong><strong>En limitant plus que jamais la capacit\u00e9 des pays \u00e0 relancer leurs \u00e9conomies et en leur imposant l\u2019\u00e9quilibre des comptes publics, ce trait\u00e9 est porteur d\u2019une logique r\u00e9cessive qui aggravera m\u00e9caniquement les d\u00e9s\u00e9quilibres actuels. Les pays qui souffrent de l\u2019effondrement de leur demande int\u00e9rieure seront amen\u00e9s \u00e0 r\u00e9duire plus fortement encore leur demande publique. <\/strong><br \/>\n<strong><br \/>\n<\/strong><strong>Alors que plusieurs Etats membres sont d\u00e9j\u00e0 en r\u00e9cession, cela menacera davantage l\u2019activit\u00e9 et l\u2019emploi, donc les recettes publiques, ce qui creusera in fine les d\u00e9ficits. Ainsi, l\u2019OFCE pr\u00e9voit d\u00e9j\u00e0 300 000 ch\u00f4meurs de plus en France fin 2013 du seul fait de l\u2019aust\u00e9rit\u00e9. A moyen et \u00e0 long terme, cela hypoth\u00e9quera la transition sociale et \u00e9cologique qui n\u00e9cessite des investissements consid\u00e9rables. <\/strong><br \/>\n<strong><br \/>\n<\/strong><strong>Au nom d\u2019une pr\u00e9tendue \u00ab solidarit\u00e9 europ\u00e9enne \u00bb, le trait\u00e9 organise de fait la garantie par les Etats des grands patrimoines financiers priv\u00e9s. Il grave dans le marbre des mesures d\u2019aust\u00e9rit\u00e9 automatiques, impos\u00e9es aux repr\u00e9sentants des peuples, en contraignant leurs d\u00e9cisions budg\u00e9taires, dict\u00e9es par une instance non \u00e9lue. Le M\u00e9canisme europ\u00e9en de stabilit\u00e9 (MES), institution antid\u00e9mocratique par excellence, pourrait proposer des pr\u00eats \u00e0 des taux un peu moins \u00e9lev\u00e9s (5 % en moyenne). Mais ces pr\u00eats seraient conditionn\u00e9s \u00e0 l\u2019application d\u2019une aust\u00e9rit\u00e9 drastique impos\u00e9e aux peuples ! La garantie publique des investisseurs priv\u00e9s ne fait qu\u2019encourager la sp\u00e9culation, alors qu\u2019il faudrait lui briser les reins en sortant de leurs mains la dette publique. Le constat est sans appel : l\u2019aust\u00e9rit\u00e9 est \u00e0 la fois injuste, inefficace et antid\u00e9mocratique. Nous pouvons faire autrement. L\u2019avenir de l\u2019Europe m\u00e9rite un d\u00e9bat d\u00e9mocratique sur les solutions de sortie de crise. <\/strong><strong>Une expansion coordonn\u00e9e de l\u2019activit\u00e9, de l\u2019emploi et des services publics serait aujourd\u2019hui possible en Europe. <\/strong><br \/>\n<strong><br \/>\n<\/strong><strong>Pour que l\u2019UE mette en oeuvre cette politique, il est urgent de r\u00e9former et de d\u00e9mocratiser ses institutions. Un Fonds europ\u00e9en de d\u00e9veloppement social et \u00e9cologique, \u00e0 gestion d\u00e9mocratique, pourrait accentuer cette dynamique. De plus, l\u2019UE pourrait mettre en place un contr\u00f4le de la finance. Les d\u00e9fis sociaux et \u00e9cologiques sont immenses. Il est possible de d\u00e9faire le sombre bilan des politiques lib\u00e9rales d\u2019une France qui comprend 5 millions de ch\u00f4meurs et 10 millions de pauvres. Pour s\u2019en donner les moyens, il faut briser l\u2019\u00e9tau des march\u00e9s financiers et non leur donner des gages. C\u2019est pourquoi nous refusons la ratification du trait\u00e9 europ\u00e9en sur la stabilit\u00e9, la coordination et la gouvernance. <\/strong><br \/>\n<strong><br \/>\n<\/strong><strong><a href=\"http:\/\/appeldeseconomistes.fr\/\">http:\/\/appeldeseconomistes.fr\/<\/a> \u00a0<\/strong><\/div>\n<p><span style=\"color: #008000;\"><span style=\"text-decoration: underline;\"><strong>Liste des signataires<\/strong><\/span> <em><strong>: Louis Adam, commissaire aux comptes, Matthieu Agostini, expert RSE, Pierre Alary, ma\u00eetre de conf\u00e9rences, Universit\u00e9 Lille 1, Daniel Bachet, professeur, Universit\u00e9 d\u2019\u00c9vry, Emmanuel Barret, expert, banque d\u2019investissement, Philippe Batifoulier, ma\u00eetre de conf\u00e9rences, Universit\u00e9 Paris 10, Michel Bellet, professeur, Universit\u00e9 de Saint-\u00c9tienne, Nicolas Beni\u00e8s, \u00e9conomiste, universit\u00e9 populaire de Caen, Matthieu B\u00e9raud, ma\u00eetre de conf\u00e9rences, Universit\u00e9 de Lorraine, Eric Berr, ma\u00eetre de conf\u00e9rences, Universit\u00e9 Bordeaux 4, Jacques Berthelot, INP Toulouse, Pierre Bezbakh, ma\u00eetre de conf\u00e9rences, Paris IX-Dauphine, Pierre Bitoun, INRA, Fr\u00e9d\u00e9ric Boccara, ma\u00eetre de conf\u00e9rence associ\u00e9, Universit\u00e9 Paris XIII, Paul Boccara, ma\u00eetre de conf\u00e9rence honoraire, universit\u00e9 de Picardie, Fran\u00e7ois Bojzcuk, conseiller en d\u00e9veloppement socio \u00e9conomique des territoires, Serge Bornet, agr\u00e9g\u00e9 SES, Marc Bousseyrol, ma\u00eetre de conf\u00e9rences, IEP de Paris, Mireille Bruy\u00e8re, ma\u00eetre de conf\u00e9rences, Toulouse 2, Claude Calame, directeur d\u2019\u00e9tude, EHESS, Paris Christophe Carrincazeaux, ma\u00eetre de conf\u00e9rences, Universit\u00e9 Bordeaux 4, Pierre Causse, \u00e9conomiste, David Cayla ma\u00eetre de conf\u00e9rences, Universit\u00e9 d\u2019Angers, Christian Celdran, administrateur civil honoraire, Gabriel Colletis, professeur, Universit\u00e9 de Toulouse 1, Christian Corneliau, \u00e9conomiste, EHESS, Laurent Cordonnier, ma\u00eetre de conf\u00e9rences, Universit\u00e9 Lille 1, Jacques Cossart, \u00e9conomiste, Yves Dimicoli, \u00e9conomiste, ancien membre du conseil \u010fanalyse \u00e9conomique, Vanessa Di-Paola, ma\u00eetre de conf\u00e9rences, Universit\u00e9 d\u2019Aix-Marseille Jean-Paul Domin, ma\u00eetre de conf\u00e9rences, Universit\u00e9 de Reims, Alain Dontaine, Universit\u00e9 Stendhal-Grenoble, Ali Douai, ma\u00eetre de conf\u00e9rences, Universit\u00e9 Bordeaux 4, Denis Durand, \u00e9conomiste, membre du Conseil \u00e9conomique, social et environnemental, Jean-Marc Durand, \u00e9conomiste, Guillaume Etievant, expert \u00e9conomique aupr\u00e8s des CE, David Flacher, ma\u00eetre de conf\u00e9rences, Universit\u00e9 Paris 13, Mathieu Forgues, professeur agr\u00e9g\u00e9 de SES, Anne Fretel, ma\u00eetre de conf\u00e9rences, Universit\u00e9 Lille 1, Bernard Friot, Universit\u00e9 Paris-X, institut europ\u00e9en du salariat, Maryse Gadreau, professeur \u00e9m\u00e9rite, Universit\u00e9 de Bourgogne, Jean Gadrey, professeur, Universit\u00e9 Lille I, V\u00e9ronique Gallais, \u00e9conomiste, Jacques G\u00e9n\u00e9reux, professeur, IEP de Paris, Ariane Ghirardello, ma\u00eetre de conf\u00e9rences, Universit\u00e9 Paris 13, Patrick Gianfaldoni, ma\u00eetre de conf\u00e9rences, universit\u00e9 d\u2019Avignon et des Pays de Vaucluse, Jean-Pierre Gilly, professeur, Universit\u00e9 de Toulouse 1 Bernard Guerrien, SAMM, Centre d\u2019\u00e9conomie de la Sorbonne, Alain Gu\u00e9ry, Histoire \u00e9conomique, CNRS Bernard Guibert, \u00e9conomiste-statisticien, Hector Guillen-Romo, universit\u00e9 Paris 8, Ozur Gun, ma\u00eetre de conf\u00e9rence, universit\u00e9 de Reims, Jean-Marie Harribey, ma\u00eetre de conf\u00e9rences, Universit\u00e9 Bordeaux 4, Michel Husson, \u00e9conomiste, Sabina Issehnane, ma\u00eetre de conf\u00e9rences, Universit\u00e9 Rennes 2, Florence Jany-Catrice, professeur, Universit\u00e9 Lille 1 Esther Jeffers, ma\u00eetre de conf\u00e9rences, Paris 8 Paul Jorion, titulaire de la chaire \u00ab Stewardship of Finance \u00bb \u00e0 la Vrije Universiteit Brussel, Andr\u00e9e Kartchevsky, professeur, universit\u00e9 de Reims, Pierre Khalfa, syndicaliste, membre du Conseil \u00e9conomique, social et environnemental, Thierry Kirat, directeur de recherche au CNRS, Paris Dauphine Robert Kissous, statisticien \u00e9conomiste, Agn\u00e8s Labrousse, ma\u00eetre de conf\u00e9rences, Universit\u00e9 de Picardie, St\u00e9phanie Lagu\u00e9rodie, ma\u00eetre de conf\u00e9rences, Paris 1, Dany Lang, ma\u00eetre de conf\u00e9rences, Universit\u00e9 Paris 13, Catherine Lebrun, \u00e9conomiste, C\u00e9cile Lefevre, professeur, Universit\u00e9 Paris Descartes, Pierre Le Masne, ma\u00eetre de conf\u00e9rences, Universit\u00e9 de Poitiers Philippe L\u00e9g\u00e9, ma\u00eetre de conf\u00e9rences, Universit\u00e9 de Picardie, Pierre L\u00e9vy, ma\u00eetre de conf\u00e9rences, Universit\u00e9 Paris Dauphine, Fr\u00e9d\u00e9ric Lordon, directeur de recherche au CNRS, J\u00e9r\u00f4me Maucourant, ma\u00eetre de conf\u00e9rences, Universit\u00e9 Jean Monnet \u2013 IUT de Saint-Etienne Jean Magniadas, membre honoraire du Conseil \u00e9conomique et social, Marc Mangenot, \u00e9conomiste, Jonathan Marie, ma\u00eetre de conf\u00e9rences, Universit\u00e9 Paris XIII, Christiane Marty, \u00e9conomiste, Pierre Mascom\u00e8re, actuaire, Gustave Massiah, \u00e9conomiste, Antoine Math, \u00e9conomiste, Thierry M\u00e9ot, statisticien-\u00e9conomiste, Nicolas Meunier, \u00e9conomiste, Sandrine Michel, ma\u00eetre de conf\u00e9rences, Universit\u00e9 Montpellier 1 Catherine Mills, ma\u00eetre de conf\u00e9rences, Universit\u00e9 Paris 1, Matthieu Montalban, ma\u00eetre de conf\u00e9rences, Universit\u00e9 Bordeaux 4, Alain Morin, directeur de la revue Economie et Politique, Fran\u00e7ois Morin, professeur, Universit\u00e9 Toulouse 1, Nolwenn Neveu, professeur agr\u00e9g\u00e9 de SES, Alain Obadia, membre du Conseil \u00e9conomique social et environnemental Andr\u00e9 Orl\u00e9an, directeur de recherches, CNRS-EHESS, Fabienne Orsi, IRD, Gilles Orzoni, \u00e9conomiste, Bernard Paranque, \u00e9conomiste, euromed management, Pascal Petit, \u00e9conomiste, universit\u00e9 Paris 13, Henry Philipson, \u00e9conomiste, Dominique Plihon, professeur, Universit\u00e9 Paris 13, Jean-Fran\u00e7ois Ponsot, ma\u00eetre de conf\u00e9rences, Universit\u00e9 Grenoble 2, Nicolas Prokovas, ma\u00eetre de conf\u00e9rences, Universit\u00e9 Paris 13, Christophe Ramaux, professeur, Universit\u00e9 Paris 1 Gilles Rasselet, professeur, Universit\u00e9 de Reims, Fr\u00e9d\u00e9ric Rauch, r\u00e9dacteur en chef de la Revue Economie et Politique, Gilles Raveaud, Institut d\u2019Etudes Europ\u00e9ennes, ma\u00eetre de conf\u00e9rence Paris 8 St-Denis, Jacques Rigaudiat, ancien conseiller social des Premiers ministres Rocard et Jospin, Bertrand Roth\u00e9, professeur agr\u00e9g\u00e9 d\u2019\u00e9conomie gestion, Universit\u00e9 de Cergy Pontoise, Gilles Rotillon, professeur, universit\u00e9 Paris X, Jean-Marie Roux, \u00e9conomiste, Catherine Samary, ma\u00eetre de conf\u00e9rences, Paris Dauphine, Bertrand Seys, ma\u00eetre de conf\u00e9rences T\u00e9l\u00e9com Bretagne, Richard Sobel, ma\u00eetre de conf\u00e9rences Universit\u00e9 Lille 1, Bernard Sujobert, statisticien-\u00e9conomiste, Dominique Tadd\u00e9i, ancien pr\u00e9sident d\u2019universit\u00e9, ancien Pr\u00e9sident de la Caisse des d\u00e9pots et consignations, Bernard Teper, \u00e9conomiste, Bruno Tinel, ma\u00eetre de conf\u00e9rences, Universit\u00e9 Paris I, St\u00e9phanie Treillet, ma\u00eetre de conf\u00e9rences des universit\u00e9s, S\u00e9bastien Villemot, \u00e9conomiste, Philippe Zarifian, professeur, Universit\u00e9 Paris Est-Marne la vall\u00e9e, <\/strong><\/em><\/span><\/p>\n<p style=\"text-align: right;\"><span style=\"color: #0000ff;\"><em>Tribune parue ce jour dans Le Monde<\/em> <\/span><\/p>\n<gcse:search><\/gcse:search>","protected":false},"excerpt":{"rendered":"<p>\u00a0 Depuis 2008, l\u2019Union europ\u00e9enne (UE) fait face \u00e0 une crise \u00e9conomique sans pr\u00e9c\u00e9dent. Contrairement \u00e0 ce que pr\u00e9tendent les \u00e9conomistes lib\u00e9raux, cette crise n\u2019est pas due \u00e0 la dette publique. Ainsi, l\u2019Espagne et l\u2019Irlande subissent aujourd\u2019hui les attaques des march\u00e9s financiers alors que ces pays ont toujours respect\u00e9 les crit\u00e8res de Maastricht. La mont\u00e9e [&hellip;]<\/p>\n","protected":false},"author":1,"featured_media":0,"comment_status":"open","ping_status":"closed","sticky":false,"template":"","format":"standard","meta":{"footnotes":""},"categories":[275,232,244],"tags":[117,16],"class_list":["post-6194","post","type-post","status-publish","format-standard","hentry","category-a-gauche-toute","category-notre-economie-et-la-leur","category-point-de-vue","tag-democratie","tag-economie"],"_links":{"self":[{"href":"https:\/\/alternatifs81.fr\/index.php?rest_route=\/wp\/v2\/posts\/6194","targetHints":{"allow":["GET"]}}],"collection":[{"href":"https:\/\/alternatifs81.fr\/index.php?rest_route=\/wp\/v2\/posts"}],"about":[{"href":"https:\/\/alternatifs81.fr\/index.php?rest_route=\/wp\/v2\/types\/post"}],"author":[{"embeddable":true,"href":"https:\/\/alternatifs81.fr\/index.php?rest_route=\/wp\/v2\/users\/1"}],"replies":[{"embeddable":true,"href":"https:\/\/alternatifs81.fr\/index.php?rest_route=%2Fwp%2Fv2%2Fcomments&post=6194"}],"version-history":[{"count":0,"href":"https:\/\/alternatifs81.fr\/index.php?rest_route=\/wp\/v2\/posts\/6194\/revisions"}],"wp:attachment":[{"href":"https:\/\/alternatifs81.fr\/index.php?rest_route=%2Fwp%2Fv2%2Fmedia&parent=6194"}],"wp:term":[{"taxonomy":"category","embeddable":true,"href":"https:\/\/alternatifs81.fr\/index.php?rest_route=%2Fwp%2Fv2%2Fcategories&post=6194"},{"taxonomy":"post_tag","embeddable":true,"href":"https:\/\/alternatifs81.fr\/index.php?rest_route=%2Fwp%2Fv2%2Ftags&post=6194"}],"curies":[{"name":"wp","href":"https:\/\/api.w.org\/{rel}","templated":true}]}}