{"id":6191,"date":"2012-10-02T22:07:57","date_gmt":"2012-10-02T21:07:57","guid":{"rendered":"http:\/\/alternatifs81.fr\/?p=6191"},"modified":"2012-10-02T22:07:57","modified_gmt":"2012-10-02T21:07:57","slug":"pour-notre-sante-le-changement-c%e2%80%99est-urgent","status":"publish","type":"post","link":"https:\/\/alternatifs81.fr\/?p=6191","title":{"rendered":"\u00ab\u00a0Pour notre Sant\u00e9, le changement c\u2019est urgent !\u00a0\u00bb"},"content":{"rendered":"<p>\u00a0\u00ab\u00a0<a href=\"http:\/\/3.bp.blogspot.com\/-ht-wpRUaq-M\/UGsTXaZAniI\/AAAAAAAACeA\/FWdh9uPDLQ8\/s1600\/P1040970.JPG\" rel=\"lightbox[6191]\"><\/a><em><span style=\"color: #0000ff;\">Pour notre Sant\u00e9, le changement c\u2019est urgent ! \u00a0\u00bb &#8211; Manifestation nationale samedi 6 octobre <\/span><\/em><\/p>\n<h3 style=\"text-align: justify;\"><span style=\"color: #008000;\">Une soci\u00e9t\u00e9 en souffrance. L&rsquo;appel des Alternatifs<\/span><\/p>\n<p><a href=\"http:\/\/alternatifs81.fr\/wp-content\/uploads\/sans-titre18.png\" rel=\"lightbox[6191]\"><img loading=\"lazy\" decoding=\"async\" class=\"alignleft size-medium wp-image-6192\" style=\"margin: 11px;\" title=\"sans-titre\" src=\"http:\/\/alternatifs81.fr\/wp-content\/uploads\/sans-titre18-300x225.png\" alt=\"\" width=\"300\" height=\"225\" srcset=\"https:\/\/alternatifs81.fr\/wp-content\/uploads\/sans-titre18-300x225.png 300w, https:\/\/alternatifs81.fr\/wp-content\/uploads\/sans-titre18.png 320w\" sizes=\"auto, (max-width: 300px) 100vw, 300px\" \/><\/a>Nos soci\u00e9t\u00e9s sont en crise : crise \u00e9conomique, crise \u00e9cologique, crise d\u00e9mocratique, auxquelles il faut ajouter UNE CRISE SANITAIRE.<br \/>\n\u2022 Pr\u00e8s d\u2019un tiers de la population renonce \u00e0 des soins en raison de co\u00fbts trop \u00e9lev\u00e9s et\/ou de structures de soins trop \u00e9loign\u00e9es.<br \/>\n\u2022 La mortalit\u00e9 p\u00e9rinatale a l\u00e9g\u00e8rement augment\u00e9.<br \/>\n\u2022 On assiste a une forte progression des maladies professionnelles entra\u00eenant des incapacit\u00e9s permanentes et des d\u00e9c\u00e8s (troubles musculo-squelettiques, cancers, risque routier, risque psychosociaux &#8230;)<\/p>\n<p>Si l\u2019esp\u00e9rance de vie a r\u00e9guli\u00e8rement augment\u00e9, c\u2019\u00e9tait d\u2019abord pour des<!--more-->\u00a0raisons sans rapport avec les soins m\u00e9dicaux : hygi\u00e8ne, am\u00e9lioration des conditions de travail, am\u00e9lioration de l\u2019habitat et des conditions de vie. Elle r\u00e9gresse depuis quelques ann\u00e9es dans les pays les plus touch\u00e9s par la contre-r\u00e9volution lib\u00e9rale.<\/p>\n<p>Actuellement, plus de 80% des d\u00e9penses de sant\u00e9 sont li\u00e9es aux maladies chroniques (cancer avec pr\u00e8s de 1000 cas par jour et la moiti\u00e9 des personnes atteintes d\u00e9c\u00e9dera avant 5 ans, diab\u00e8te, cardiopathie et maladies vasculaires,affections respiratoires chroniques, maladies g\u00e9n\u00e9tiques &#8230;). Or ces maladies chroniques sont souvent en relation avec l\u2019environnement et les conditions de vie.<br \/>\n\u2022 S\u00e9dentarit\u00e9<br \/>\n\u2022 Mauvaise nutrition (la mal bouffe de l\u2019agro-alimentaire, voir le cas des OGM)<br \/>\n\u2022 Pollutions atmosph\u00e9rique, chimique, nucl\u00e9aire<br \/>\n\u2022 Souffrance au travail<br \/>\n<a name=\"more\"><\/a><\/p>\n<p>Nous avons et nous aurons toujours besoin de soins mais il est indispensable est de s\u2019attaquer aux causes des maladies. Cela s\u2019appelle la pr\u00e9vention, et une v\u00e9ritable pr\u00e9vention, c\u2019est le respect de l\u2019environnement (agriculture biologique, sources d\u2019\u00e9nergie propres et renouvelables &#8230;), c\u2019est savoir ce que nous voulons produire et comment relocaliser les productions pour \u00e9viter les transports aussi nuisibles que co\u00fbteux, c\u2019est d\u00e9cider nous m\u00eame comment nous voulons vivre pour laisser aux g\u00e9n\u00e9rations suivantes un milieu viable &#8230;<\/p>\n<p>Cela passe par l\u2019autogestion, qui elle m\u00eame n\u00e9cessite du temps (donc une r\u00e9duction massive du temps de travail). Nous devons engager une transition vers une autre soci\u00e9t\u00e9, et d\u00e8s maintenant il faut refuser la marchandisation de la sant\u00e9. Car qui peut imaginer que les march\u00e9s financiers et les gouvernements \u00e0 leur merci, vont s\u2019attaquer r\u00e9ellement aux causes \u00e9conomiques de maladies qui rapportent tant d\u2019argent aux groupes priv\u00e9s ?<br \/>\n________________________________________________________________________<\/p>\n<p>Notre sant\u00e9 en danger ! Appel National Prenez soin de votre sant\u00e9! D\u00e9fendez vos droits ! Participez \u00e0 la manifestation nationale du 6 octobre : \u00ab Pour notre Sant\u00e9, le changement c\u2019est urgent ! \u00bb<\/p>\n<p>Le changement s\u2019impose : pr\u00e8s d\u2019un tiers de la population ne peut dans les faits avoir recours aux soins, pour des raisons de co\u00fbt (d\u00e9passements d\u2019honoraires, franchises, forfaits, augmentation des compl\u00e9mentaires sant\u00e9 &#8230;) et de difficult\u00e9s d\u2019acc\u00e8s aux structures de soins publiques (d\u00e9sertification m\u00e9dicale, fermeture des structures de proximit\u00e9, d\u00e9lais d\u2019attente &#8230;)<\/p>\n<p>Les premi\u00e8res annonces gouvernementales concr\u00e8tes apparaissent tr\u00e8s insuffisantes par rapport aux enjeux. La sant\u00e9 n\u2019a pas \u00e9t\u00e9 reconnue comme une priorit\u00e9 gouvernementale. L\u2019augmentation du financement de la S\u00e9curit\u00e9 Sociale fix\u00e9e par Sarkosy \u00e0 2,5%, promise \u00e0 3% par le candidat Hollande a \u00e9t\u00e9 ramen\u00e9e \u00e0 2,7% par le pr\u00e9sident, alors que 4% serait un minimum pour assurer un maintien des structures.<\/p>\n<p>La situation budg\u00e9taire des h\u00f4pitaux et des structures m\u00e9dico-sociales va rester dans le rouge donc la d\u00e9gradation des services et les suppressions de poste se poursuivront au d\u00e9triment du personnel et de la population.<\/p>\n<p>Il n\u2019est question que d\u2019am\u00e9nagement des lois vot\u00e9es par le pr\u00e9c\u00e9dent gouvernement alors qu\u2019il en faudrait l\u2019abrogation, les Agences R\u00e9gionales de Sant\u00e9 qui n\u2019ont aucun caract\u00e8re d\u00e9mocratique ne sont pas remises en cause et un moratoire global sur les restructurations si pr\u00e9judiciables aux h\u00f4pitaux, maternit\u00e9s et centres IVG a \u00e9t\u00e9 refus\u00e9. Rien n\u2019est pr\u00e9vu concernant l\u2019installation des nouveaux professionnels de sant\u00e9, ou sur les franchises m\u00e9dicales. Il s\u2019agit toujours de diminuer les d\u00e9penses et d\u2019augmenter les cotisations sur les retraites et les salaires.<\/p>\n<p>Il est urgent de nous faire entendre : toutes et tous ensemble, usag\u00e8res et usagers, citoyennes et citoyens, habitantes et habitants, personnel, associations, syndicats, forces politiques, manifestons pour la d\u00e9fense des structures publiques de la Sant\u00e9, pour la S\u00e9curit\u00e9 Sociale, pour obtenir l\u2019acc\u00e8s \u00e0 des soins de qualit\u00e9 et de proximit\u00e9 pour tous et toutes, partout ! Manifestation nationale le 6 octobre \u00e0 Paris Rassemblement d\u00e8s 12h30 Place de l\u2019Observatoire, M\u00b0 Port Royal Manifestation<br \/>\nd\u00e9part 14h vers Matignon, 75007-<\/h3>\n<gcse:search><\/gcse:search>","protected":false},"excerpt":{"rendered":"<p>\u00a0\u00ab\u00a0Pour notre Sant\u00e9, le changement c\u2019est urgent ! \u00a0\u00bb &#8211; Manifestation nationale samedi 6 octobre Une soci\u00e9t\u00e9 en souffrance. L&rsquo;appel des Alternatifs Nos soci\u00e9t\u00e9s sont en crise : crise \u00e9conomique, crise \u00e9cologique, crise d\u00e9mocratique, auxquelles il faut ajouter UNE CRISE SANITAIRE. \u2022 Pr\u00e8s d\u2019un tiers de la population renonce \u00e0 des soins en raison de [&hellip;]<\/p>\n","protected":false},"author":1,"featured_media":0,"comment_status":"open","ping_status":"closed","sticky":false,"template":"","format":"standard","meta":{"footnotes":""},"categories":[21,164,180,193],"tags":[],"class_list":["post-6191","post","type-post","status-publish","format-standard","hentry","category-les-alters-dans-les-luttes","category-sante","category-services-publics-2","category-social"],"_links":{"self":[{"href":"https:\/\/alternatifs81.fr\/index.php?rest_route=\/wp\/v2\/posts\/6191","targetHints":{"allow":["GET"]}}],"collection":[{"href":"https:\/\/alternatifs81.fr\/index.php?rest_route=\/wp\/v2\/posts"}],"about":[{"href":"https:\/\/alternatifs81.fr\/index.php?rest_route=\/wp\/v2\/types\/post"}],"author":[{"embeddable":true,"href":"https:\/\/alternatifs81.fr\/index.php?rest_route=\/wp\/v2\/users\/1"}],"replies":[{"embeddable":true,"href":"https:\/\/alternatifs81.fr\/index.php?rest_route=%2Fwp%2Fv2%2Fcomments&post=6191"}],"version-history":[{"count":0,"href":"https:\/\/alternatifs81.fr\/index.php?rest_route=\/wp\/v2\/posts\/6191\/revisions"}],"wp:attachment":[{"href":"https:\/\/alternatifs81.fr\/index.php?rest_route=%2Fwp%2Fv2%2Fmedia&parent=6191"}],"wp:term":[{"taxonomy":"category","embeddable":true,"href":"https:\/\/alternatifs81.fr\/index.php?rest_route=%2Fwp%2Fv2%2Fcategories&post=6191"},{"taxonomy":"post_tag","embeddable":true,"href":"https:\/\/alternatifs81.fr\/index.php?rest_route=%2Fwp%2Fv2%2Ftags&post=6191"}],"curies":[{"name":"wp","href":"https:\/\/api.w.org\/{rel}","templated":true}]}}