{"id":6183,"date":"2012-10-01T13:41:08","date_gmt":"2012-10-01T12:41:08","guid":{"rendered":"http:\/\/alternatifs81.fr\/?p=6183"},"modified":"2012-10-01T17:08:21","modified_gmt":"2012-10-01T16:08:21","slug":"une-europe-solidaire-ecologique-et-democratique-est-possible-appel-unitaire","status":"publish","type":"post","link":"https:\/\/alternatifs81.fr\/?p=6183","title":{"rendered":"Une Europe solidaire, \u00e9cologique et d\u00e9mocratique est possible ! Appel unitaire national"},"content":{"rendered":"<p><strong>Le succ\u00e8s de la manifestation unitaire de Paris montre une mobilisation en forte progression dans l\u2019ensemble du pays. L\u2019Assembl\u00e9e nationale doit se prononcer sur la ratification du trait\u00e9 le mardi 9 octobre. Malgr\u00e9 ce calendrier parlementaire \u00e0 marche forc\u00e9e, nous ne l\u00e2cherons rien. <\/strong><br \/>\n<strong><br \/>\n<\/strong><strong>Mobilisations d\u00e9centralis\u00e9es <\/strong><br \/>\n<strong><br \/>\n<\/strong><strong>Nous nous engageons \u00e0 continuer ensemble la mobilisation \u201cpour une Europe Solidaire et contre le Trait\u00e9 d\u2019aust\u00e9rit\u00e9\u201d, et pour d\u00e9montrer l\u2019ill\u00e9gitimit\u00e9 des dettes que les peuples sont contraints de payer. Nous appelons d\u2019ores et d\u00e9j\u00e0 \u00e0 un grand week-end d\u2019initiatives d\u00e9centralis\u00e9es, dans toutes les villes de France les 6-7 octobre pour rappeler au Pr\u00e9sident de la R\u00e9publique, \u00e0 son gouvernement et aux<!--more-->\u00a0\u00e9lus parlementaires qu\u2019ils doivent \u00e9couter les citoyens. <\/strong><br \/>\n<strong><br \/>\n<\/strong><strong>Meeting europ\u00e9en <\/strong><br \/>\n<strong><br \/>\n<\/strong><strong>Le 8 octobre nous d\u00e9montrerons \u00e0 nouveau que notre mouvement d\u00e9passe nos fronti\u00e8res avec un grand meeting europ\u00e9en \u00e0 Paris. Il r\u00e9unira des personnalit\u00e9s syndicales, associatives et politiques europ\u00e9ennes repr\u00e9sentatives des luttes actuelles contre les politiques de la Tro\u00efka et engag\u00e9es dans la construction d\u2019un Alter Summit, pour une Europe solidaire (sommet alternatif europ\u00e9en pr\u00e9vu au printemps 2013 en Gr\u00e8ce). <\/strong><br \/>\n<a name=\"more\"><\/a><br \/>\n<strong><br \/>\n<\/strong><strong>Tout ne fait que commencer : Le trait\u00e9 ne doit pas passer ! Une Europe solidaire, \u00e9cologique et d\u00e9mocratique est possible ! <\/strong><br \/>\n<strong><br \/>\n<\/strong><strong>Signataires : Act-up Paris, Aitec-IPAM, AC !, ANECR, Attac, A gauche par l\u2019exemple, CADAC, CADTM, Cedetim-IPAM, Convergence services publics, CFF (SPUCE CFDT), CGT-Cheminots, CGT Finances, CGT Educ\u2019action, CGT Equipement-environnement, CGT Livres (Filpac), CGT Personnels des Organismes Sociaux, CGT-FSA, CGT UGFF, URIF CGT, CNDF, D\u00e9mocratie R\u00e9elle Maintenant ! Paris, DIDF, Collectif des Associations Citoyennes, Les \u00c9conomistes Atterr\u00e9s, F\u00e9d\u00e9ration Droit au Logement, Fondation Copernic, Front de gauche &#8211; Parti communiste fran\u00e7ais &#8211; Parti de gauche &#8211; Gauche unitaire &#8211; FASE &#8211; R\u00e9publique et Socialisme &#8211; PCOF &#8211; Convergences et Alternative &#8211; Gauche anticapitaliste, Femmes Egalit\u00e9, FSU-\u00cele de France, EPA\/FSU, SNAC-FSU, SNASUB-FSU, SNESUP-FSU, SNETAP-FSU, SNUAS FP FSU, SNU P\u00f4le Emploi FSU, SNUITAM FSU, SNUTEFI FSU, SNUCLIAS FSU, EE (Ecole Emancip\u00e9e) FSU, Jeunes Communistes, Les Alternatifs, Les efFRONT\u00e9-e-s, Marche Mondiale des Femmes France, M\u00e9moire des luttes, M\u2019PEP, Marches Europ\u00e9ennes, NPA, Osez le f\u00e9minisme, Parti F\u00e9d\u00e9raliste Europ\u00e9en, Parti pour la d\u00e9croissance, R\u00e9seau \u00c9ducation Populaire, R\u00e9sistance Sociale, Solidaires Finances Publiques, Solidaires Douanes, Sud BPCE, Transform !, Union Syndicale de la Psychiatrie, Union syndicale Solidaires, UFAL, Utopia. <\/strong><br \/>\n<strong><br \/>\n<\/strong><strong>Soutiens europ\u00e9ens : Corporate Europe Observatory, Movimiento 15M, Parti de la Gauche Europ\u00e9enne, R\u00e9seau des Attac d\u2019Europe, Transnational Institute <\/strong><br \/>\n<strong><br \/>\n<\/strong><strong>LES PROMESSES NON TENUES DU PR\u00c9SIDENT HOLLANDE SUR LE PACTE BUDG\u00c9TAIRE EUROP\u00c9EN <\/strong><br \/>\n<strong><br \/>\n<\/strong><strong>\u00c9CONOMIQUEMENT ABSURDE <\/strong><br \/>\n<strong><br \/>\n<\/strong><strong>En imposant l\u2019obligation d\u2019\u00e9quilibre budg\u00e9taire permanent, il va obliger \u00e0 des coupes drastiques dans les d\u00e9penses publiques. Dans le contexte actuel, couper dans les d\u00e9penses publiques ne fera qu\u2019accentuer la r\u00e9cession, aggraver le ch\u00f4mage et les d\u00e9ficits. En plus de cela, le Pacte budg\u00e9taire prive la puissance publique de moyens indispensables pour mener des politiques permettant d\u2019engager la transition sociale et \u00e9cologique. <\/strong><br \/>\n<strong><br \/>\n<\/strong><strong>SOCIALEMENT INSUPPORTABLE <\/strong><br \/>\n<strong><br \/>\n<\/strong><strong>Les \u00ab programmes d\u2019ajustement structurel \u00bb aujourd\u2019hui impos\u00e9s \u00e0 la Gr\u00e8ce et aux autres pays en difficult\u00e9 r\u00e9duisent les protections, accroissent les in\u00e9galit\u00e9s et touchent les populations les plus pr\u00e9caires &#8211; femmes, jeunes, ouvriers, immigr\u00e9-es. Loin d\u2019\u00e9viter aux pays du Nord de l\u2019Europe de subir le sort de ceux du Sud, ce Pacte entra\u00eene toute l\u2019Union dans une spirale d\u00e9pressive qui risque de g\u00e9n\u00e9raliser la pauvret\u00e9. <\/strong><br \/>\n<strong><br \/>\n<\/strong><strong>IL MENACE LA D\u00c9MOCRATIE <\/strong><br \/>\n<strong><br \/>\n<\/strong><strong>Le Pacte budg\u00e9taire pr\u00e9voit des sanctions quasi automatiques en cas de non-respect. Il marginalise les Parlements nationaux et europ\u00e9en, et fait de la Commission et de la Cour europ\u00e9enne de justice, organismes non \u00e9lus, les juges des budgets nationaux, niant ainsi la souverainet\u00e9 populaire. Le refus de la France de ratifier ce trait\u00e9 serait un signal fort envoy\u00e9 aux autres peuples europ\u00e9ens afin d\u2019ouvrir le d\u00e9bat sur la construction d\u2019une autre Europe. <\/strong><br \/>\n<strong><br \/>\n<\/strong><strong>Informez-vous ! Documents, vid\u00e9os, visuels, informations sur les \u00e9v\u00e8nements pr\u00e9vus, r\u00e9unions, meetings ainsi que sur la manifestation unitaire sont disponible sur le site du collectif http:\/\/www.stopausterite.or<\/strong><strong>g<\/strong><\/p>\n<div id=\"post-body-4370573294572246176\" style=\"text-align: justify;\">\n<p><strong>Interpellez vos d\u00e9put\u00e9s ! Une lettre ouverte et un formulaire en ligne sont disponibles pour interpeller vos d\u00e9put\u00e9s. L\u2019objectif : mettre la pression sur les parlementaires de la majorit\u00e9 pr\u00e9sidentielle<\/strong><\/p>\n<\/div>\n<gcse:search><\/gcse:search>","protected":false},"excerpt":{"rendered":"<p>Le succ\u00e8s de la manifestation unitaire de Paris montre une mobilisation en forte progression dans l\u2019ensemble du pays. L\u2019Assembl\u00e9e nationale doit se prononcer sur la ratification du trait\u00e9 le mardi 9 octobre. Malgr\u00e9 ce calendrier parlementaire \u00e0 marche forc\u00e9e, nous ne l\u00e2cherons rien. Mobilisations d\u00e9centralis\u00e9es Nous nous engageons \u00e0 continuer ensemble la mobilisation \u201cpour une [&hellip;]<\/p>\n","protected":false},"author":1,"featured_media":0,"comment_status":"open","ping_status":"closed","sticky":false,"template":"","format":"standard","meta":{"footnotes":""},"categories":[21,232],"tags":[],"class_list":["post-6183","post","type-post","status-publish","format-standard","hentry","category-les-alters-dans-les-luttes","category-notre-economie-et-la-leur"],"_links":{"self":[{"href":"https:\/\/alternatifs81.fr\/index.php?rest_route=\/wp\/v2\/posts\/6183","targetHints":{"allow":["GET"]}}],"collection":[{"href":"https:\/\/alternatifs81.fr\/index.php?rest_route=\/wp\/v2\/posts"}],"about":[{"href":"https:\/\/alternatifs81.fr\/index.php?rest_route=\/wp\/v2\/types\/post"}],"author":[{"embeddable":true,"href":"https:\/\/alternatifs81.fr\/index.php?rest_route=\/wp\/v2\/users\/1"}],"replies":[{"embeddable":true,"href":"https:\/\/alternatifs81.fr\/index.php?rest_route=%2Fwp%2Fv2%2Fcomments&post=6183"}],"version-history":[{"count":0,"href":"https:\/\/alternatifs81.fr\/index.php?rest_route=\/wp\/v2\/posts\/6183\/revisions"}],"wp:attachment":[{"href":"https:\/\/alternatifs81.fr\/index.php?rest_route=%2Fwp%2Fv2%2Fmedia&parent=6183"}],"wp:term":[{"taxonomy":"category","embeddable":true,"href":"https:\/\/alternatifs81.fr\/index.php?rest_route=%2Fwp%2Fv2%2Fcategories&post=6183"},{"taxonomy":"post_tag","embeddable":true,"href":"https:\/\/alternatifs81.fr\/index.php?rest_route=%2Fwp%2Fv2%2Ftags&post=6183"}],"curies":[{"name":"wp","href":"https:\/\/api.w.org\/{rel}","templated":true}]}}