{"id":6156,"date":"2012-09-26T12:09:45","date_gmt":"2012-09-26T11:09:45","guid":{"rendered":"http:\/\/alternatifs81.fr\/?p=6156"},"modified":"2012-11-04T01:37:22","modified_gmt":"2012-11-04T00:37:22","slug":"intervention-des-alternatifs-81-lors-de-la-reunion-publique-contre-le-tscg-mardi-25-septembre-a-castres","status":"publish","type":"post","link":"https:\/\/alternatifs81.fr\/?p=6156","title":{"rendered":"Intervention des Alternatifs 81 lors de la r\u00e9union publique contre le TSCG, mardi 25 septembre \u00e0 CASTRES"},"content":{"rendered":"<h3 style=\"text-align: justify;\">Bonsoir<\/h3>\n<h3 style=\"text-align: justify;\"><a href=\"http:\/\/alternatifs81.fr\/wp-content\/uploads\/sans-titre17.png\" rel=\"lightbox[6156]\"><img loading=\"lazy\" decoding=\"async\" class=\"alignleft size-full wp-image-6157\" style=\"margin: 8px;\" title=\"sans-titre\" src=\"http:\/\/alternatifs81.fr\/wp-content\/uploads\/sans-titre17.png\" alt=\"\" width=\"100\" height=\"186\" \/><\/a><em><span style=\"color: #0000ff;\">Les Alternatifs sont pleinement partie prenante de cette mobilisation, m\u00eame si localement, nous avons \u00e9t\u00e9 quelque peu discrets ces derniers temps, mobilis\u00e9s en priorit\u00e9 sur la r\u00e9ussite de la r\u00e9union de GRAULHET de samedi.<\/span><\/em><\/h3>\n<h3 style=\"text-align: justify;\">Nous ne sommes\u00a0 pas de celles ni de ceux qui sont d\u00e9\u00e7u-e-s par les premiers mois du nouveau pouvoir. Nous avions alert\u00e9 au moment des campagnes l\u00e9gislatives et pr\u00e9sidentielles. \u00a0<\/h3>\n<h3 style=\"text-align: justify;\">Nous refusons la ratification du Trait\u00e9 europ\u00e9en d\u2019aust\u00e9rit\u00e9 (TSCG), recul majeur par rapport aux engagements du candidat Hollande, et dont le contenu vise \u00e0 emp\u00eacher toute politique de gauche.<\/h3>\n<h3 style=\"text-align: justify;\">Nous devons tout faire pour que les citoyen-ne-s soient inform\u00e9-e-s et consult\u00e9-e-s. Les Alternatifs pr\u00e9f\u00e8rent les formes de d\u00e9mocratie active (dont la d\u00e9mocratie directe) \u00e0 la d\u00e9mocratie d\u00e9l\u00e9gataire. C\u2019est une des raisons pour lesquelles nous appelons \u00e0 un R\u00e9f\u00e9rendum sur cette question.<\/h3>\n<h3 style=\"text-align: justify;\">\u00a0Partout la mobilisation la plus large est engag\u00e9e pour combattre ce d\u00e9ni de d\u00e9mocratie et de souverainet\u00e9 populaire, pour expliquer encore les enjeux sociaux de cette capitulation politique.<!--more--><\/h3>\n<h3 style=\"text-align: justify;\">C\u2019est un premier pas<\/h3>\n<h3 style=\"text-align: justify;\">La crise non seulement continue mais elle s\u2019aggrave.<\/h3>\n<h3 style=\"text-align: justify;\">Elle empire chaque jour.<\/h3>\n<h3 style=\"text-align: justify;\">Il n\u2019y a pas de sortie du capitalisme\u00a0: ce syst\u00e8me est en crise terminale.<\/h3>\n<h3 style=\"text-align: justify;\">On voit<\/h3>\n<h3 style=\"text-align: justify;\">comment les gouvernements (TOUS, ceux d\u2019aujourd\u2019hui comme ceux d\u2019hier) ne savent que faire,<\/h3>\n<h3 style=\"text-align: justify;\">comment ils mentent chaque jour (eux et leurs moyens de d\u00e9sinformation) en nous disant que dans quelques mois, quelques ann\u00e9es, nous verrons comment \u00e7a va changer. Mais la seule chose que nous avons, voyons et verrons, c\u2019est comment s\u2019enfoncent nos conditions de vie parce que c\u2019est l\u2019immense majorit\u00e9 qui paie les cons\u00e9quences. Nos vies se d\u00e9t\u00e9riorent. Nous perdons les conqu\u00eates sociales qui nous co\u00fbt\u00e8rent tant de temps et de luttes.<\/h3>\n<h3 style=\"text-align: justify;\">Ce pacte europ\u00e9en, en durcissant encore les r\u00e8gles qui encadrent les budgets publics des \u00c9tats, franchit une \u00e9tape majeure dans la mise en place impos\u00e9e d\u2019une aust\u00e9rit\u00e9 permanente. Or d\u00e9j\u00e0, les plans d\u2019aust\u00e9rit\u00e9 appliqu\u00e9s dans les pays europ\u00e9ens ont des cons\u00e9quences tr\u00e8s n\u00e9gatives sur les populations et, en touchant plus durement les plus pr\u00e9caires, et d\u2019abord parmi ceux-ci, les femmes, accroissent encore les in\u00e9galit\u00e9s.<\/h3>\n<h3 style=\"text-align: justify;\">L\u2019aust\u00e9rit\u00e9 est non seulement inacceptable sur le plan social, mais elle ne permet pas de sortir de la crise : les revenus des m\u00e9nages stagnent ou baissent. Leur consommation avec. Il en est de m\u00eame pour les investissements des entreprises; l\u2019activit\u00e9 \u00e9conomique ralentit, entra\u00eenant une baisse des recettes fiscales, d\u2019o\u00f9 des difficult\u00e9s suppl\u00e9mentaires pour diminuer le d\u00e9ficit public, \u00e0 l\u2019oppos\u00e9 du but vis\u00e9. Les \u00c9tats empruntent alors aux march\u00e9s financiers, ce qui accro\u00eet l\u2019endettement et sert de pr\u00e9texte \u00e0 ces march\u00e9s pour exiger un nouveau tour de vis.<\/h3>\n<h3 style=\"text-align: justify;\">Nous sommes chaque jour plus nombreux \u00e0 lutter contre les effets de la crise. Mais on ne nous \u00e9coute pas; le pouvoir ne nous \u00e9coute pas, ni ne nous \u00e9coutera. Il est l\u2019esclave du Capital, \u00ab le Conseil d\u2019Administration de la bourgeoise \u00bb disaient Marx et Engels. Aussi est-il n\u00e9cessaire que les mouvements sociaux qui affrontent la crise introduisent dans nos discours et propositions, dans notre pratique, la R\u00e9volution sociale comme objectif imm\u00e9diat et in\u00e9luctable.<\/h3>\n<h3 style=\"text-align: justify;\">\u00a0<\/h3>\n<h3 style=\"text-align: justify;\">La transition \u00e9cologique et sociale ne peut en aucun cas passer par l&rsquo;aust\u00e9rit\u00e9 et la r\u00e9duction des acquis sociaux,<\/h3>\n<h3 style=\"text-align: justify;\">La r\u00e9partition des richesses ne peut attendre une improbable et destructrice croissance du PIB.<\/h3>\n<h3 style=\"text-align: justify;\">Il y a urgence !<\/h3>\n<h3 style=\"text-align: justify;\">Comment mener la transition \u00e9cologique (et parvenir \u00e0 60% de r\u00e9duction des gaz \u00e0 effet de serre en 2040) en se contentant de \u00ab r\u00e9guler \u00bb le march\u00e9 europ\u00e9en des quotas carbone, en poursuivant les grands projets inutiles et impos\u00e9s, ou en laissant les choix d\u2019int\u00e9r\u00eat g\u00e9n\u00e9ral aux mains des multinationales de l&rsquo;agro-business, de l&rsquo;eau et de l\u2019\u00e9nergie ?<\/h3>\n<h3 style=\"text-align: justify;\">Une v\u00e9ritable politique d&rsquo;\u00e9cologie sociale a, besoin d&rsquo;une intervention publique d\u00e9termin\u00e9e et d&rsquo;investissements forts, de services publics de l&rsquo;eau, du rail et de l&rsquo;\u00e9nergie renforc\u00e9s ! Or ces propositions deviendraient impossibles \u00e0 mettre en \u0153uvre dans le cadre du TSCG qui impose la limitation des d\u00e9penses publiques.<\/h3>\n<h3 style=\"text-align: justify;\">Or, ces d\u00e9penses, d\u00e8s lors qu&rsquo;elles sont r\u00e9alis\u00e9es au nom de l&rsquo;int\u00e9r\u00eat g\u00e9n\u00e9ral, devraient \u00eatre consid\u00e9r\u00e9es comme des investissements : parce que nous n&rsquo;avons pas de plan\u00e8te de rechange, la \u00ab solidarit\u00e9 \u00bb avec les g\u00e9n\u00e9rations futures r\u00e9side en r\u00e9alit\u00e9 dans des investissements publics forts au service de la bifurcation \u00e9cologique de la soci\u00e9t\u00e9.<\/h3>\n<h3 style=\"text-align: justify;\">La relocalisation de l&rsquo;activit\u00e9, la reconversion industrielle, le maintien des emplois et la cr\u00e9ation de nouveaux, le plus grand gisement de \u00ab redressement productif \u00bb enfin, passe aujourd&rsquo;hui par la transition \u00e9nerg\u00e9tique et la r\u00e9volution \u00e9cologique de notre soci\u00e9t\u00e9. Elle est incompatible avec l&rsquo;aust\u00e9rit\u00e9 qu&rsquo;implique le TSCG.<\/h3>\n<h3 style=\"text-align: justify;\">\u00a0<\/h3>\n<h3 style=\"text-align: justify;\">La riposte est d\u2019abord la d\u00e9fense de l\u2019emploi et des droits sociaux, le combat pour l\u2019\u00e9radication du ch\u00f4mage et de la pr\u00e9carit\u00e9, en particulier par la r\u00e9duction du temps de travail.<\/h3>\n<h3 style=\"text-align: justify;\">Cette riposte doit tout autant prendre en compte les reconversions n\u00e9cessaires pour maintenir les activit\u00e9s productives dans une nouvelle logique \u00e9cologique, durable, socialement utile et dans une d\u00e9marche coop\u00e9rative et autogestionnaire.<\/h3>\n<h3 style=\"text-align: justify;\">Rien de d\u00e9cisif ne sera gagn\u00e9 sans une mobilisation sociale massive, sans une d\u00e9mocratie active et l\u2019auto-organisation des luttes pour construire l\u2019unit\u00e9 la plus large et faire reculer la r\u00e9signation, sans ouvrir, maintenant, des br\u00e8ches dans un syst\u00e8me de domination capitaliste, productiviste, autoritaire, et ainsi prouver que \u00abc\u2019est possible\u00bb.<\/h3>\n<h3 style=\"text-align: justify;\">Rien de d\u00e9cisif ne sera gagn\u00e9 sans l\u2019appropriation sociale, pour l\u2019\u00e9mancipation des salari\u00e9-e-s, l\u2019intervention des usager-e-s et consommateurs\/trices, et la r\u00e9orientation de l\u2019\u00e9conomie.<\/h3>\n<h3 style=\"text-align: justify;\">Les peuples grecs, italiens, espagnols, portugais, irlandais sont frapp\u00e9s de plein fouet par les plans d\u2019aust\u00e9rit\u00e9 exig\u00e9s par la \u00ab tro\u00efka \u00bb europ\u00e9enne (BCE, FMI et Commission Europ\u00e9enne). La lutte contre cet adversaire comme contre les menaces fascistes, nationalistes et x\u00e9nophobes est \u00e0 l\u2019ordre du jour \u00e0 l\u2019\u00e9chelle de tout le continent..<\/h3>\n<h3 style=\"text-align: justify;\">Les Alternatifs appellent \u00e0 assurer le succ\u00e8s de la grande manifestation unitaire contre le TSCG : la r\u00e9sistance et l\u2019alternative, ce sera dans la rue le 30 septembre !<\/h3>\n<h3 style=\"text-align: justify;\">\u00a0<\/h3>\n<h3 style=\"text-align: justify;\">\u00a0<\/h3>\n<h3 style=\"text-align: justify;\">Nous vous proposons ci-dessous quelques \u00e9l\u00e9ments du programme \u00e9tabli par nos amis de la Mancha ainsi que la conclusion de l\u2019article.<\/h3>\n<h3 style=\"text-align: justify;\">[\u2026] un programme social qui inclut \u2013 a minima &#8211; :<\/h3>\n<h3 style=\"text-align: justify;\">&#8211; on ne doit payer aucune dette [\u2026] ;<\/h3>\n<h3 style=\"text-align: justify;\">&#8211; R\u00e9partir travail et richesse, pour arriver au plein emploi et \u00e0 la satisfaction des besoins des gens. [\u2026] ;<\/h3>\n<h3 style=\"text-align: justify;\">&#8211; Face aux fermetures et aux licenciements : occupation et autogestion par les travailleurs. [\u2026] ;<\/h3>\n<h3 style=\"text-align: justify;\">&#8211; Tous les services publics doivent appartenir aux travailleurs et aux communaut\u00e9s qui les utilisent. [\u2026] ;<\/h3>\n<h3 style=\"text-align: justify;\">&#8211; Annulation de toutes les hypoth\u00e8ques et loyers ;<\/h3>\n<h3 style=\"text-align: justify;\">&#8211; Collectivisation et socialisation de toutes les terres et industries agroalimentaires. [\u2026];<\/h3>\n<h3 style=\"text-align: justify;\">&#8211; Appropriation sociale de la production \u00e9nerg\u00e9tique, [\u2026] ;<\/h3>\n<h3 style=\"text-align: justify;\">&#8211; Gratuit\u00e9 et socialisation des transports publics [\u2026] ;<\/h3>\n<h3 style=\"text-align: justify;\">&#8211; Contr\u00f4le total par les communaut\u00e9s locales de la formation et des emplois dans le domaine des \u00e9cosyst\u00e8mes et de leur conservation. [\u2026] ;<\/h3>\n<h3 style=\"text-align: justify;\">&#8211; Appropriation par le peuple et les mouvements sociaux de tous les moyens d\u2019information qui sont aujourd\u2019hui au service du pouvoir ;<\/h3>\n<h3 style=\"text-align: justify;\">&#8211; Enfin un mod\u00e8le de production bas\u00e9 sur les besoins r\u00e9els des gens et non du capital.<\/h3>\n<h3 style=\"text-align: justify;\">\u00a0<\/h3>\n<h3 style=\"text-align: justify;\">Les mouvements sociaux, de plus, doivent tenir compte de l\u2019\u00e9chelle mondiale. Ils doivent se d\u00e9velopper selon une solidarit\u00e9 internationales car la crise est mondiale et globale : elle se manifeste, quoique sous des formes distinctes, partout sur la plan\u00e8te. Aussi la sortie sous forme de R\u00e9volution sociale doit se d\u00e9velopper \u00e0 l\u2019\u00e9chelle mondiale.<\/h3>\n<h3 style=\"text-align: justify;\">Les militants Rouge et Vert des Alternatifs lutteront pour impulser ces mesures<\/h3>\n<h3 style=\"text-align: justify;\">. Nous continuerons \u00e0 participer, sans souci d\u2019h\u00e9g\u00e9monie (comme nous l\u2019avons fait jusqu\u2019\u00e0 pr\u00e9sent) \u00e0 tous les mouvements sociaux qui luttent contre la crise. Nous impulserons des formes de lutte directe, de r\u00e9sistance et de d\u00e9sob\u00e9issance civile<\/h3>\n<p><strong>.<\/strong><\/p>\n<h3><span style=\"color: #808000;\">Seule la R\u00e9volution sociale nous sortira de la crise !<\/span><\/h3>\n<h3><span style=\"color: #008000;\">Organise-toi et lutte !<\/span><\/h3>\n<h2>\u00ab\u00a0nous ne sommes pas de ce bois dont on fait les condamn\u00e9s<\/h2>\n<p><em><strong>Ne soyons plus marionnette, ni poup\u00e9e, ni petit soldat..\u00a0\u00bb<\/strong><\/em><strong><\/strong><\/p>\n<p>HK et les Saltimbanks<\/p>\n<gcse:search><\/gcse:search>","protected":false},"excerpt":{"rendered":"<p>Bonsoir Les Alternatifs sont pleinement partie prenante de cette mobilisation, m\u00eame si localement, nous avons \u00e9t\u00e9 quelque peu discrets ces derniers temps, mobilis\u00e9s en priorit\u00e9 sur la r\u00e9ussite de la r\u00e9union de GRAULHET de samedi. Nous ne sommes\u00a0 pas de celles ni de ceux qui sont d\u00e9\u00e7u-e-s par les premiers mois du nouveau pouvoir. Nous [&hellip;]<\/p>\n","protected":false},"author":1,"featured_media":0,"comment_status":"open","ping_status":"closed","sticky":false,"template":"","format":"standard","meta":{"footnotes":""},"categories":[275,15,125,149,21,232],"tags":[23],"class_list":["post-6156","post","type-post","status-publish","format-standard","hentry","category-a-gauche-toute","category-autogestion","category-ecologie","category-feminisme","category-les-alters-dans-les-luttes","category-notre-economie-et-la-leur","tag-luttes"],"_links":{"self":[{"href":"https:\/\/alternatifs81.fr\/index.php?rest_route=\/wp\/v2\/posts\/6156","targetHints":{"allow":["GET"]}}],"collection":[{"href":"https:\/\/alternatifs81.fr\/index.php?rest_route=\/wp\/v2\/posts"}],"about":[{"href":"https:\/\/alternatifs81.fr\/index.php?rest_route=\/wp\/v2\/types\/post"}],"author":[{"embeddable":true,"href":"https:\/\/alternatifs81.fr\/index.php?rest_route=\/wp\/v2\/users\/1"}],"replies":[{"embeddable":true,"href":"https:\/\/alternatifs81.fr\/index.php?rest_route=%2Fwp%2Fv2%2Fcomments&post=6156"}],"version-history":[{"count":0,"href":"https:\/\/alternatifs81.fr\/index.php?rest_route=\/wp\/v2\/posts\/6156\/revisions"}],"wp:attachment":[{"href":"https:\/\/alternatifs81.fr\/index.php?rest_route=%2Fwp%2Fv2%2Fmedia&parent=6156"}],"wp:term":[{"taxonomy":"category","embeddable":true,"href":"https:\/\/alternatifs81.fr\/index.php?rest_route=%2Fwp%2Fv2%2Fcategories&post=6156"},{"taxonomy":"post_tag","embeddable":true,"href":"https:\/\/alternatifs81.fr\/index.php?rest_route=%2Fwp%2Fv2%2Ftags&post=6156"}],"curies":[{"name":"wp","href":"https:\/\/api.w.org\/{rel}","templated":true}]}}